{"id":248938,"date":"2023-08-18T15:43:48","date_gmt":"2023-08-18T19:43:48","guid":{"rendered":"https:\/\/www.ocorreionews.com.br\/acervo-correio\/?p=248938"},"modified":"2023-08-18T15:43:48","modified_gmt":"2023-08-18T19:43:48","slug":"executivo-municipal-e-cresol-promovem-evento-de-apoio-aos-pequenos-negocios-do-setor-turistico","status":"publish","type":"post","link":"https:\/\/www.ocorreionews.com.br\/acervo-correio\/?p=248938","title":{"rendered":"Executivo Municipal e CRESOL promovem evento de apoio aos pequenos neg\u00f3cios do setor tur\u00edstico"},"content":{"rendered":"<p>Em uma iniciativa que evidencia o comprometimento da Prefeitura de Chapad\u00e3o do Sul com o crescimento econ\u00f4mico do munic\u00edpio, foi realizado um evento marcante no dia 17 de agosto, com a colabora\u00e7\u00e3o da Cooperativa Cresol e da Associa\u00e7\u00e3o Comercial. O evento teve como objetivo fomentar e apoiar os pequenos neg\u00f3cios locais ligados ao setor tur\u00edstico, com \u00eanfase em empres\u00e1rios atuantes no ramo de hot\u00e9is, lanchonetes, restaurantes e hamburguerias.<\/p>\n<p>A Linha de Cr\u00e9dito Especial para Gastronomia, Hotelaria e Turismo, baseada no Fundo Geral do Turismo (FUNGETUR), foi o destaque do evento, representando uma oportunidade valiosa para os empreendedores locais impulsionarem suas atividades. A Prefeitura Municipal reconhece o papel crucial desses setores para o desenvolvimento econ\u00f4mico do munic\u00edpio e, por meio dessa iniciativa estrat\u00e9gica, busca fornecer o suporte necess\u00e1rio para que esses neg\u00f3cios cres\u00e7am e prosperem.<\/p>\n<p>Na ocasi\u00e3o estiveram presentes a equipe CRESOL juntamente com Silmara Ven\u00e2ncio Manholer &#8211; Gerente da Ag\u00eancia em Chapad\u00e3o do Sul, Julcinei Rissi &#8211; Diretor Comercial da Cresol meio Oeste, Jos\u00e9 Teixeira J\u00fanior &#8211; Secret\u00e1rio da SEDEMA, Marcelo Balem propriet\u00e1rio da Box Burger e diretor da Associa\u00e7\u00e3o Comercial Empresarial.<\/p>\n<p>O evento ocorreu na sala da AGIPEQ (Ag\u00eancia Municipal de Inova\u00e7\u00e3o para Pequenos Neg\u00f3cios), localizada no Pa\u00e7o Municipal e reuniu uma variedade de empres\u00e1rios entusiasmados e interessados em explorar as oportunidades oferecidas pela linha de cr\u00e9dito FUNGETUR. A participa\u00e7\u00e3o ativa de representantes da SEDEMA, da Cooperativa Cresol e da Associa\u00e7\u00e3o Comercial demonstrou o compromisso conjunto em auxiliar os empreendedores a compreender os benef\u00edcios e detalhes da linha de cr\u00e9dito. Al\u00e9m disso, a ocasi\u00e3o tamb\u00e9m trouxe as solu\u00e7\u00f5es financeiras direcionadas \u00e0 inova\u00e7\u00e3o, atrav\u00e9s da parceria com a Finep (Financiadora de Estudos e Projetos).<\/p>\n<p>Empres\u00e1rios do ramo de hot\u00e9is, lanchonetes, restaurantes e hamburguerias marcaram presen\u00e7a em grande n\u00famero, demonstrando seu interesse em expandir seus empreendimentos e contribuir para o crescimento do turismo local. As palestras informativas e as sess\u00f5es de perguntas e respostas proporcionaram um ambiente de aprendizado colaborativo, onde os empres\u00e1rios puderam obter insights valiosos sobre como aproveitar ao m\u00e1ximo essa oportunidade de cr\u00e9dito.<\/p>\n<p>O FUNGETUR se apresenta como um mecanismo de cr\u00e9dito essencial, impulsionando o empreendedorismo e a ind\u00fastria do turismo no munic\u00edpio. Com modalidades como: FUNGETUR Obras Civis, FUNGETUR Bens e FUNGETUR Capital de Giro. Os empres\u00e1rios t\u00eam acesso a uma variedade de op\u00e7\u00f5es de financiamento para projetos de implanta\u00e7\u00e3o, moderniza\u00e7\u00e3o, expans\u00e3o, aquisi\u00e7\u00e3o de equipamentos de \u00faltima gera\u00e7\u00e3o e capital de giro a juros atrativos.<\/p>\n<p>A\u00a0SEDEMA (Secretaria Municipal de Desenvolvimento Econ\u00f4mico e Meio Ambiente), juntamente com seus parceiros, est\u00e1 comprometida em fornecer suporte abrangente aos empres\u00e1rios locais, garantindo que eles tenham as ferramentas necess\u00e1rias para prosperar em um ambiente competitivo. A participa\u00e7\u00e3o entusi\u00e1stica dos empres\u00e1rios do setor tur\u00edstico no evento reflete a confian\u00e7a na capacidade de crescimento e desenvolvimento do munic\u00edpio.<\/p>\n<p>Os empres\u00e1rios que estiveram presentes no evento compartilharam suas expectativas sobre a oportunidade de cr\u00e9dito e expressaram sua gratid\u00e3o pela abordagem proativa da Prefeitura em apoiar o setor.<\/p>\n<p>Durante o evento, O\u00a0Secret\u00e1rio da SEDEMA &#8211;\u00a0Jos\u00e9 Teixeira J\u00fanior, destacou os esfor\u00e7os incans\u00e1veis do Poder Executivo para fomentar o empreendedorismo e a inova\u00e7\u00e3o em Chapad\u00e3o do Sul. &#8220;A Secretaria de Desenvolvimento Econ\u00f4mico e Meio Ambiente tem desempenhado um papel crucial ao liderar projetos e eventos que visam impulsionar o setor de turismo e gastronomia da cidade. Um destaque \u00e9 o &#8220;5\u00ba Festival Gastron\u00f4mico de Chapad\u00e3o do Sul&#8221;, que reuniu mais de 13 mil pessoas, movimentou a economia local e envolveu mais de 35 empreendedores do setor aliment\u00edcio, tanto de forma presencial quanto online, contando com apresenta\u00e7\u00f5es musicais de alcance nacional e regional.&#8221;<\/p>\n<p>Ao oferecer suporte financeiro e orienta\u00e7\u00e3o estrat\u00e9gica, a Prefeitura de Chapad\u00e3o do Sul, em parceria com a Cooperativa Cresol e a Associa\u00e7\u00e3o Comercial, refor\u00e7a seu compromisso de estimular o crescimento sustent\u00e1vel dos pequenos neg\u00f3cios do setor tur\u00edstico. O evento representa um passo significativo em dire\u00e7\u00e3o a um futuro mais pr\u00f3spero e vibrante para o munic\u00edpio.<\/p>\n<p><u><b><strong>Expandindo Horizontes com a Finep<\/strong><\/b><\/u><\/p>\n<p>A parceria com a Finep, ligada ao Minist\u00e9rio da Ci\u00eancia e Tecnologia e Inova\u00e7\u00e3o, proporciona aos cooperados da Cresol a oportunidade de utilizar recursos para desenvolver softwares, processos agr\u00edcolas, solu\u00e7\u00f5es de telecomunica\u00e7\u00f5es e outras inova\u00e7\u00f5es tecnol\u00f3gicas, visando o crescimento dos neg\u00f3cios.<\/p>\n<p>Para mais informa\u00e7\u00f5es sobre futuros eventos e iniciativas da SEDEMA, entre em contato pelo telefone (67) 3562-5672 ou atrav\u00e9s do WhatsApp:\u00a0<a href=\"http:\/\/wa.me\/5567996183431\">http:\/\/wa.me\/5567996183431<\/a>. Acompanhe tamb\u00e9m as redes sociais da Prefeitura de Chapad\u00e3o do Sul e da SEDEMA para ficar por dentro das pr\u00f3ximas oportunidades de capacita\u00e7\u00e3o e desenvolvimento empresarial.<\/p>\n<p>Saiba mais sobre o FUNGETUR clique no link:<\/p>\n<p><a href=\"https:\/\/static.portaldaindustria.com.br\/media\/filer_public\/f5\/57\/f557019b-0183-4bd6-83a7-ec763d1a50e4\/e-book_novo_fungetur_15062023_vf.pdf\">https:\/\/static.portaldaindustria.com.br\/media\/filer_public\/f5\/57\/f557019b-0183-4bd6-83a7-ec763d1a50e4\/e-book_novo_fungetur_15062023_vf.pdf<\/a><\/p>\n","protected":false},"excerpt":{"rendered":"<p>Em uma iniciativa que evidencia o comprometimento da Prefeitura de Chapad\u00e3o do Sul com o crescimento econ\u00f4mico do munic\u00edpio, foi realizado um evento marcante no dia 17 de agosto, com a colabora\u00e7\u00e3o da Cooperativa Cresol e da Associa\u00e7\u00e3o Comercial. O evento teve como objetivo fomentar e apoiar os pequenos neg\u00f3cios locais ligados ao setor tur\u00edstico, [&hellip;]<\/p>\n","protected":false},"author":4,"featured_media":248939,"comment_status":"closed","ping_status":"closed","sticky":false,"template":"","format":"standard","meta":{"footnotes":""},"categories":[23],"tags":[],"class_list":["post-248938","post","type-post","status-publish","format-standard","has-post-thumbnail","hentry","category-chapadao-do-sul"],"_links":{"self":[{"href":"https:\/\/www.ocorreionews.com.br\/acervo-correio\/index.php?rest_route=\/wp\/v2\/posts\/248938","targetHints":{"allow":["GET"]}}],"collection":[{"href":"https:\/\/www.ocorreionews.com.br\/acervo-correio\/index.php?rest_route=\/wp\/v2\/posts"}],"about":[{"href":"https:\/\/www.ocorreionews.com.br\/acervo-correio\/index.php?rest_route=\/wp\/v2\/types\/post"}],"author":[{"embeddable":true,"href":"https:\/\/www.ocorreionews.com.br\/acervo-correio\/index.php?rest_route=\/wp\/v2\/users\/4"}],"replies":[{"embeddable":true,"href":"https:\/\/www.ocorreionews.com.br\/acervo-correio\/index.php?rest_route=%2Fwp%2Fv2%2Fcomments&post=248938"}],"version-history":[{"count":1,"href":"https:\/\/www.ocorreionews.com.br\/acervo-correio\/index.php?rest_route=\/wp\/v2\/posts\/248938\/revisions"}],"predecessor-version":[{"id":248940,"href":"https:\/\/www.ocorreionews.com.br\/acervo-correio\/index.php?rest_route=\/wp\/v2\/posts\/248938\/revisions\/248940"}],"wp:featuredmedia":[{"embeddable":true,"href":"https:\/\/www.ocorreionews.com.br\/acervo-correio\/index.php?rest_route=\/wp\/v2\/media\/248939"}],"wp:attachment":[{"href":"https:\/\/www.ocorreionews.com.br\/acervo-correio\/index.php?rest_route=%2Fwp%2Fv2%2Fmedia&parent=248938"}],"wp:term":[{"taxonomy":"category","embeddable":true,"href":"https:\/\/www.ocorreionews.com.br\/acervo-correio\/index.php?rest_route=%2Fwp%2Fv2%2Fcategories&post=248938"},{"taxonomy":"post_tag","embeddable":true,"href":"https:\/\/www.ocorreionews.com.br\/acervo-correio\/index.php?rest_route=%2Fwp%2Fv2%2Ftags&post=248938"}],"curies":[{"name":"wp","href":"https:\/\/api.w.org\/{rel}","templated":true}]}}