{"id":248943,"date":"2023-08-18T15:53:06","date_gmt":"2023-08-18T19:53:06","guid":{"rendered":"https:\/\/www.ocorreionews.com.br\/acervo-correio\/?p=248943"},"modified":"2023-08-19T10:52:07","modified_gmt":"2023-08-19T14:52:07","slug":"moradora-de-chapadao-do-sul-juliana-paulina-sartori-faleceu-em-campo-grande","status":"publish","type":"post","link":"https:\/\/www.ocorreionews.com.br\/acervo-correio\/?p=248943","title":{"rendered":"Moradora de Chapad\u00e3o do Sul, Juliana Paulina Sartori faleceu em Campo Grande"},"content":{"rendered":"<p>Faleceu a moradora de Chapad\u00e3o do Sul, Juliana Paulina Sartori Eug\u00eanio dos Santos, nesta sexta-feira (18), na cidade de Campo Grande. Ela tinha completado 40 anos na \u00faltima quinta-feira (17). Segundo uma amiga da fam\u00edlia, Juliana passava pela terceira cirurgia card\u00edaca, em Campo Grande (MS) e infelizmente n\u00e3o resistiu e faleceu.<\/p>\n<p>Juliana era filha da cabeleireira e artista Cleuza Francisca Sartori, moradora de Chapad\u00e3o do Sul a aproximadamente 30 anos. Ela deixa o pai, Jos\u00e9 Carlos Sartori, o filho Gabriel, 23 anos e a filha Antonella, de 06 anos.<\/p>\n<p>O corpo de Juliana est\u00e1 sendo transladado para Chapad\u00e3o do Sul, onde dever\u00e1 ser velado no in\u00edcio da noite desta sexta-feira (18) e sepultado deve ocorrer neste s\u00e1bado (19), em hor\u00e1rio a ser definido.<\/p>\n<p><img decoding=\"async\" src=\"https:\/\/scontent-gru1-2.xx.fbcdn.net\/v\/t39.30808-6\/368617179_9943910385679486_6453424965564887272_n.jpg?stp=dst-jpg_p526x296&amp;_nc_cat=103&amp;ccb=1-7&amp;_nc_sid=8bfeb9&amp;_nc_eui2=AeElNatbkuqK2xlyy6RIH8gLfj-1Dncciil-P7UOdxyKKZxxFLzeRtyzV19E2DVAO2i0itFt0kEkLl2pAWBG2XsB&amp;_nc_ohc=iuMGjwejfPkAX_oykm7&amp;_nc_ht=scontent-gru1-2.xx&amp;oh=00_AfDpmnh3-ZYkT6TtCNDC0E6Az7YLJEwmEaNGrJ3Jwkl3IQ&amp;oe=64E5FD4F\" alt=\"Pode ser uma imagem de 1 pessoa, hospital e texto\" \/><\/p>\n<p><em>Fonte: jovemsulnews\u00a0<\/em><\/p>\n","protected":false},"excerpt":{"rendered":"<p>Faleceu a moradora de Chapad\u00e3o do Sul, Juliana Paulina Sartori Eug\u00eanio dos Santos, nesta sexta-feira (18), na cidade de Campo Grande. Ela tinha completado 40 anos na \u00faltima quinta-feira (17). Segundo uma amiga da fam\u00edlia, Juliana passava pela terceira cirurgia card\u00edaca, em Campo Grande (MS) e infelizmente n\u00e3o resistiu e faleceu. Juliana era filha da [&hellip;]<\/p>\n","protected":false},"author":4,"featured_media":248992,"comment_status":"closed","ping_status":"closed","sticky":false,"template":"","format":"standard","meta":{"footnotes":""},"categories":[23],"tags":[],"class_list":["post-248943","post","type-post","status-publish","format-standard","has-post-thumbnail","hentry","category-chapadao-do-sul"],"_links":{"self":[{"href":"https:\/\/www.ocorreionews.com.br\/acervo-correio\/index.php?rest_route=\/wp\/v2\/posts\/248943","targetHints":{"allow":["GET"]}}],"collection":[{"href":"https:\/\/www.ocorreionews.com.br\/acervo-correio\/index.php?rest_route=\/wp\/v2\/posts"}],"about":[{"href":"https:\/\/www.ocorreionews.com.br\/acervo-correio\/index.php?rest_route=\/wp\/v2\/types\/post"}],"author":[{"embeddable":true,"href":"https:\/\/www.ocorreionews.com.br\/acervo-correio\/index.php?rest_route=\/wp\/v2\/users\/4"}],"replies":[{"embeddable":true,"href":"https:\/\/www.ocorreionews.com.br\/acervo-correio\/index.php?rest_route=%2Fwp%2Fv2%2Fcomments&post=248943"}],"version-history":[{"count":5,"href":"https:\/\/www.ocorreionews.com.br\/acervo-correio\/index.php?rest_route=\/wp\/v2\/posts\/248943\/revisions"}],"predecessor-version":[{"id":249007,"href":"https:\/\/www.ocorreionews.com.br\/acervo-correio\/index.php?rest_route=\/wp\/v2\/posts\/248943\/revisions\/249007"}],"wp:featuredmedia":[{"embeddable":true,"href":"https:\/\/www.ocorreionews.com.br\/acervo-correio\/index.php?rest_route=\/wp\/v2\/media\/248992"}],"wp:attachment":[{"href":"https:\/\/www.ocorreionews.com.br\/acervo-correio\/index.php?rest_route=%2Fwp%2Fv2%2Fmedia&parent=248943"}],"wp:term":[{"taxonomy":"category","embeddable":true,"href":"https:\/\/www.ocorreionews.com.br\/acervo-correio\/index.php?rest_route=%2Fwp%2Fv2%2Fcategories&post=248943"},{"taxonomy":"post_tag","embeddable":true,"href":"https:\/\/www.ocorreionews.com.br\/acervo-correio\/index.php?rest_route=%2Fwp%2Fv2%2Ftags&post=248943"}],"curies":[{"name":"wp","href":"https:\/\/api.w.org\/{rel}","templated":true}]}}