{"id":248947,"date":"2023-08-18T16:01:16","date_gmt":"2023-08-18T20:01:16","guid":{"rendered":"https:\/\/www.ocorreionews.com.br\/acervo-correio\/?p=248947"},"modified":"2023-08-18T16:01:16","modified_gmt":"2023-08-18T20:01:16","slug":"pauta-da-proxima-sessao-da-camara-do-dia-21-de-agosto","status":"publish","type":"post","link":"https:\/\/www.ocorreionews.com.br\/acervo-correio\/?p=248947","title":{"rendered":"Pauta da pr\u00f3xima Sess\u00e3o da C\u00e2mara do dia 21 de agosto"},"content":{"rendered":"<p><strong><u>PAUTA PARA A 1426\u00aa SESS\u00c3O ORDIN\u00c1RIA,<\/u><\/strong><\/p>\n<p><strong><u>DA 3\u00aa<\/u><\/strong>\u00a0<strong><u>SESS\u00c3O<\/u><\/strong>\u00a0<strong><u>LEGISLATIVA,<\/u><\/strong><\/p>\n<p><strong><u>DA 9\u00aa LEGISLATURA, A REALIZAR-SE<\/u><\/strong><\/p>\n<p><strong><u>NO DIA 21\/08\/2023 \u2013 SEGUNDA-FEIRA<\/u><\/strong><\/p>\n<p><strong><u>\u00c0s 19h \u2013 C\u00e2mara Municipal<\/u><\/strong><\/p>\n<p><strong><u>EXPEDIENTE DE VEREADORES<\/u><\/strong><\/p>\n<p>&nbsp;<\/p>\n<p><strong>Requerimento n\u00ba 156\/2023 \u2013 Vereador Tucano<\/strong><\/p>\n<p>REQUER-SE \u00e0 Mesa, com observ\u00e2ncia nas disposi\u00e7\u00f5es regimentais, o envio de Expediente ao Prefeito Municipal, Jo\u00e3o Carlos Krug, com c\u00f3pia ao Diretor do DEMUTRAN, Pedro Lopes, solicitando informa\u00e7\u00f5es referentes \u00e0 n\u00e3o instala\u00e7\u00e3o de C\u00e2meras de Seguran\u00e7a na Avenida Onze, especificamente nas esquinas com a Avenida Oito e com a Avenida Seis. Estas localidades s\u00e3o \u00e1reas de intensa movimenta\u00e7\u00e3o, tanto de ve\u00edculos quanto de pedestres. Por essa raz\u00e3o, o monitoramento atrav\u00e9s de c\u00e2meras de seguran\u00e7a \u00e9 essencial para garantir a prote\u00e7\u00e3o dos cidad\u00e3os, a preven\u00e7\u00e3o de crimes e o aux\u00edlio em investiga\u00e7\u00f5es, quando necess\u00e1rio.<\/p>\n<p>Deste modo, este vereador solicita esclarecimentos quanto:<\/p>\n<ul>\n<li>Ao motivo pelo qual n\u00e3o foram instaladas c\u00e2meras nestes locais mencionados?<\/li>\n<li>Existem projetos ou previs\u00f5es para a instala\u00e7\u00e3o de c\u00e2meras nestes pontos?<\/li>\n<li>Caso haja projetos, qual \u00e9 o prazo previsto para a instala\u00e7\u00e3o?<\/li>\n<\/ul>\n<p>&nbsp;<\/p>\n<p><strong>Indica\u00e7\u00e3o n\u00ba 957\/2023 \u2013 Marcelo da Costa<\/strong><\/p>\n<p>INDICA-SE, com observ\u00e2ncia nas disposi\u00e7\u00f5es regimentais, o envio de expediente ao Deputado Estadual Jamilson Name, solicitando o envio de Emenda Parlamentar no valor de R$ 300.000,00 (trezentos mil reais) destinados \u00e0 sa\u00fade de Chapad\u00e3o do Sul.<\/p>\n<p>&nbsp;<\/p>\n<p><strong>Indica\u00e7\u00e3o n\u00ba 958\/2023 \u2013 Professora Almira<\/strong><\/p>\n<p>INDICA-SE, com observ\u00e2ncia nas disposi\u00e7\u00f5es regimentais, o envio de expediente ao Prefeito Municipal Jo\u00e3o Carlos Krug, com c\u00f3pia \u00e0 Secret\u00e1ria de Sa\u00fade, Val\u00e9ria Lopes, solicitando a unifica\u00e7\u00e3o das identifica\u00e7\u00f5es das pessoas com defici\u00eancia no munic\u00edpio, adotando os moldes do Cord\u00e3o de Girassol, de forma que esta identifica\u00e7\u00e3o conte com QR code que contenha todas as informa\u00e7\u00f5es pertinentes.<\/p>\n<p>&nbsp;<\/p>\n<p><strong>Indica\u00e7\u00e3o n\u00ba 959\/2023 \u2013 Marcelo da Costa<\/strong><\/p>\n<p>INDICA-SE, com observ\u00e2ncia nas disposi\u00e7\u00f5es regimentais, o envio de expediente ao Vice-Governador do Estado de Mato Grosso do Sul, Jos\u00e9 Carlos Barbosa, solicitando que busque apoio junto ao Governo Federal, a fim de desenvolver no munic\u00edpio um programa habitacional voltado para as pessoas de baixa renda.<\/p>\n<p>&nbsp;<\/p>\n<p><strong>Indica\u00e7\u00e3o n\u00ba 960\/2023 \u2013 Emerson Sapo<\/strong><\/p>\n<p>INDICA-SE, com observ\u00e2ncia nas disposi\u00e7\u00f5es regimentais, o envio de expediente ao Prefeito Municipal, Jo\u00e3o Carlos Krug, com c\u00f3pia ao Secret\u00e1rio de Obras, Transportes e Servi\u00e7os P\u00fablicos Ivanor Zorzo, solicitando a ro\u00e7agem do terreno p\u00fablico localizado na Rua dos Avestruzes, nas proximidades do Lago de Conten\u00e7\u00e3o de \u00e1guas pluviais.<\/p>\n<p>&nbsp;<\/p>\n<p><strong>Indica\u00e7\u00e3o n\u00ba 961\/2023 \u2013 Professora Almira<\/strong><\/p>\n<p>INDICA-SE, com observ\u00e2ncia nas disposi\u00e7\u00f5es regimentais, o envio de expediente ao Prefeito Municipal Jo\u00e3o Carlos Krug, com c\u00f3pia \u00e0 Secret\u00e1ria de Assist\u00eancia Social, Maria das Dores Zocal Krug, solicitando que seja disponibilizado um espa\u00e7o adequado para sede da Associa\u00e7\u00e3o das Pessoas com Defici\u00eancia.<\/p>\n<p>&nbsp;<\/p>\n<p><strong>Indica\u00e7\u00e3o n\u00ba 962\/2023 \u2013 Professora Almira<\/strong><\/p>\n<p>INDICA-SE, com observ\u00e2ncia nas disposi\u00e7\u00f5es regimentais, o envio de expediente ao Prefeito Municipal Jo\u00e3o Carlos Krug, com c\u00f3pia \u00e0 Secret\u00e1ria de Assist\u00eancia Social, Maria das Dores Zocal Krug, solicitando a aquisi\u00e7\u00e3o de um \u00f4nibus rodovi\u00e1rio que seja destinado a atender igrejas e entidades que necessitem de deslocamento de grupos para congressos, feiras e eventos em geral.<\/p>\n<p>&nbsp;<\/p>\n<p><strong>Indica\u00e7\u00e3o n\u00ba 963\/2023 \u2013 Vanderson Cardoso<\/strong><\/p>\n<p>INDICA-SE, com observ\u00e2ncia nas disposi\u00e7\u00f5es regimentais, o envio de expediente ao Prefeito Municipal Jo\u00e3o Carlos Krug, com c\u00f3pias ao Secret\u00e1rio de Obras, Transportes e Servi\u00e7os P\u00fablicos, Ivanor Zorzo e ao Diretor do DEMUTRAN, Pedro Lopes, solicitando a realiza\u00e7\u00e3o de adequa\u00e7\u00f5es de tr\u00e2nsito nas ruas \u00c1guia Dourada, Par\u00e1, Das Pombas e Rua Maranh\u00e3o, interligando com a Avenida Esp\u00edrito Santo. Esta indica\u00e7\u00e3o visa a implementa\u00e7\u00e3o de sinaliza\u00e7\u00f5es vi\u00e1rias, tanto horizontais quanto verticais, assim como a constru\u00e7\u00e3o de ilhas verdes nas \u00e1reas mencionadas.<\/p>\n<p>&nbsp;<\/p>\n<p><strong>Indica\u00e7\u00e3o n\u00ba 964\/2023 \u2013 Vanderson Cardoso<\/strong><\/p>\n<p>INDICA-SE, com observ\u00e2ncia nas disposi\u00e7\u00f5es regimentais, o envio de expediente ao Prefeito Municipal Jo\u00e3o Carlos Krug, com c\u00f3pia \u00e0 Secret\u00e1ria de Sa\u00fade, Val\u00e9ria Lopes, solicitando a realiza\u00e7\u00e3o de uma amplia\u00e7\u00e3o e reforma geral no Posto de Sa\u00fade do Bairro Flamboyant.<\/p>\n<p>&nbsp;<\/p>\n<p><strong>Indica\u00e7\u00e3o n\u00ba 965\/2023 \u2013 Vanderson Cardoso<\/strong><\/p>\n<p>INDICA-SE, com observ\u00e2ncia nas disposi\u00e7\u00f5es regimentais, o envio de expediente ao Prefeito Municipal Jo\u00e3o Carlos Krug, com c\u00f3pia \u00e0 Secret\u00e1ria de Sa\u00fade, Val\u00e9ria Lopes, solicitando que seja realizada uma reforma e amplia\u00e7\u00e3o no Centro de Especialidades.<\/p>\n<p>&nbsp;<\/p>\n<p><strong>Indica\u00e7\u00e3o n\u00ba 966\/2023 \u2013 Andr\u00e9 dos Anjos<\/strong><\/p>\n<p>INDICA-SE, com observ\u00e2ncia nas disposi\u00e7\u00f5es regimentais, o envio de expediente ao Prefeito Municipal, Jo\u00e3o Carlos Krug, com c\u00f3pia ao Secret\u00e1rio de Educa\u00e7\u00e3o e Cultura, Guerino Perius, solicitando que promovam um projeto de reforma para a Biblioteca Municipal, transformando-a em digital atendendo a tend\u00eancia tecnol\u00f3gica. Solicito ainda, que sejam feitos investimentos em novos acervos e qualifica\u00e7\u00e3o dos funcion\u00e1rios. Refor\u00e7ando a Indica\u00e7\u00e3o de n\u00ba 443\/2022 de autoria deste Vereador.<\/p>\n<p>&nbsp;<\/p>\n<p><strong>Indica\u00e7\u00e3o n\u00ba 967\/2023 \u2013 Andr\u00e9 dos Anjos<\/strong><\/p>\n<p>INDICA-SE, com observ\u00e2ncia nas disposi\u00e7\u00f5es regimentais, o envio de expediente ao Prefeito Municipal, Jo\u00e3o Carlos Krug, com c\u00f3pia ao Secret\u00e1rio de Esportes, Juventude e Lazer, Altair Trentin e ao Secret\u00e1rio de Educa\u00e7\u00e3o e Cultura, Guerino Perius, solicitando que seja implantado em nosso Munic\u00edpio, Aulas de Dan\u00e7a e Gin\u00e1stica Aer\u00f3bica na Pra\u00e7a de Eventos, de forma gratuita, al\u00e9m da disponibiliza\u00e7\u00e3o de som e artistas do Projeto M\u00fasica e Arte para apresenta\u00e7\u00f5es peri\u00f3dicas no local. Refor\u00e7ando a Indica\u00e7\u00e3o de n\u00ba 449\/2022 de autoria deste Vereador.<\/p>\n<p>&nbsp;<\/p>\n<p><strong><u>ORDEM DO DIA<\/u><\/strong><\/p>\n<p><strong>&#8211; Projeto de Lei n\u00ba 128\/2023 \u2013 Ver. Andr\u00e9 dos Anjos<\/strong><\/p>\n<p>\u201cRegulamenta a coloca\u00e7\u00e3o de placas informativas em todas as obras p\u00fablicas realizadas no Munic\u00edpio de Chapad\u00e3o do Sul\u201d<\/p>\n<p>&nbsp;<\/p>\n<p><strong>SECRETARIA DAS SESS\u00d5ES, 18 DE AGOSTO DE 2023.<\/strong><\/p>\n<p><strong><em>Jacqueline C. Tomiazzi Belotti<\/em><\/strong><br \/>\n<em>Coordenadora de Atividades Legislativas<\/em><\/p>\n","protected":false},"excerpt":{"rendered":"<p>PAUTA PARA A 1426\u00aa SESS\u00c3O ORDIN\u00c1RIA, DA 3\u00aa\u00a0SESS\u00c3O\u00a0LEGISLATIVA, DA 9\u00aa LEGISLATURA, A REALIZAR-SE NO DIA 21\/08\/2023 \u2013 SEGUNDA-FEIRA \u00c0s 19h \u2013 C\u00e2mara Municipal EXPEDIENTE DE VEREADORES &nbsp; Requerimento n\u00ba 156\/2023 \u2013 Vereador Tucano REQUER-SE \u00e0 Mesa, com observ\u00e2ncia nas disposi\u00e7\u00f5es regimentais, o envio de Expediente ao Prefeito Municipal, Jo\u00e3o Carlos Krug, com c\u00f3pia ao Diretor [&hellip;]<\/p>\n","protected":false},"author":4,"featured_media":197598,"comment_status":"closed","ping_status":"closed","sticky":false,"template":"","format":"standard","meta":{"footnotes":""},"categories":[20,41],"tags":[],"class_list":["post-248947","post","type-post","status-publish","format-standard","has-post-thumbnail","hentry","category-camara-municipal","category-destaque"],"_links":{"self":[{"href":"https:\/\/www.ocorreionews.com.br\/acervo-correio\/index.php?rest_route=\/wp\/v2\/posts\/248947","targetHints":{"allow":["GET"]}}],"collection":[{"href":"https:\/\/www.ocorreionews.com.br\/acervo-correio\/index.php?rest_route=\/wp\/v2\/posts"}],"about":[{"href":"https:\/\/www.ocorreionews.com.br\/acervo-correio\/index.php?rest_route=\/wp\/v2\/types\/post"}],"author":[{"embeddable":true,"href":"https:\/\/www.ocorreionews.com.br\/acervo-correio\/index.php?rest_route=\/wp\/v2\/users\/4"}],"replies":[{"embeddable":true,"href":"https:\/\/www.ocorreionews.com.br\/acervo-correio\/index.php?rest_route=%2Fwp%2Fv2%2Fcomments&post=248947"}],"version-history":[{"count":1,"href":"https:\/\/www.ocorreionews.com.br\/acervo-correio\/index.php?rest_route=\/wp\/v2\/posts\/248947\/revisions"}],"predecessor-version":[{"id":248948,"href":"https:\/\/www.ocorreionews.com.br\/acervo-correio\/index.php?rest_route=\/wp\/v2\/posts\/248947\/revisions\/248948"}],"wp:featuredmedia":[{"embeddable":true,"href":"https:\/\/www.ocorreionews.com.br\/acervo-correio\/index.php?rest_route=\/wp\/v2\/media\/197598"}],"wp:attachment":[{"href":"https:\/\/www.ocorreionews.com.br\/acervo-correio\/index.php?rest_route=%2Fwp%2Fv2%2Fmedia&parent=248947"}],"wp:term":[{"taxonomy":"category","embeddable":true,"href":"https:\/\/www.ocorreionews.com.br\/acervo-correio\/index.php?rest_route=%2Fwp%2Fv2%2Fcategories&post=248947"},{"taxonomy":"post_tag","embeddable":true,"href":"https:\/\/www.ocorreionews.com.br\/acervo-correio\/index.php?rest_route=%2Fwp%2Fv2%2Ftags&post=248947"}],"curies":[{"name":"wp","href":"https:\/\/api.w.org\/{rel}","templated":true}]}}