{"id":248955,"date":"2023-08-19T06:33:56","date_gmt":"2023-08-19T10:33:56","guid":{"rendered":"https:\/\/www.ocorreionews.com.br\/acervo-correio\/?p=248955"},"modified":"2023-08-19T08:11:07","modified_gmt":"2023-08-19T12:11:07","slug":"morreu-pm-vitima-acidente-na-ms-122-entre-cassilandia-e-inocencia","status":"publish","type":"post","link":"https:\/\/www.ocorreionews.com.br\/acervo-correio\/?p=248955","title":{"rendered":"Morre policial que sofreu acidente com viatura a caminho de ocorr\u00eancia"},"content":{"rendered":"<p>O policial militar Tiago da Silva Fernandes (34) , morreu na tarde desta sexta-feira (18), na Santa Casa de Campo Grande. O cabo da PMR (Pol\u00edcia Militar Rodovi\u00e1ria) estava em estado grave desde que sofreu acidente com a viatura que conduzia pela MS-122, entre as cidades de Inoc\u00eancia e Cassil\u00e2ndia, no dia 9 deste m\u00eas.<\/p>\n<p>Policial militar desde 2014, ele passou a integrar a PMR h\u00e1 cerca de dois anos, antes ele atuou na cidade de Chapad\u00e3o do Sul e Parana\u00edba. Os colegas est\u00e3o auxiliando a fam\u00edlia, de Parana\u00edba, nas provid\u00eancias para trasladar o corpo. N\u00e3o h\u00e1 ainda informa\u00e7\u00f5es sobre o vel\u00f3rio, que deve acontecer na cidade do interior.<\/p>\n<p>Na viatura estavam dois militares que se deslocavam para prestar apoio a um acidente ocorrido na MS-112. O ve\u00edculo oficial colidiu de frente com uma carreta, mas as causas do acidente ainda s\u00e3o apuradas.<\/p>\n<p>Cabo Fernandes, que conduzia o ve\u00edculo, tentou evitar a batida, mas o impacto aconteceu justamente do lado em que ele estava. A caminhonete parou \u00e0s margens da rodovia.<\/p>\n<p>O militar foi socorrido em estado grave e trazido por uma UTI M\u00f3vel para a Santa Casa da Capital. Ele foi entubado durante o socorro. J\u00e1 o colega que estava no banco do passageiro n\u00e3o sofreu ferimentos.<\/p>\n<figure style=\"width: 1920px\" class=\"wp-caption aligncenter\"><img loading=\"lazy\" decoding=\"async\" class=\"attachment-full wp-post-image lazyautosizes lazyloaded b-loaded\" src=\"https:\/\/midiamaxproducao.s3.amazonaws.com\/wp-content\/uploads\/2023\/08\/09173549\/Canva-2023-08-09T173537.322.jpg\" sizes=\"auto, 712px\" srcset=\"https:\/\/midiamaxproducao.s3.amazonaws.com\/wp-content\/uploads\/2023\/08\/09173549\/Canva-2023-08-09T173537.322.jpg 1920w, https:\/\/midiamaxproducao.s3.amazonaws.com\/wp-content\/uploads\/2023\/08\/09173549\/Canva-2023-08-09T173537.322-300x169.jpg 300w, https:\/\/midiamaxproducao.s3.amazonaws.com\/wp-content\/uploads\/2023\/08\/09173549\/Canva-2023-08-09T173537.322-150x84.jpg 150w\" alt=\"Em coma, PM que sofreu acidente em rodovia corre risco de sequelas neurol\u00f3gicas\" width=\"1920\" height=\"1080\" data-srcset=\"https:\/\/midiamaxproducao.s3.amazonaws.com\/wp-content\/uploads\/2023\/08\/09173549\/Canva-2023-08-09T173537.322.jpg 1920w, https:\/\/midiamaxproducao.s3.amazonaws.com\/wp-content\/uploads\/2023\/08\/09173549\/Canva-2023-08-09T173537.322-300x169.jpg 300w, https:\/\/midiamaxproducao.s3.amazonaws.com\/wp-content\/uploads\/2023\/08\/09173549\/Canva-2023-08-09T173537.322-150x84.jpg 150w\" data-sizes=\"auto\" \/><figcaption class=\"wp-caption-text\">Viatura da PMR ficou destru\u00edda (Divulga\u00e7\u00e3o)<\/figcaption><\/figure>\n<p>&nbsp;<\/p>\n<p>Por Anahi Zurutuza e Dayene Paz &#8211; Campo Grande News<\/p>\n","protected":false},"excerpt":{"rendered":"<p>O policial militar Tiago da Silva Fernandes (34) , morreu na tarde desta sexta-feira (18), na Santa Casa de Campo Grande. O cabo da PMR (Pol\u00edcia Militar Rodovi\u00e1ria) estava em estado grave desde que sofreu acidente com a viatura que conduzia pela MS-122, entre as cidades de Inoc\u00eancia e Cassil\u00e2ndia, no dia 9 deste m\u00eas. [&hellip;]<\/p>\n","protected":false},"author":4,"featured_media":248956,"comment_status":"closed","ping_status":"closed","sticky":false,"template":"","format":"standard","meta":{"footnotes":""},"categories":[38,143],"tags":[],"class_list":["post-248955","post","type-post","status-publish","format-standard","has-post-thumbnail","hentry","category-policia","category-regional"],"_links":{"self":[{"href":"https:\/\/www.ocorreionews.com.br\/acervo-correio\/index.php?rest_route=\/wp\/v2\/posts\/248955","targetHints":{"allow":["GET"]}}],"collection":[{"href":"https:\/\/www.ocorreionews.com.br\/acervo-correio\/index.php?rest_route=\/wp\/v2\/posts"}],"about":[{"href":"https:\/\/www.ocorreionews.com.br\/acervo-correio\/index.php?rest_route=\/wp\/v2\/types\/post"}],"author":[{"embeddable":true,"href":"https:\/\/www.ocorreionews.com.br\/acervo-correio\/index.php?rest_route=\/wp\/v2\/users\/4"}],"replies":[{"embeddable":true,"href":"https:\/\/www.ocorreionews.com.br\/acervo-correio\/index.php?rest_route=%2Fwp%2Fv2%2Fcomments&post=248955"}],"version-history":[{"count":3,"href":"https:\/\/www.ocorreionews.com.br\/acervo-correio\/index.php?rest_route=\/wp\/v2\/posts\/248955\/revisions"}],"predecessor-version":[{"id":248975,"href":"https:\/\/www.ocorreionews.com.br\/acervo-correio\/index.php?rest_route=\/wp\/v2\/posts\/248955\/revisions\/248975"}],"wp:featuredmedia":[{"embeddable":true,"href":"https:\/\/www.ocorreionews.com.br\/acervo-correio\/index.php?rest_route=\/wp\/v2\/media\/248956"}],"wp:attachment":[{"href":"https:\/\/www.ocorreionews.com.br\/acervo-correio\/index.php?rest_route=%2Fwp%2Fv2%2Fmedia&parent=248955"}],"wp:term":[{"taxonomy":"category","embeddable":true,"href":"https:\/\/www.ocorreionews.com.br\/acervo-correio\/index.php?rest_route=%2Fwp%2Fv2%2Fcategories&post=248955"},{"taxonomy":"post_tag","embeddable":true,"href":"https:\/\/www.ocorreionews.com.br\/acervo-correio\/index.php?rest_route=%2Fwp%2Fv2%2Ftags&post=248955"}],"curies":[{"name":"wp","href":"https:\/\/api.w.org\/{rel}","templated":true}]}}