{"id":248959,"date":"2023-08-19T07:08:41","date_gmt":"2023-08-19T11:08:41","guid":{"rendered":"https:\/\/www.ocorreionews.com.br\/acervo-correio\/?p=248959"},"modified":"2023-08-19T08:58:51","modified_gmt":"2023-08-19T12:58:51","slug":"mulher-morre-em-acidente-entre-carro-de-passeio-e-caminhonete-na-br-158","status":"publish","type":"post","link":"https:\/\/www.ocorreionews.com.br\/acervo-correio\/?p=248959","title":{"rendered":"Mulher morre em acidente entre carro de passeio e caminhonete na BR-158"},"content":{"rendered":"<p>Um acidente entre um ve\u00edculo de passeio e uma caminhonete na descida do rio Formoso, pr\u00f3ximo ao motel, na BR-158, em Aparecida do Taboado, provocou a morte de uma mulher que estava no carro.<\/p>\n<p>A colis\u00e3o frontal entre uma caminhonete Hilux e uma Chevrolet Tracker matou uma mulher de 30 anos que era motorista da Tracker. Seu irm\u00e3o tamb\u00e9m de 30 anos, consciente desorientado, teve fraturas nos bra\u00e7os e pernas e foi encaminhado at\u00e9 a Santa Casa de Aparecida do Taboado.<\/p>\n<p>O ve\u00edculo Tracker seguia no sentido de Parana\u00edba para Aparecida do Taboado e a Hilux no sentido contr\u00e1rio. O condutor da Hilux de 70 anos nada sofreu.<\/p>\n<p>As informa\u00e7\u00f5es foram repassadas pelo Corpo de Bombeiros de Aparecida do Taboado.<\/p>\n<p><img loading=\"lazy\" decoding=\"async\" class=\"alignnone size-full wp-image-248977\" src=\"https:\/\/www.ocorreionews.com.br\/acervo-correio\/wp-content\/uploads\/2023\/08\/acidente-01.jpg\" alt=\"\" width=\"1600\" height=\"1066\" srcset=\"https:\/\/www.ocorreionews.com.br\/acervo-correio\/wp-content\/uploads\/2023\/08\/acidente-01.jpg 1600w, https:\/\/www.ocorreionews.com.br\/acervo-correio\/wp-content\/uploads\/2023\/08\/acidente-01-300x200.jpg 300w, https:\/\/www.ocorreionews.com.br\/acervo-correio\/wp-content\/uploads\/2023\/08\/acidente-01-1024x682.jpg 1024w, https:\/\/www.ocorreionews.com.br\/acervo-correio\/wp-content\/uploads\/2023\/08\/acidente-01-768x512.jpg 768w, https:\/\/www.ocorreionews.com.br\/acervo-correio\/wp-content\/uploads\/2023\/08\/acidente-01-1536x1023.jpg 1536w\" sizes=\"auto, (max-width: 1600px) 100vw, 1600px\" \/> <img loading=\"lazy\" decoding=\"async\" class=\"alignnone size-full wp-image-248978\" src=\"https:\/\/www.ocorreionews.com.br\/acervo-correio\/wp-content\/uploads\/2023\/08\/acidente-02.jpg\" alt=\"\" width=\"1600\" height=\"1066\" srcset=\"https:\/\/www.ocorreionews.com.br\/acervo-correio\/wp-content\/uploads\/2023\/08\/acidente-02.jpg 1600w, https:\/\/www.ocorreionews.com.br\/acervo-correio\/wp-content\/uploads\/2023\/08\/acidente-02-300x200.jpg 300w, https:\/\/www.ocorreionews.com.br\/acervo-correio\/wp-content\/uploads\/2023\/08\/acidente-02-1024x682.jpg 1024w, https:\/\/www.ocorreionews.com.br\/acervo-correio\/wp-content\/uploads\/2023\/08\/acidente-02-768x512.jpg 768w, https:\/\/www.ocorreionews.com.br\/acervo-correio\/wp-content\/uploads\/2023\/08\/acidente-02-1536x1023.jpg 1536w\" sizes=\"auto, (max-width: 1600px) 100vw, 1600px\" \/> <img loading=\"lazy\" decoding=\"async\" class=\"alignnone size-full wp-image-248979\" src=\"https:\/\/www.ocorreionews.com.br\/acervo-correio\/wp-content\/uploads\/2023\/08\/acidente-03.jpg\" alt=\"\" width=\"1600\" height=\"1066\" srcset=\"https:\/\/www.ocorreionews.com.br\/acervo-correio\/wp-content\/uploads\/2023\/08\/acidente-03.jpg 1600w, https:\/\/www.ocorreionews.com.br\/acervo-correio\/wp-content\/uploads\/2023\/08\/acidente-03-300x200.jpg 300w, https:\/\/www.ocorreionews.com.br\/acervo-correio\/wp-content\/uploads\/2023\/08\/acidente-03-1024x682.jpg 1024w, https:\/\/www.ocorreionews.com.br\/acervo-correio\/wp-content\/uploads\/2023\/08\/acidente-03-768x512.jpg 768w, https:\/\/www.ocorreionews.com.br\/acervo-correio\/wp-content\/uploads\/2023\/08\/acidente-03-1536x1023.jpg 1536w\" sizes=\"auto, (max-width: 1600px) 100vw, 1600px\" \/><\/p>\n<p>&nbsp;<\/p>\n<p>Jornal Tribuna Livre<\/p>\n","protected":false},"excerpt":{"rendered":"<p>Um acidente entre um ve\u00edculo de passeio e uma caminhonete na descida do rio Formoso, pr\u00f3ximo ao motel, na BR-158, em Aparecida do Taboado, provocou a morte de uma mulher que estava no carro. A colis\u00e3o frontal entre uma caminhonete Hilux e uma Chevrolet Tracker matou uma mulher de 30 anos que era motorista da [&hellip;]<\/p>\n","protected":false},"author":4,"featured_media":248977,"comment_status":"closed","ping_status":"closed","sticky":false,"template":"","format":"standard","meta":{"footnotes":""},"categories":[38,143],"tags":[],"class_list":["post-248959","post","type-post","status-publish","format-standard","has-post-thumbnail","hentry","category-policia","category-regional"],"_links":{"self":[{"href":"https:\/\/www.ocorreionews.com.br\/acervo-correio\/index.php?rest_route=\/wp\/v2\/posts\/248959","targetHints":{"allow":["GET"]}}],"collection":[{"href":"https:\/\/www.ocorreionews.com.br\/acervo-correio\/index.php?rest_route=\/wp\/v2\/posts"}],"about":[{"href":"https:\/\/www.ocorreionews.com.br\/acervo-correio\/index.php?rest_route=\/wp\/v2\/types\/post"}],"author":[{"embeddable":true,"href":"https:\/\/www.ocorreionews.com.br\/acervo-correio\/index.php?rest_route=\/wp\/v2\/users\/4"}],"replies":[{"embeddable":true,"href":"https:\/\/www.ocorreionews.com.br\/acervo-correio\/index.php?rest_route=%2Fwp%2Fv2%2Fcomments&post=248959"}],"version-history":[{"count":3,"href":"https:\/\/www.ocorreionews.com.br\/acervo-correio\/index.php?rest_route=\/wp\/v2\/posts\/248959\/revisions"}],"predecessor-version":[{"id":248985,"href":"https:\/\/www.ocorreionews.com.br\/acervo-correio\/index.php?rest_route=\/wp\/v2\/posts\/248959\/revisions\/248985"}],"wp:featuredmedia":[{"embeddable":true,"href":"https:\/\/www.ocorreionews.com.br\/acervo-correio\/index.php?rest_route=\/wp\/v2\/media\/248977"}],"wp:attachment":[{"href":"https:\/\/www.ocorreionews.com.br\/acervo-correio\/index.php?rest_route=%2Fwp%2Fv2%2Fmedia&parent=248959"}],"wp:term":[{"taxonomy":"category","embeddable":true,"href":"https:\/\/www.ocorreionews.com.br\/acervo-correio\/index.php?rest_route=%2Fwp%2Fv2%2Fcategories&post=248959"},{"taxonomy":"post_tag","embeddable":true,"href":"https:\/\/www.ocorreionews.com.br\/acervo-correio\/index.php?rest_route=%2Fwp%2Fv2%2Ftags&post=248959"}],"curies":[{"name":"wp","href":"https:\/\/api.w.org\/{rel}","templated":true}]}}