{"id":248962,"date":"2023-08-19T07:21:08","date_gmt":"2023-08-19T11:21:08","guid":{"rendered":"https:\/\/www.ocorreionews.com.br\/acervo-correio\/?p=248962"},"modified":"2023-08-19T07:21:08","modified_gmt":"2023-08-19T11:21:08","slug":"volta-do-uso-de-mascaras-em-ms-saiba-os-sintomas-e-reais-riscos-da-nova-variante-eris-da-covid-19","status":"publish","type":"post","link":"https:\/\/www.ocorreionews.com.br\/acervo-correio\/?p=248962","title":{"rendered":"Volta do uso de m\u00e1scaras em MS? Saiba os sintomas e reais riscos da nova variante \u00c9ris da Covid-19"},"content":{"rendered":"<div class=\"elementor-element elementor-element-33095f69 elementor-widget elementor-widget-theme-post-content\" data-id=\"33095f69\" data-element_type=\"widget\" data-widget_type=\"theme-post-content.default\">\n<div class=\"elementor-widget-container\">\n<p>A chegada da nova variante \u00c9ris,\u00a0subvariante\u00a0da \u00d4micron, tem gerado preocupa\u00e7\u00f5es para as autoridades de sa\u00fade em todo o mundo. Na manh\u00e3 desta sexta-feira (18), o\u00a0Minist\u00e9rio da Sa\u00fade\u00a0confirmou o primeiro caso de \u00c9ris no Brasil, em\u00a0S\u00e3o Paulo. Por se tratar de uma variante com maior potencial de transmiss\u00e3o, surgiram diversos questionamentos sobre a possibilidade de um novo pico de Covid-19 e o retorno do uso de m\u00e1scaras. Mas afinal, quais s\u00e3o os riscos reais dessa nova variante?<\/p>\n<p>A variante \u00c9ris \u00e9 uma cepa que se destaca pela velocidade na transmiss\u00e3o do v\u00edrus, sendo considerada altamente infecciosa e com uma capacidade r\u00e1pida de muta\u00e7\u00e3o. Apesar dessas caracter\u00edsticas, a OMS classificou a subvariante \u00c9ris como baixo risco para a sa\u00fade p\u00fablica em n\u00edvel global, uma vez que n\u00e3o demonstrou altera\u00e7\u00f5es no padr\u00e3o de gravidade da doen\u00e7a (hospitaliza\u00e7\u00f5es e \u00f3bitos) em compara\u00e7\u00e3o com outras variantes.<\/p>\n<p>Em Mato Grosso do Sul, ainda n\u00e3o foram registrados casos da variante \u00c9ris. Para esclarecer os riscos reais para a popula\u00e7\u00e3o, o\u00a0Jornal Midiamax\u00a0conversou com o infectologista Julio Croda, que detalhou os poss\u00edveis cen\u00e1rios caso essa variante chegue ao Estado.<\/p>\n<div><\/div>\n<p>Julio Croda explica que a variante possui uma alta capacidade de transmiss\u00e3o, o que tem levado a sua r\u00e1pida dissemina\u00e7\u00e3o pelo mundo, afetando principalmente idosos com mais de 75 anos e pessoas com sistemas imunol\u00f3gicos comprometidos.<\/p>\n<p>&#8220;A \u00c9ris \u00e9 uma subvariante da \u00d4micron e, portanto, compartilha muitas semelhan\u00e7as com esta. Devido \u00e0 sua maior transmissibilidade, est\u00e1 se tornando predominante em todo o mundo, levando a um aumento nos casos notificados e nas hospitaliza\u00e7\u00f5es&#8221;, detalha.<\/p>\n<p>Os sintomas da nova variante tamb\u00e9m s\u00e3o similares \u00e0s demais variante, como: coriza;<br \/>\nespirros; tosse seca e cont\u00ednua; febre e dor de garganta.<\/p>\n<div><\/div>\n<p>Apesar dos riscos, o infectologista esclarece que n\u00e3o h\u00e1 motivo para p\u00e2nico, uma vez que, por ser uma subvariante, \u00e9 esperado que o impacto da \u00c9ris seja menor do que o observado com a \u00d4micron quando surgiu em 2021.<\/p>\n<p>&#8220;\u00c9 poss\u00edvel que ocorra um aumento de casos, hospitaliza\u00e7\u00f5es e \u00f3bitos no Brasil, semelhante ao que est\u00e1 acontecendo no hemisf\u00e9rio Norte, mas a previs\u00e3o \u00e9 que seja em menor escala do que no passado&#8221;, ressalta Julio Croda.<\/p>\n<p>Assim como nas outras variantes da Covid-19, a melhor maneira de prevenir a dissemina\u00e7\u00e3o \u00e9 aumentar a cobertura vacinal em todo o Estado. Croda enfatiza que completar o esquema vacinal com a vacina Bivalente \u00e9 essencial para se proteger da nova variante.<\/p>\n<p>&#8220;\u00c9 fundamental aumentar a cobertura vacinal. As vacinas continuam sendo eficazes, principalmente para prevenir casos graves, reduzindo hospitaliza\u00e7\u00f5es e \u00f3bitos. A recomenda\u00e7\u00e3o \u00e9 que os grupos mais vulner\u00e1veis, como os idosos, recebam a vacina Bivalente, que est\u00e1 dispon\u00edvel para toda a popula\u00e7\u00e3o&#8221;, ressalta.<\/p>\n<p>A dose da vacina Bivalente, desenvolvida pela Pfizer, foi formulada com base em duas variantes da \u00d4micron da \u00faltima grande onda registrada no Brasil, as quais ainda s\u00e3o respons\u00e1veis pelo maior n\u00famero de casos at\u00e9 hoje. Essa vacina foi especificamente produzida para combater a variante \u00d4micron, e os frascos se diferenciam por terem uma tampa na cor cinza.<\/p>\n<h2 class=\"wp-block-heading\"><strong>\u00c9 poss\u00edvel o retorno do uso de m\u00e1scaras?<\/strong><\/h2>\n<figure class=\"wp-block-image size-full\"><picture><source srcset=\"https:\/\/midiamax.uol.com.br\/wp-content\/uploads\/2023\/05\/Collage-Maker-24-May-2023-08-21-AM-3298.jpg.webp 1920w, https:\/\/midiamax.uol.com.br\/wp-content\/uploads\/2023\/05\/Collage-Maker-24-May-2023-08-21-AM-3298-300x169.jpg.webp 300w, https:\/\/midiamax.uol.com.br\/wp-content\/uploads\/2023\/05\/Collage-Maker-24-May-2023-08-21-AM-3298-150x84.jpg.webp 150w\" type=\"image\/webp\" sizes=\"710px\" data-srcset=\"https:\/\/midiamax.uol.com.br\/wp-content\/uploads\/2023\/05\/Collage-Maker-24-May-2023-08-21-AM-3298.jpg.webp 1920w, https:\/\/midiamax.uol.com.br\/wp-content\/uploads\/2023\/05\/Collage-Maker-24-May-2023-08-21-AM-3298-300x169.jpg.webp 300w, https:\/\/midiamax.uol.com.br\/wp-content\/uploads\/2023\/05\/Collage-Maker-24-May-2023-08-21-AM-3298-150x84.jpg.webp 150w\" \/><img loading=\"lazy\" decoding=\"async\" class=\"wp-image-1513253 lazyautosizes lazyloaded\" src=\"https:\/\/midiamax.uol.com.br\/wp-content\/uploads\/2023\/05\/Collage-Maker-24-May-2023-08-21-AM-3298.jpg\" sizes=\"auto, 710px\" srcset=\"https:\/\/midiamax.uol.com.br\/wp-content\/uploads\/2023\/05\/Collage-Maker-24-May-2023-08-21-AM-3298.jpg 1920w, https:\/\/midiamax.uol.com.br\/wp-content\/uploads\/2023\/05\/Collage-Maker-24-May-2023-08-21-AM-3298-300x169.jpg 300w, https:\/\/midiamax.uol.com.br\/wp-content\/uploads\/2023\/05\/Collage-Maker-24-May-2023-08-21-AM-3298-150x84.jpg 150w\" alt=\"Compras\" width=\"1920\" height=\"1080\" data-eio=\"p\" data-src=\"https:\/\/midiamax.uol.com.br\/wp-content\/uploads\/2023\/05\/Collage-Maker-24-May-2023-08-21-AM-3298.jpg\" data-srcset=\"https:\/\/midiamax.uol.com.br\/wp-content\/uploads\/2023\/05\/Collage-Maker-24-May-2023-08-21-AM-3298.jpg 1920w, https:\/\/midiamax.uol.com.br\/wp-content\/uploads\/2023\/05\/Collage-Maker-24-May-2023-08-21-AM-3298-300x169.jpg 300w, https:\/\/midiamax.uol.com.br\/wp-content\/uploads\/2023\/05\/Collage-Maker-24-May-2023-08-21-AM-3298-150x84.jpg 150w\" data-sizes=\"auto\" \/><\/picture><figcaption class=\"wp-element-caption\">Mulher usa m\u00e1scara no<em>\u00a0Centro de Campo Grande (Nathalia Alc\u00e2ntara, Midiamax)<\/em><\/figcaption><\/figure>\n<p>Questionado sobre a poss\u00edvel retomada do uso obrigat\u00f3rio de m\u00e1scaras, Croda esclarece que isso depender\u00e1 do cen\u00e1rio epidemiol\u00f3gico de MS, mas existe a possibilidade de que o uso de m\u00e1scaras seja recomendado novamente para os grupos mais vulner\u00e1veis.<\/p>\n<p>&#8220;Se houver um aumento significativo nos casos, o que ainda n\u00e3o \u00e9 o caso no Brasil &#8211; e os dados do Infogripe corroboram isso &#8211; pode ser considerado o retorno do uso de m\u00e1scaras para grupos bem definidos, como idosos e pessoas imunocomprometidas&#8221;, explica o infectologista.<\/p>\n<p>No Reino Unido, cientistas recomendaram a retomada do uso de m\u00e1scaras como medida de\u00a0preven\u00e7\u00e3o\u00a0da Covid-19. Os especialistas est\u00e3o preocupados com o alto poder de transmiss\u00e3o das novas variantes do v\u00edrus, principalmente a \u00c9ris, uma subvariante da \u00d4micron.<\/p>\n<p>Apesar de\u00a0cr\u00edticas\u00a0de profissionais da sa\u00fade, o uso de m\u00e1scaras em hospitais deixou de ser obrigat\u00f3rio em maio e n\u00e3o h\u00e1 previs\u00e3o para seu retorno.<\/p>\n<h2 class=\"wp-block-heading\"><strong>Variantes em circula\u00e7\u00e3o em MS<\/strong><\/h2>\n<figure class=\"wp-block-image size-full\"><img loading=\"lazy\" decoding=\"async\" class=\"wp-image-1571366 lazyautosizes lazyloaded\" src=\"https:\/\/midiamaxproducao.s3.amazonaws.com\/wp-content\/uploads\/2023\/08\/18141650\/WhatsApp-Image-2023-08-18-at-14.16.26.jpeg\" sizes=\"auto, 710px\" srcset=\"https:\/\/midiamaxproducao.s3.amazonaws.com\/wp-content\/uploads\/2023\/08\/18141650\/WhatsApp-Image-2023-08-18-at-14.16.26.jpeg 768w, https:\/\/midiamaxproducao.s3.amazonaws.com\/wp-content\/uploads\/2023\/08\/18141650\/WhatsApp-Image-2023-08-18-at-14.16.26-226x300.jpeg 226w, https:\/\/midiamaxproducao.s3.amazonaws.com\/wp-content\/uploads\/2023\/08\/18141650\/WhatsApp-Image-2023-08-18-at-14.16.26-150x199.jpeg 150w\" alt=\"Variantes em MS\" width=\"768\" height=\"1018\" data-src=\"https:\/\/midiamaxproducao.s3.amazonaws.com\/wp-content\/uploads\/2023\/08\/18141650\/WhatsApp-Image-2023-08-18-at-14.16.26.jpeg\" data-srcset=\"https:\/\/midiamaxproducao.s3.amazonaws.com\/wp-content\/uploads\/2023\/08\/18141650\/WhatsApp-Image-2023-08-18-at-14.16.26.jpeg 768w, https:\/\/midiamaxproducao.s3.amazonaws.com\/wp-content\/uploads\/2023\/08\/18141650\/WhatsApp-Image-2023-08-18-at-14.16.26-226x300.jpeg 226w, https:\/\/midiamaxproducao.s3.amazonaws.com\/wp-content\/uploads\/2023\/08\/18141650\/WhatsApp-Image-2023-08-18-at-14.16.26-150x199.jpeg 150w\" data-sizes=\"auto\" \/><\/figure>\n<p>Dados do boletim epidemiol\u00f3gico da SES (Secretaria de Estado de Sa\u00fade) divulgados na \u00faltima ter\u00e7a-feira (15) indicam que tr\u00eas variantes continuam em circula\u00e7\u00e3o em Mato Grosso do Sul: \u00d4micron, Delta e Gama.<\/p>\n<p>A \u00d4micron \u00e9 a variante de maior incid\u00eancia em Mato Grosso do Sul. De acordo com dados da SES, essa variante est\u00e1 circulando em mais de 50 munic\u00edpios do estado.<\/p>\n<p>Descoberta inicialmente na \u00c1frica do Sul, a \u00d4micron rapidamente se espalhou pelo mundo. Em meados de janeiro, se tornou a cepa predominante globalmente. No Brasil, essa variante gerou uma nova onda de Covid-19, interrompendo uma tend\u00eancia de queda nos n\u00fameros de casos e mortes.<\/p>\n<p>A variante \u00d4micron possui mais de 30 muta\u00e7\u00f5es na prote\u00edna Spike, que \u00e9 respons\u00e1vel por permitir a entrada do v\u00edrus SARS-CoV-2 no organismo humano. Entre os sintomas mais comuns est\u00e3o fadiga extrema, dores pelo corpo, dor de cabe\u00e7a e dor de garganta.<\/p>\n<p>A variante Delta, detectada inicialmente na \u00cdndia, demonstrou ser mais transmiss\u00edvel que a variante Gama. Ela provoca um adoecimento mais r\u00e1pido e tem um alto risco de hospitaliza\u00e7\u00e3o, especialmente entre os n\u00e3o vacinados, de acordo com um levantamento da ECDC (Comiss\u00e3o Europeia de Controle e Preven\u00e7\u00e3o de Doen\u00e7as).<\/p>\n<p>Os principais sintomas incluem coriza, dor de cabe\u00e7a, espirros, dor de garganta, tosse persistente e febre.<\/p>\n<p>A variante Gama, tamb\u00e9m conhecida como P.1, teve a menor incid\u00eancia no estado. Entre suas caracter\u00edsticas est\u00e3o uma maior capacidade de transmiss\u00e3o, afeta mais a popula\u00e7\u00e3o jovem, apresenta uma evolu\u00e7\u00e3o mais r\u00e1pida da doen\u00e7a e maior gravidade, al\u00e9m de diminuir a efic\u00e1cia das vacinas.<\/p>\n<p>Os sintomas mais comuns s\u00e3o febre, tosse, dor de garganta, falta de ar, diarreia, v\u00f4mito, dor no corpo, cansa\u00e7o e fadiga.<\/p>\n<p>Para identificar as variantes, \u00e9 realizado um mapeamento gen\u00f4mico. Conforme a SES, as amostras s\u00e3o coletadas pelo Lacen (Laborat\u00f3rio Central de Sa\u00fade P\u00fablica de Mato Grosso do Sul) e enviadas para sequenciamento nos laborat\u00f3rios de refer\u00eancia da Fiocruz\/RJ, Fiocruz\/AM e Instituto Adolfo Lutz\/SP.<\/p>\n<figure class=\"wp-block-image size-full\">\n<div class=\"elementor-element elementor-element-1944f35 post-author elementor-widget__width-auto elementor-widget elementor-widget-shortcode\" data-id=\"1944f35\" data-element_type=\"widget\" data-widget_type=\"shortcode.default\">\n<div class=\"elementor-widget-container\">\n<div class=\"elementor-shortcode\">Lethycia Anjos Midiamax<\/div>\n<\/div>\n<\/div>\n<div class=\"elementor-element elementor-element-ec9eab2 elementor-widget__width-auto elementor-widget elementor-widget-text-editor\" data-id=\"ec9eab2\" data-element_type=\"widget\" data-widget_type=\"text-editor.default\"><\/div>\n<\/figure>\n<p>&nbsp;<\/p>\n<\/div>\n<\/div>\n<div class=\"elementor-element elementor-element-8a25d07 elementor-widget elementor-widget-html\" data-id=\"8a25d07\" data-element_type=\"widget\" data-widget_type=\"html.default\">\n<div class=\"elementor-widget-container\"><\/div>\n<\/div>\n","protected":false},"excerpt":{"rendered":"<p>A chegada da nova variante \u00c9ris,\u00a0subvariante\u00a0da \u00d4micron, tem gerado preocupa\u00e7\u00f5es para as autoridades de sa\u00fade em todo o mundo. Na manh\u00e3 desta sexta-feira (18), o\u00a0Minist\u00e9rio da Sa\u00fade\u00a0confirmou o primeiro caso de \u00c9ris no Brasil, em\u00a0S\u00e3o Paulo. Por se tratar de uma variante com maior potencial de transmiss\u00e3o, surgiram diversos questionamentos sobre a possibilidade de um [&hellip;]<\/p>\n","protected":false},"author":4,"featured_media":200469,"comment_status":"closed","ping_status":"closed","sticky":false,"template":"","format":"standard","meta":{"footnotes":""},"categories":[41,39],"tags":[],"class_list":["post-248962","post","type-post","status-publish","format-standard","has-post-thumbnail","hentry","category-destaque","category-saude"],"_links":{"self":[{"href":"https:\/\/www.ocorreionews.com.br\/acervo-correio\/index.php?rest_route=\/wp\/v2\/posts\/248962","targetHints":{"allow":["GET"]}}],"collection":[{"href":"https:\/\/www.ocorreionews.com.br\/acervo-correio\/index.php?rest_route=\/wp\/v2\/posts"}],"about":[{"href":"https:\/\/www.ocorreionews.com.br\/acervo-correio\/index.php?rest_route=\/wp\/v2\/types\/post"}],"author":[{"embeddable":true,"href":"https:\/\/www.ocorreionews.com.br\/acervo-correio\/index.php?rest_route=\/wp\/v2\/users\/4"}],"replies":[{"embeddable":true,"href":"https:\/\/www.ocorreionews.com.br\/acervo-correio\/index.php?rest_route=%2Fwp%2Fv2%2Fcomments&post=248962"}],"version-history":[{"count":1,"href":"https:\/\/www.ocorreionews.com.br\/acervo-correio\/index.php?rest_route=\/wp\/v2\/posts\/248962\/revisions"}],"predecessor-version":[{"id":248963,"href":"https:\/\/www.ocorreionews.com.br\/acervo-correio\/index.php?rest_route=\/wp\/v2\/posts\/248962\/revisions\/248963"}],"wp:featuredmedia":[{"embeddable":true,"href":"https:\/\/www.ocorreionews.com.br\/acervo-correio\/index.php?rest_route=\/wp\/v2\/media\/200469"}],"wp:attachment":[{"href":"https:\/\/www.ocorreionews.com.br\/acervo-correio\/index.php?rest_route=%2Fwp%2Fv2%2Fmedia&parent=248962"}],"wp:term":[{"taxonomy":"category","embeddable":true,"href":"https:\/\/www.ocorreionews.com.br\/acervo-correio\/index.php?rest_route=%2Fwp%2Fv2%2Fcategories&post=248962"},{"taxonomy":"post_tag","embeddable":true,"href":"https:\/\/www.ocorreionews.com.br\/acervo-correio\/index.php?rest_route=%2Fwp%2Fv2%2Ftags&post=248962"}],"curies":[{"name":"wp","href":"https:\/\/api.w.org\/{rel}","templated":true}]}}