{"id":249105,"date":"2023-08-21T15:01:34","date_gmt":"2023-08-21T19:01:34","guid":{"rendered":"https:\/\/www.ocorreionews.com.br\/acervo-correio\/?p=249105"},"modified":"2023-08-21T15:01:34","modified_gmt":"2023-08-21T19:01:34","slug":"ministerio-do-trabalho-quer-novo-imposto-sindical-obrigatorio-de-ate-o-triplo-do-extinto","status":"publish","type":"post","link":"https:\/\/www.ocorreionews.com.br\/acervo-correio\/?p=249105","title":{"rendered":"Minist\u00e9rio do Trabalho quer novo imposto sindical obrigat\u00f3rio de at\u00e9 o triplo do extinto"},"content":{"rendered":"<p><span data-contrast=\"none\">\u00a0<\/span><span data-contrast=\"none\">O governo\u00a0Lula\u00a0pretende mexer em um dos principais pontos da reforma trabalhista e trazer de volta a<\/span><b><span data-contrast=\"none\">\u00a0contribui\u00e7\u00e3o sindical obrigat\u00f3ria para os trabalhadores<\/span><\/b><span data-contrast=\"none\">. De acordo com a proposta do Minist\u00e9rio do Trabalho, a taxa seria vinculada a acordos de reajuste salarial entre patr\u00f5es e empregados, que tenham intermedia\u00e7\u00e3o sindical.<\/span><span data-ccp-props=\"{&quot;134233117&quot;:false,&quot;134233118&quot;:false,&quot;201341983&quot;:1,&quot;335551550&quot;:0,&quot;335551620&quot;:0,&quot;335559738&quot;:0,&quot;335559739&quot;:0,&quot;335559740&quot;:480}\">\u00a0<\/span><\/p>\n<p aria-level=\"2\"><b><span data-contrast=\"none\">Volta do imposto sindical<\/span><\/b><span data-ccp-props=\"{&quot;134245418&quot;:true,&quot;134245529&quot;:true,&quot;201341983&quot;:0,&quot;335559738&quot;:40,&quot;335559739&quot;:0,&quot;335559740&quot;:259}\">\u00a0<\/span><\/p>\n<p><span data-contrast=\"none\">O texto est\u00e1 em processo avan\u00e7ado de discuss\u00e3o no governo e pode ser apresentado ao Congresso Nacional em setembro. O GLOBO teve acesso a uma minuta do projeto, editada pelas centrais sindicais, que fixa um teto para a nova taxa de at\u00e9 1% do rendimento anual do trabalhador, a ser descontada na folha de pagamento.<\/span><span data-ccp-props=\"{&quot;134233117&quot;:false,&quot;134233118&quot;:false,&quot;201341983&quot;:1,&quot;335551550&quot;:0,&quot;335551620&quot;:0,&quot;335559738&quot;:0,&quot;335559739&quot;:0,&quot;335559740&quot;:480}\">\u00a0<\/span><\/p>\n<p><span data-contrast=\"none\">Esse valor pode corresponder a at\u00e9 tr\u00eas dias e meio de trabalho, segundo especialistas. A quantia a ser paga, por\u00e9m, seria definida em assembleias, com vota\u00e7\u00f5es por maioria.<\/span><span data-ccp-props=\"{&quot;134233117&quot;:false,&quot;134233118&quot;:false,&quot;201341983&quot;:1,&quot;335551550&quot;:0,&quot;335551620&quot;:0,&quot;335559738&quot;:0,&quot;335559739&quot;:0,&quot;335559740&quot;:480}\">\u00a0<\/span><\/p>\n<p><span data-contrast=\"none\">Desde novembro de 2017, quando entrou em vigor a reforma trabalhista, a contribui\u00e7\u00e3o para o sindicato passou a ser opcional. Antes, vigorava o imposto sindical, correspondente a um dia de trabalho, descontado anualmente.<\/span><span data-ccp-props=\"{&quot;134233117&quot;:false,&quot;134233118&quot;:false,&quot;201341983&quot;:1,&quot;335551550&quot;:0,&quot;335551620&quot;:0,&quot;335559738&quot;:0,&quot;335559739&quot;:0,&quot;335559740&quot;:480}\">\u00a0<\/span><\/p>\n<p aria-level=\"2\"><b><span data-contrast=\"none\">Vota\u00e7\u00e3o em assembleia<\/span><\/b><span data-ccp-props=\"{&quot;134245418&quot;:true,&quot;134245529&quot;:true,&quot;201341983&quot;:0,&quot;335559738&quot;:40,&quot;335559739&quot;:0,&quot;335559740&quot;:259}\">\u00a0<\/span><\/p>\n<p><span data-contrast=\"none\">O ministro do Trabalho, Luiz Marinho, alega que o novo modelo \u00e9 diferente do antigo imposto sindical. Mas argumenta que, sem arrecada\u00e7\u00e3o, n\u00e3o existe or\u00e7amento e os sindicatos enfraquecem.<\/span><span data-ccp-props=\"{&quot;134233117&quot;:false,&quot;134233118&quot;:false,&quot;201341983&quot;:1,&quot;335551550&quot;:0,&quot;335551620&quot;:0,&quot;335559738&quot;:0,&quot;335559739&quot;:0,&quot;335559740&quot;:480}\">\u00a0<\/span><\/p>\n<p><span data-contrast=\"none\">\u2014 N\u00e3o existe mais imposto sindical obrigat\u00f3rio. Mas uma democracia precisa ter um sindicato forte. O que est\u00e1 em debate \u00e9 criar uma contribui\u00e7\u00e3o negoci\u00e1vel. Se o sindicato est\u00e1 prestando um servi\u00e7o, possibilitando um aumento salarial, \u00e9 justo que o trabalhador n\u00e3o sindicalizado pague a contribui\u00e7\u00e3o. Se ele n\u00e3o aceitar pagar a taxa, \u00e9 s\u00f3 ir \u00e0 assembleia e votar contra \u2014 afirma o ministro ao GLOBO.<\/span><span data-ccp-props=\"{&quot;134233117&quot;:false,&quot;134233118&quot;:false,&quot;201341983&quot;:1,&quot;335551550&quot;:0,&quot;335551620&quot;:0,&quot;335559738&quot;:0,&quot;335559739&quot;:0,&quot;335559740&quot;:480}\">\u00a0<\/span><\/p>\n<p><span data-contrast=\"none\">Marinho diz que a proposta ainda n\u00e3o chegou \u00e0 Casa Civil, mas que tem apoio de Lula. A ideia \u00e9 apresentar o projeto ao presidente at\u00e9 o fim de agosto. Lula j\u00e1 defendeu publicamente um novo modelo de contribui\u00e7\u00e3o sindical.<\/span><span data-ccp-props=\"{&quot;134233117&quot;:false,&quot;134233118&quot;:false,&quot;201341983&quot;:1,&quot;335551550&quot;:0,&quot;335551620&quot;:0,&quot;335559738&quot;:0,&quot;335559739&quot;:0,&quot;335559740&quot;:480}\">\u00a0<\/span><\/p>\n<p><span data-contrast=\"none\">As centrais sindicais explicam que toda vez que uma lista de reivindica\u00e7\u00f5es trabalhistas for colocada na mesa de negocia\u00e7\u00e3o, um dos pontos ser\u00e1 a contribui\u00e7\u00e3o sindical. Juntamente com os debates sobre percentual de aumento dos sal\u00e1rios, vale-refei\u00e7\u00e3o e demais direitos, ser\u00e1 discutido um valor considerado ideal para o financiamento dos sindicatos.<\/span><span data-ccp-props=\"{&quot;134233117&quot;:false,&quot;134233118&quot;:false,&quot;201341983&quot;:1,&quot;335551550&quot;:0,&quot;335551620&quot;:0,&quot;335559738&quot;:0,&quot;335559739&quot;:0,&quot;335559740&quot;:480}\">\u00a0<\/span><\/p>\n<p><span data-contrast=\"none\">Assim, como todos os pontos da proposta em negocia\u00e7\u00e3o, a taxa sindical tamb\u00e9m entrar\u00e1 em vota\u00e7\u00e3o. Se todos os itens da pauta forem aprovados, menos o valor da contribui\u00e7\u00e3o, o pacote do acordo cai, e a negocia\u00e7\u00e3o recome\u00e7a. Portanto, reajustes salariais s\u00f3 se tornar\u00e3o reais quando o valor de contribui\u00e7\u00e3o sindical para aquela rodada de debates for aceito e definido. Os dois pontos estar\u00e3o vinculados.<\/span><span data-ccp-props=\"{&quot;134233117&quot;:false,&quot;134233118&quot;:false,&quot;201341983&quot;:1,&quot;335551550&quot;:0,&quot;335551620&quot;:0,&quot;335559738&quot;:0,&quot;335559739&quot;:0,&quot;335559740&quot;:480}\">\u00a0<\/span><\/p>\n<p><span data-contrast=\"none\">\u2014 A assembleia vai definir se aprova ou n\u00e3o a contribui\u00e7\u00e3o sindical. Se a oposi\u00e7\u00e3o for maioria, o processo volta e recome\u00e7a a negocia\u00e7\u00e3o\u2014 diz o presidente da For\u00e7a Sindical, Miguel Torres.<\/span><span data-ccp-props=\"{&quot;134233117&quot;:false,&quot;134233118&quot;:false,&quot;201341983&quot;:1,&quot;335551550&quot;:0,&quot;335551620&quot;:0,&quot;335559738&quot;:0,&quot;335559739&quot;:0,&quot;335559740&quot;:480}\">\u00a0<\/span><\/p>\n<p aria-level=\"2\"><b><span data-contrast=\"none\">Custo para o trabalhador<\/span><\/b><span data-ccp-props=\"{&quot;134245418&quot;:true,&quot;134245529&quot;:true,&quot;201341983&quot;:0,&quot;335559738&quot;:40,&quot;335559739&quot;:0,&quot;335559740&quot;:259}\">\u00a0<\/span><\/p>\n<p><span data-contrast=\"none\">Para Jos\u00e9 M\u00e1rcio Camargo, professor da PUC-Rio e economista-chefe da Genial Investimentos, a nova contribui\u00e7\u00e3o traria de volta, na pr\u00e1tica, o imposto sindical obrigat\u00f3rio:<\/span><span data-ccp-props=\"{&quot;134233117&quot;:false,&quot;134233118&quot;:false,&quot;201341983&quot;:1,&quot;335551550&quot;:0,&quot;335551620&quot;:0,&quot;335559738&quot;:0,&quot;335559739&quot;:0,&quot;335559740&quot;:480}\">\u00a0<\/span><\/p>\n<p><span data-contrast=\"none\">\u2014 Acho p\u00e9ssimo porque obriga o trabalhador a pagar algo que ele n\u00e3o escolheu. E aumenta o custo do trabalho, principalmente dos trabalhadores menos qualificados. Espero que n\u00e3o consigam aprovar no Congresso. Para ter uma contribui\u00e7\u00e3o deste tipo, \u00e9 fundamental acabar com a unicidade sindical antes.<\/span><span data-ccp-props=\"{&quot;134233117&quot;:false,&quot;134233118&quot;:false,&quot;201341983&quot;:1,&quot;335551550&quot;:0,&quot;335551620&quot;:0,&quot;335559738&quot;:0,&quot;335559739&quot;:0,&quot;335559740&quot;:480}\">\u00a0<\/span><\/p>\n<p><span data-contrast=\"none\">As negocia\u00e7\u00f5es do Minist\u00e9rio do Trabalho come\u00e7aram em abril. Um grupo de trabalho foi montado na pasta com a participa\u00e7\u00e3o de representantes do governo, dos sindicatos trabalhistas e das confedera\u00e7\u00f5es patronais. Nesta semana, mais uma reuni\u00e3o deve acontecer para finalizar o texto do projeto de lei.<\/span><span data-ccp-props=\"{&quot;134233117&quot;:false,&quot;134233118&quot;:false,&quot;201341983&quot;:1,&quot;335551550&quot;:0,&quot;335551620&quot;:0,&quot;335559738&quot;:0,&quot;335559739&quot;:0,&quot;335559740&quot;:480}\">\u00a0<\/span><\/p>\n<p><span data-contrast=\"none\">Sob reserva, integrantes das entidades patronais avaliam que o valor estipulado pela minuta \u00e9 muito alto e dizem que o direito do trabalhador se opor \u00e0 nova contribui\u00e7\u00e3o precisa estar garantido. Mas afirmam que o debate deve avan\u00e7ar.<\/span><span data-ccp-props=\"{&quot;134233117&quot;:false,&quot;134233118&quot;:false,&quot;201341983&quot;:1,&quot;335551550&quot;:0,&quot;335551620&quot;:0,&quot;335559738&quot;:0,&quot;335559739&quot;:0,&quot;335559740&quot;:480}\">\u00a0<\/span><\/p>\n<p><span data-contrast=\"none\">Os sindicalistas argumentam que o financiamento \u00e9 parte essencial para manter o trabalho de base: deslocamento, material e reuni\u00f5es, o que tem custos.<\/span><span data-ccp-props=\"{&quot;134233117&quot;:false,&quot;134233118&quot;:false,&quot;201341983&quot;:1,&quot;335551550&quot;:0,&quot;335551620&quot;:0,&quot;335559738&quot;:0,&quot;335559739&quot;:0,&quot;335559740&quot;:480}\">\u00a0<\/span><\/p>\n<p><span data-contrast=\"none\">\u2014 A contribui\u00e7\u00e3o \u00e9 para o fortalecimento desse movimento, para conseguir melhorar a vida dos trabalhadores \u2014 diz o presidente da Uni\u00e3o Geral dos Trabalhadores (UGT), Ricardo Patah.<\/span><span data-ccp-props=\"{&quot;134233117&quot;:false,&quot;134233118&quot;:false,&quot;201341983&quot;:1,&quot;335551550&quot;:0,&quot;335551620&quot;:0,&quot;335559738&quot;:0,&quot;335559739&quot;:0,&quot;335559740&quot;:480}\">\u00a0<\/span><\/p>\n<p><span data-contrast=\"none\">Pela proposta, dois ter\u00e7os do valor arrecadado seriam destinados aos sindicatos e o restante distribu\u00eddo entre confedera\u00e7\u00f5es e federa\u00e7\u00f5es trabalhistas. De acordo com um levantamento do Dieese (Departamento Intersindical de Estat\u00edstica), o or\u00e7amento sindical proveniente da contribui\u00e7\u00e3o dos trabalhadores caiu de R$ 3,6 bilh\u00f5es, em 2017, antes da reforma trabalhista, para R$ 68 milh\u00f5es, em 2023, uma queda de 98%.<\/span><span data-ccp-props=\"{&quot;134233117&quot;:false,&quot;134233118&quot;:false,&quot;201341983&quot;:1,&quot;335551550&quot;:0,&quot;335551620&quot;:0,&quot;335559738&quot;:0,&quot;335559739&quot;:0,&quot;335559740&quot;:480}\">\u00a0<\/span><\/p>\n<p aria-level=\"2\"><b><span data-contrast=\"none\">Regra para coibir abuso<\/span><\/b><span data-ccp-props=\"{&quot;134245418&quot;:true,&quot;134245529&quot;:true,&quot;201341983&quot;:0,&quot;335559738&quot;:40,&quot;335559739&quot;:0,&quot;335559740&quot;:259}\">\u00a0<\/span><\/p>\n<p><span data-contrast=\"none\">O economista e professor da USP, Jos\u00e9 Pastore, pondera que a taxa precisa ser bem calibrada. Ele diz, no entanto, que n\u00e3o v\u00ea problema na cobran\u00e7a de uma contribui\u00e7\u00e3o compuls\u00f3ria e que reconhece que o processo de negocia\u00e7\u00e3o coletiva envolve custos.<\/span><span data-ccp-props=\"{&quot;134233117&quot;:false,&quot;134233118&quot;:false,&quot;201341983&quot;:1,&quot;335551550&quot;:0,&quot;335551620&quot;:0,&quot;335559738&quot;:0,&quot;335559739&quot;:0,&quot;335559740&quot;:480}\">\u00a0<\/span><\/p>\n<p><span data-contrast=\"none\">\u2014 Caso prevale\u00e7a o teto de 1%, a nova contribui\u00e7\u00e3o pode quase quadruplicar em rela\u00e7\u00e3o ao imposto obrigat\u00f3rio vigente antes da reforma. Antes, um trabalhador que ganhava R$ 3 mil mensais tinha de pagar R$ 100 ao ano, por exemplo. Com o novo teto, considerando o 13\u00ba sal\u00e1rio, a remunera\u00e7\u00e3o anual pode chegar, em m\u00e9dia, a R$ 39 mil, o que resultaria em uma contribui\u00e7\u00e3o sindical de R$ 390.<\/span><span data-ccp-props=\"{&quot;134233117&quot;:false,&quot;134233118&quot;:false,&quot;201341983&quot;:1,&quot;335551550&quot;:0,&quot;335551620&quot;:0,&quot;335559738&quot;:0,&quot;335559739&quot;:0,&quot;335559740&quot;:480}\">\u00a0<\/span><\/p>\n<p><span data-contrast=\"none\">Para ele, ser\u00e1 preciso ter regras claras para coibir abusos e definir crit\u00e9rios para evitar que as assembleias sejam manobradas.<\/span><span data-ccp-props=\"{&quot;134233117&quot;:false,&quot;134233118&quot;:false,&quot;201341983&quot;:1,&quot;335551550&quot;:0,&quot;335551620&quot;:0,&quot;335559738&quot;:0,&quot;335559739&quot;:0,&quot;335559740&quot;:480}\">\u00a0<\/span><\/p>\n<p><span data-contrast=\"none\">\u2014 Defini\u00e7\u00e3o de qu\u00f3rum, processo de decis\u00e3o, se por maioria simples ou absoluta e participa\u00e7\u00e3o, presencial e remota. Tudo isso precisa ser detalhado.<\/span><span data-ccp-props=\"{&quot;134233117&quot;:false,&quot;134233118&quot;:false,&quot;201341983&quot;:1,&quot;335551550&quot;:0,&quot;335551620&quot;:0,&quot;335559738&quot;:0,&quot;335559739&quot;:0,&quot;335559740&quot;:480}\">\u00a0<\/span><\/p>\n<p><span data-contrast=\"none\">A proposta tamb\u00e9m prev\u00ea novas regras para os sindicatos, como mandatos de at\u00e9 quatro anos e obrigatoriedade de elei\u00e7\u00f5es. H\u00e1 ainda incentivos \u00e0 realiza\u00e7\u00e3o de acordos coletivos com abrang\u00eancia nacional e forma\u00e7\u00e3o de cooperativa de sindicatos. Uma ideia \u00e9 criar \u00f3rg\u00e3o independente para tratar de quest\u00f5es sindicais, sem participa\u00e7\u00e3o do Estado.<\/span><span data-ccp-props=\"{&quot;134233117&quot;:false,&quot;134233118&quot;:false,&quot;201341983&quot;:1,&quot;335551550&quot;:0,&quot;335551620&quot;:0,&quot;335559738&quot;:0,&quot;335559739&quot;:0,&quot;335559740&quot;:480}\">\u00a0<\/span><\/p>\n<p>&nbsp;<\/p>\n<p>*\u00a0<em>O Globo &#8211; \u00a0Geralda Doca e Victoria Abel\u00a0<\/em><\/p>\n","protected":false},"excerpt":{"rendered":"<p>\u00a0O governo\u00a0Lula\u00a0pretende mexer em um dos principais pontos da reforma trabalhista e trazer de volta a\u00a0contribui\u00e7\u00e3o sindical obrigat\u00f3ria para os trabalhadores. De acordo com a proposta do Minist\u00e9rio do Trabalho, a taxa seria vinculada a acordos de reajuste salarial entre patr\u00f5es e empregados, que tenham intermedia\u00e7\u00e3o sindical.\u00a0 Volta do imposto sindical\u00a0 O texto est\u00e1 em [&hellip;]<\/p>\n","protected":false},"author":5,"featured_media":92231,"comment_status":"closed","ping_status":"closed","sticky":false,"template":"","format":"standard","meta":{"footnotes":""},"categories":[26,37],"tags":[],"class_list":["post-249105","post","type-post","status-publish","format-standard","has-post-thumbnail","hentry","category-economia","category-politica"],"_links":{"self":[{"href":"https:\/\/www.ocorreionews.com.br\/acervo-correio\/index.php?rest_route=\/wp\/v2\/posts\/249105","targetHints":{"allow":["GET"]}}],"collection":[{"href":"https:\/\/www.ocorreionews.com.br\/acervo-correio\/index.php?rest_route=\/wp\/v2\/posts"}],"about":[{"href":"https:\/\/www.ocorreionews.com.br\/acervo-correio\/index.php?rest_route=\/wp\/v2\/types\/post"}],"author":[{"embeddable":true,"href":"https:\/\/www.ocorreionews.com.br\/acervo-correio\/index.php?rest_route=\/wp\/v2\/users\/5"}],"replies":[{"embeddable":true,"href":"https:\/\/www.ocorreionews.com.br\/acervo-correio\/index.php?rest_route=%2Fwp%2Fv2%2Fcomments&post=249105"}],"version-history":[{"count":1,"href":"https:\/\/www.ocorreionews.com.br\/acervo-correio\/index.php?rest_route=\/wp\/v2\/posts\/249105\/revisions"}],"predecessor-version":[{"id":249107,"href":"https:\/\/www.ocorreionews.com.br\/acervo-correio\/index.php?rest_route=\/wp\/v2\/posts\/249105\/revisions\/249107"}],"wp:featuredmedia":[{"embeddable":true,"href":"https:\/\/www.ocorreionews.com.br\/acervo-correio\/index.php?rest_route=\/wp\/v2\/media\/92231"}],"wp:attachment":[{"href":"https:\/\/www.ocorreionews.com.br\/acervo-correio\/index.php?rest_route=%2Fwp%2Fv2%2Fmedia&parent=249105"}],"wp:term":[{"taxonomy":"category","embeddable":true,"href":"https:\/\/www.ocorreionews.com.br\/acervo-correio\/index.php?rest_route=%2Fwp%2Fv2%2Fcategories&post=249105"},{"taxonomy":"post_tag","embeddable":true,"href":"https:\/\/www.ocorreionews.com.br\/acervo-correio\/index.php?rest_route=%2Fwp%2Fv2%2Ftags&post=249105"}],"curies":[{"name":"wp","href":"https:\/\/api.w.org\/{rel}","templated":true}]}}