{"id":249430,"date":"2023-08-23T13:48:30","date_gmt":"2023-08-23T17:48:30","guid":{"rendered":"https:\/\/www.ocorreionews.com.br\/acervo-correio\/?p=249430"},"modified":"2023-08-23T13:48:30","modified_gmt":"2023-08-23T17:48:30","slug":"predio-do-detran-de-alcinopolis-precisa-de-reforma-e-ampliacao-diz-mara-caseiro","status":"publish","type":"post","link":"https:\/\/www.ocorreionews.com.br\/acervo-correio\/?p=249430","title":{"rendered":"Pr\u00e9dio do Detran de Alcin\u00f3polis precisa de reforma e amplia\u00e7\u00e3o, diz Mara Caseiro"},"content":{"rendered":"<p>A reforma e amplia\u00e7\u00e3o do pr\u00e9dio do Departamento Estadual de Tr\u00e2nsito do Estado de Mato Grosso do Sul (DETRAN) em Alcin\u00f3polis foi solicitada pela deputada estadual Mara Caseiro (PSDB) ao secret\u00e1rio estadual de Infraestrutura e Log\u00edstica, H\u00e9lio Peluffo Filho. A indica\u00e7\u00e3o atende pedido do vereador Valdeci Passarinho.<\/p>\n<p>&nbsp;<\/p>\n<p>Conforme ele, o pr\u00e9dio do DETRAN em Alcin\u00f3polis nunca passou por reformas. \u201cO ambiente est\u00e1 com l\u00e2mpadas quebradas, a pintura est\u00e1 em p\u00e9ssimo estado e as mob\u00edlias se encontram quebradas\u201d, afirmou o vereador.<\/p>\n<p>&nbsp;<\/p>\n<p>Para a deputada, \u00e0 medida que aumentam as demandas relativas ao tr\u00e2nsito municipal, aumenta a necessidade de reforma da estrutura f\u00edsica do pr\u00e9dio. \u201cN\u00e3o h\u00e1 condi\u00e7\u00f5es de oferecer bom atendimento ao p\u00fablico, uma vez que o pr\u00e9dio se encontra deteriorado. O espa\u00e7o \u00e9 muito pequeno e incapaz de abrigar um grande n\u00famero de pessoas, al\u00e9m de causar desconforto aos servidores que prestam diariamente seus servi\u00e7os no local\u201d, disse a deputada.<\/p>\n<p>&nbsp;<\/p>\n<p>Ela apresentou o pedido na sess\u00e3o plen\u00e1ria da Assembleia Legislativa de Mato Grosso do Sul desta quarta-feira (23), com encaminhamento do pedido ao diretor-presidente do DETRAN, Rudel Trindade J\u00fanior. \u201cA reforma da estrutura f\u00edsica do pr\u00e9dio do DETRAN\/MS, no Munic\u00edpio de Alcin\u00f3polis \u00e9 emergencial e merece ser realizada com a maior brevidade poss\u00edvel\u201d, concluiu.<\/p>\n<p>&nbsp;<\/p>\n<p>&nbsp;<\/p>\n<p>&#8212;<\/p>\n<p>Tavane Ferraresi<\/p>\n<p>Assessoria de Comunica\u00e7\u00e3o<\/p>\n","protected":false},"excerpt":{"rendered":"<p>A reforma e amplia\u00e7\u00e3o do pr\u00e9dio do Departamento Estadual de Tr\u00e2nsito do Estado de Mato Grosso do Sul (DETRAN) em Alcin\u00f3polis foi solicitada pela deputada estadual Mara Caseiro (PSDB) ao secret\u00e1rio estadual de Infraestrutura e Log\u00edstica, H\u00e9lio Peluffo Filho. A indica\u00e7\u00e3o atende pedido do vereador Valdeci Passarinho. &nbsp; Conforme ele, o pr\u00e9dio do DETRAN em [&hellip;]<\/p>\n","protected":false},"author":4,"featured_media":248860,"comment_status":"closed","ping_status":"closed","sticky":false,"template":"","format":"standard","meta":{"footnotes":""},"categories":[18],"tags":[],"class_list":["post-249430","post","type-post","status-publish","format-standard","has-post-thumbnail","hentry","category-alcinopolis"],"_links":{"self":[{"href":"https:\/\/www.ocorreionews.com.br\/acervo-correio\/index.php?rest_route=\/wp\/v2\/posts\/249430","targetHints":{"allow":["GET"]}}],"collection":[{"href":"https:\/\/www.ocorreionews.com.br\/acervo-correio\/index.php?rest_route=\/wp\/v2\/posts"}],"about":[{"href":"https:\/\/www.ocorreionews.com.br\/acervo-correio\/index.php?rest_route=\/wp\/v2\/types\/post"}],"author":[{"embeddable":true,"href":"https:\/\/www.ocorreionews.com.br\/acervo-correio\/index.php?rest_route=\/wp\/v2\/users\/4"}],"replies":[{"embeddable":true,"href":"https:\/\/www.ocorreionews.com.br\/acervo-correio\/index.php?rest_route=%2Fwp%2Fv2%2Fcomments&post=249430"}],"version-history":[{"count":1,"href":"https:\/\/www.ocorreionews.com.br\/acervo-correio\/index.php?rest_route=\/wp\/v2\/posts\/249430\/revisions"}],"predecessor-version":[{"id":249432,"href":"https:\/\/www.ocorreionews.com.br\/acervo-correio\/index.php?rest_route=\/wp\/v2\/posts\/249430\/revisions\/249432"}],"wp:featuredmedia":[{"embeddable":true,"href":"https:\/\/www.ocorreionews.com.br\/acervo-correio\/index.php?rest_route=\/wp\/v2\/media\/248860"}],"wp:attachment":[{"href":"https:\/\/www.ocorreionews.com.br\/acervo-correio\/index.php?rest_route=%2Fwp%2Fv2%2Fmedia&parent=249430"}],"wp:term":[{"taxonomy":"category","embeddable":true,"href":"https:\/\/www.ocorreionews.com.br\/acervo-correio\/index.php?rest_route=%2Fwp%2Fv2%2Fcategories&post=249430"},{"taxonomy":"post_tag","embeddable":true,"href":"https:\/\/www.ocorreionews.com.br\/acervo-correio\/index.php?rest_route=%2Fwp%2Fv2%2Ftags&post=249430"}],"curies":[{"name":"wp","href":"https:\/\/api.w.org\/{rel}","templated":true}]}}