{"id":249440,"date":"2023-08-23T14:23:37","date_gmt":"2023-08-23T18:23:37","guid":{"rendered":"https:\/\/www.ocorreionews.com.br\/acervo-correio\/?p=249440"},"modified":"2023-08-23T14:23:37","modified_gmt":"2023-08-23T18:23:37","slug":"morre-primeira-dama-de-sete-quedas-luiza-piroli","status":"publish","type":"post","link":"https:\/\/www.ocorreionews.com.br\/acervo-correio\/?p=249440","title":{"rendered":"Morre primeira-dama de Sete Quedas, Luiza Piroli"},"content":{"rendered":"<p>A primeira-dama do Munic\u00edpio de Sete Quedas, Luiza Piroli, faleceu nesta quarta-feira, aos 61 anos. Ela era esposa do prefeito, Chico Piroli.<\/p>\n<p>\u201c\u00c9 com pesar que soube do falecimento da primeira-dama Luiza Paulo Piroli, esposa do prefeito de Sete Quedas, Francisco Piroli.<br \/>\nUma pessoa querida e amada por todos que a conheciam. Luiza ser\u00e1 lembrada por sua simpatia e deixar\u00e1 saudades. Desejo for\u00e7a ao meu amigo Chico Piroli e seus familiares neste momento de dor\u201d, postou o ex-governador Reinaldo Azambuja.<\/p>\n<p>Na rede social, familiares e amigos lamentaram o falecimento da primeira-dama do munic\u00edpio.<\/p>\n<p>\u201cAssim quero lembrar da senhora tia\/madrinha. Teu sorriso todas as vezes que encontrava a senhora. Muito triste saber que n\u00e3o iremos nos ver mais e que vai ficar saudade da grande pessoa que foi,mulher guerreira, m\u00e3e, esposa e nona\u2026 deixou tantos exemplos de humildade, de que amar pr\u00f3ximo e fazer bem sempre est\u00e1 em primeiro lugar. Ajudou tantas pessoas sem olhar a quem\u2026que Deus receba de bra\u00e7os abertos tia Luiza Piroli olhe por n\u00f3s aqui\u201d, postou a sobrinha Cleusa Piroli.<\/p>\n<p>A causa da morte da primeira-dama n\u00e3o foi divulgada at\u00e9 o momento.<\/p>\n<p><a class=\"url fn n author_name\" href=\"https:\/\/investigams.com.br\/author\/wendellreis\/\">Wendell Reis<\/a> investigams<\/p>\n","protected":false},"excerpt":{"rendered":"<p>A primeira-dama do Munic\u00edpio de Sete Quedas, Luiza Piroli, faleceu nesta quarta-feira, aos 61 anos. Ela era esposa do prefeito, Chico Piroli. \u201c\u00c9 com pesar que soube do falecimento da primeira-dama Luiza Paulo Piroli, esposa do prefeito de Sete Quedas, Francisco Piroli. Uma pessoa querida e amada por todos que a conheciam. Luiza ser\u00e1 lembrada [&hellip;]<\/p>\n","protected":false},"author":4,"featured_media":249441,"comment_status":"closed","ping_status":"closed","sticky":false,"template":"","format":"standard","meta":{"footnotes":""},"categories":[37],"tags":[],"class_list":["post-249440","post","type-post","status-publish","format-standard","has-post-thumbnail","hentry","category-politica"],"_links":{"self":[{"href":"https:\/\/www.ocorreionews.com.br\/acervo-correio\/index.php?rest_route=\/wp\/v2\/posts\/249440","targetHints":{"allow":["GET"]}}],"collection":[{"href":"https:\/\/www.ocorreionews.com.br\/acervo-correio\/index.php?rest_route=\/wp\/v2\/posts"}],"about":[{"href":"https:\/\/www.ocorreionews.com.br\/acervo-correio\/index.php?rest_route=\/wp\/v2\/types\/post"}],"author":[{"embeddable":true,"href":"https:\/\/www.ocorreionews.com.br\/acervo-correio\/index.php?rest_route=\/wp\/v2\/users\/4"}],"replies":[{"embeddable":true,"href":"https:\/\/www.ocorreionews.com.br\/acervo-correio\/index.php?rest_route=%2Fwp%2Fv2%2Fcomments&post=249440"}],"version-history":[{"count":1,"href":"https:\/\/www.ocorreionews.com.br\/acervo-correio\/index.php?rest_route=\/wp\/v2\/posts\/249440\/revisions"}],"predecessor-version":[{"id":249442,"href":"https:\/\/www.ocorreionews.com.br\/acervo-correio\/index.php?rest_route=\/wp\/v2\/posts\/249440\/revisions\/249442"}],"wp:featuredmedia":[{"embeddable":true,"href":"https:\/\/www.ocorreionews.com.br\/acervo-correio\/index.php?rest_route=\/wp\/v2\/media\/249441"}],"wp:attachment":[{"href":"https:\/\/www.ocorreionews.com.br\/acervo-correio\/index.php?rest_route=%2Fwp%2Fv2%2Fmedia&parent=249440"}],"wp:term":[{"taxonomy":"category","embeddable":true,"href":"https:\/\/www.ocorreionews.com.br\/acervo-correio\/index.php?rest_route=%2Fwp%2Fv2%2Fcategories&post=249440"},{"taxonomy":"post_tag","embeddable":true,"href":"https:\/\/www.ocorreionews.com.br\/acervo-correio\/index.php?rest_route=%2Fwp%2Fv2%2Ftags&post=249440"}],"curies":[{"name":"wp","href":"https:\/\/api.w.org\/{rel}","templated":true}]}}