{"id":249443,"date":"2023-08-23T17:51:12","date_gmt":"2023-08-23T21:51:12","guid":{"rendered":"https:\/\/www.ocorreionews.com.br\/acervo-correio\/?p=249443"},"modified":"2023-08-24T09:58:42","modified_gmt":"2023-08-24T13:58:42","slug":"comunicado-alteracao-na-emissao-de-nota-fiscal-eletronica-para-mei-microempreendedor-individual","status":"publish","type":"post","link":"https:\/\/www.ocorreionews.com.br\/acervo-correio\/?p=249443","title":{"rendered":"COMUNICADO: Altera\u00e7\u00e3o na emiss\u00e3o de Nota Fiscal Eletr\u00f4nica para MEI &#8211; Microempreendedor Individual"},"content":{"rendered":"<p>Conforme\u00a0 Lei Complementar n\u00ba 123, de 14 de dezembro de 2006 e atendendo a Resolu\u00e7\u00e3o CGSN n\u00ba 169, de 27 de julho de 2022, comunicamos que o Portal para emiss\u00e3o da Nota Fiscal de Servi\u00e7os Eletr\u00f4nica &#8211; Padr\u00e3o Nacional estar\u00e1 dispon\u00edvel para que o Microempreendedor Individual emita a sua NFSe a partir do dia 01\/09\/2023.<\/p>\n<p>O contribuinte MEI poder\u00e1 emitir a Nota Fiscal Eletr\u00f4nica de Servi\u00e7os, utilizando o sistema ISSWEB das prefeitura, somente at\u00e9 o dia 31\/08\/2023.<\/p>\n<p>A partir do dia 01\/09\/2023, o Microempreendedor Individual (MEI) dever\u00e1 emitir a Nota Fiscal eletr\u00f4nica de Servi\u00e7os somente atrav\u00e9s do Emissor WEB, dispon\u00edvel atrav\u00e9s do link\u00a0<a href=\"http:\/\/www.nfse.gov.br\/EmissorNacional\" target=\"_blank\" rel=\"noopener\">www.nfse.gov.br\/EmissorNacional<\/a>.<\/p>\n<p>Portanto, informamos que \u00e9 necess\u00e1rio que o MEI efetue o seu cadastro no Portal de Gest\u00e3o NFS-e &#8211; Contribuinte, para continuar emitindo a Nota Fiscal Eletr\u00f4nica de Servi\u00e7os a partir do dia 01\/09\/2023.<\/p>\n<p>IMPORTANTE! A emiss\u00e3o da Nota Fiscal de Servi\u00e7os Eletr\u00f4nica de Servi\u00e7os atrav\u00e9s do Portal de Gest\u00e3o NFS-e (Emissor Nacional) n\u00e3o dispensa a inscri\u00e7\u00e3o municipal, que continua sendo obrigat\u00f3ria.<\/p>\n<p>Informa\u00e7\u00f5es para cadastro do MEI no Emissor de Nota Fiscal Nacional:<\/p>\n<p>Para efetuar o cadastro no Emissor de Nota Fiscal Nacional, acesse: Portal de Gest\u00e3o NFS-e \u2013 Contribuinte EBook;<\/p>\n<p>Passo a passo para cadastro e emiss\u00e3o pelos MEIs<\/p>\n<p>Cadastro no Portal Nacional de Emiss\u00e3o de Nota Fiscal de Servi\u00e7o Eletr\u00f4nica:<\/p>\n<p><a href=\"https:\/\/www.nfse.gov.br\/EmissorNacional\/Login?ReturnUrl=%2FEmissorNacional\" target=\"_blank\" rel=\"noopener\">https:\/\/www.nfse.gov.br\/EmissorNacional\/Login?ReturnUrl=%2FEmissorNacional<\/a><\/p>\n<p>Emiss\u00e3o de Nota Fiscal de Servi\u00e7o Eletr\u00f4nica NFS-E atrav\u00e9s do Emissor WEB: <a href=\"https:\/\/www.gov.br\/nfse\/ebook-mei-cadastramento-e-emissao-nfs-e.pdf\">https:\/\/www.gov.br\/nfse\/ebook-mei-cadastramento-e-emissao-nfs-e.pdf<\/a><\/p>\n<p>V\u00eddeos:<\/p>\n<p><a href=\"https:\/\/www.youtube.com\/watch?v=jCf0QQ4n7xc\" target=\"_blank\" rel=\"noopener\">https:\/\/www.youtube.com\/watch?v=jCf0QQ4n7xc<\/a><\/p>\n<p><a href=\"https:\/\/www.youtube.com\/watch?v=Oxf-l9-Mh1o\" target=\"_blank\" rel=\"noopener\">https:\/\/www.youtube.com\/watch?v=Oxf-l9-Mh1o<\/a><\/p>\n<p>ATEN\u00c7\u00c3O!<\/p>\n<p>Para os demais contribuintes a emiss\u00e3o da Nota Fiscal de Servi\u00e7o Eletr\u00f4nica &#8211; NFSe permanecer\u00e1 sem altera\u00e7\u00f5es, sendo realizada, normalmente, no Portal da Nota Fiscal do Munic\u00edpio.<\/p>\n<p>Caso ocorra altera\u00e7\u00e3o na Resolu\u00e7\u00e3o 169 sobre prazos ou obrigatoriedade de emiss\u00e3o, faremos novo comunicando neste canal.<\/p>\n","protected":false},"excerpt":{"rendered":"<p>Conforme\u00a0 Lei Complementar n\u00ba 123, de 14 de dezembro de 2006 e atendendo a Resolu\u00e7\u00e3o CGSN n\u00ba 169, de 27 de julho de 2022, comunicamos que o Portal para emiss\u00e3o da Nota Fiscal de Servi\u00e7os Eletr\u00f4nica &#8211; Padr\u00e3o Nacional estar\u00e1 dispon\u00edvel para que o Microempreendedor Individual emita a sua NFSe a partir do dia 01\/09\/2023. [&hellip;]<\/p>\n","protected":false},"author":4,"featured_media":233903,"comment_status":"closed","ping_status":"closed","sticky":false,"template":"","format":"standard","meta":{"footnotes":""},"categories":[23,41],"tags":[],"class_list":["post-249443","post","type-post","status-publish","format-standard","has-post-thumbnail","hentry","category-chapadao-do-sul","category-destaque"],"_links":{"self":[{"href":"https:\/\/www.ocorreionews.com.br\/acervo-correio\/index.php?rest_route=\/wp\/v2\/posts\/249443","targetHints":{"allow":["GET"]}}],"collection":[{"href":"https:\/\/www.ocorreionews.com.br\/acervo-correio\/index.php?rest_route=\/wp\/v2\/posts"}],"about":[{"href":"https:\/\/www.ocorreionews.com.br\/acervo-correio\/index.php?rest_route=\/wp\/v2\/types\/post"}],"author":[{"embeddable":true,"href":"https:\/\/www.ocorreionews.com.br\/acervo-correio\/index.php?rest_route=\/wp\/v2\/users\/4"}],"replies":[{"embeddable":true,"href":"https:\/\/www.ocorreionews.com.br\/acervo-correio\/index.php?rest_route=%2Fwp%2Fv2%2Fcomments&post=249443"}],"version-history":[{"count":2,"href":"https:\/\/www.ocorreionews.com.br\/acervo-correio\/index.php?rest_route=\/wp\/v2\/posts\/249443\/revisions"}],"predecessor-version":[{"id":249502,"href":"https:\/\/www.ocorreionews.com.br\/acervo-correio\/index.php?rest_route=\/wp\/v2\/posts\/249443\/revisions\/249502"}],"wp:featuredmedia":[{"embeddable":true,"href":"https:\/\/www.ocorreionews.com.br\/acervo-correio\/index.php?rest_route=\/wp\/v2\/media\/233903"}],"wp:attachment":[{"href":"https:\/\/www.ocorreionews.com.br\/acervo-correio\/index.php?rest_route=%2Fwp%2Fv2%2Fmedia&parent=249443"}],"wp:term":[{"taxonomy":"category","embeddable":true,"href":"https:\/\/www.ocorreionews.com.br\/acervo-correio\/index.php?rest_route=%2Fwp%2Fv2%2Fcategories&post=249443"},{"taxonomy":"post_tag","embeddable":true,"href":"https:\/\/www.ocorreionews.com.br\/acervo-correio\/index.php?rest_route=%2Fwp%2Fv2%2Ftags&post=249443"}],"curies":[{"name":"wp","href":"https:\/\/api.w.org\/{rel}","templated":true}]}}