{"id":249474,"date":"2023-08-24T08:07:38","date_gmt":"2023-08-24T12:07:38","guid":{"rendered":"https:\/\/www.ocorreionews.com.br\/acervo-correio\/?p=249474"},"modified":"2023-08-24T08:07:38","modified_gmt":"2023-08-24T12:07:38","slug":"vereador-ailton-martins-solicita-pavimentacao-e-fiscalizacao-de-onibus-da-adamantina","status":"publish","type":"post","link":"https:\/\/www.ocorreionews.com.br\/acervo-correio\/?p=249474","title":{"rendered":"Vereador Ailton Martins solicita pavimenta\u00e7\u00e3o e fiscaliza\u00e7\u00e3o de \u00d4nibus da Adamantina"},"content":{"rendered":"<p>Durante a se sess\u00e3o desta segunda-feira (21) o presidente da C\u00e2mara, Ailton Martins de Amorim (MDB) apresentou duas indica\u00e7\u00f5es.<\/p>\n<p>Ao secret\u00e1rio municipal de Obras solicitou a pavimenta\u00e7\u00e3o asf\u00e1ltica em trechos da rua Corcovado e da rua P\u00e3o de A\u00e7\u00facar, ambas situadas no bairro Parque Suc\u00fariu II. Conforme relato dos moradores, as ruas est\u00e3o deterioradas e com buracos, demandando a realiza\u00e7\u00e3o do servi\u00e7o.<\/p>\n<p>Em outra indica\u00e7\u00e3o, o vereador solicitou a fiscaliza\u00e7\u00e3o e a regula\u00e7\u00e3o da frota de \u00f4nibus disponibilizada pela empresa Expresso Adamantina na linha Costa Rica \u00e0 Parana\u00edba. Ailton justificou que foi recebido relatos de passageiros que apontam para a exist\u00eancia de \u00f4nibus degradados e em condi\u00e7\u00f5es prec\u00e1rias.<\/p>\n<p>\u201cEntre as reclama\u00e7\u00f5es est\u00e3o problemas como defeitos no sistema de ar-condicionado, bancos deteriorados e outras quest\u00f5es que comprometem a seguran\u00e7a e o conforto dos passageiros. Al\u00e9m de atrasos frequentes nos hor\u00e1rios de partida e chegada da linha\u201d, contou o presidente.<\/p>\n<p>A indica\u00e7\u00f5es <a href=\"chrome-extension:\/\/efaidnbmnnnibpcajpcglclefindmkaj\/https:\/cmcostarica.legissuper.com.br\/documentPdf\/5259\">n\u00b0 194<\/a> e <a href=\"chrome-extension:\/\/efaidnbmnnnibpcajpcglclefindmkaj\/https:\/cmcostarica.legissuper.com.br\/documentPdf\/5263\">n\u00b0 197<\/a> foram apresentas e aprovadas durante a 27\u00aa sess\u00e3o ordin\u00e1ria e encaminhadas ao prefeito Cleverson Alves dos Santos, ao secret\u00e1rio de Obras e ao diretor-presidente da Ag\u00eancia Estadual de Regula\u00e7\u00e3o de Servi\u00e7os P\u00fablicos de Mato Grosso do Sul (AGEMS) Carlos Alberto de Assis.<\/p>\n<p>&nbsp;<\/p>\n<p><strong>Informa\u00e7\u00f5es:<\/strong><\/p>\n<p>Cassiane Mews \u2013 Assessora de Imprensa<\/p>\n","protected":false},"excerpt":{"rendered":"<p>Durante a se sess\u00e3o desta segunda-feira (21) o presidente da C\u00e2mara, Ailton Martins de Amorim (MDB) apresentou duas indica\u00e7\u00f5es. Ao secret\u00e1rio municipal de Obras solicitou a pavimenta\u00e7\u00e3o asf\u00e1ltica em trechos da rua Corcovado e da rua P\u00e3o de A\u00e7\u00facar, ambas situadas no bairro Parque Suc\u00fariu II. Conforme relato dos moradores, as ruas est\u00e3o deterioradas e [&hellip;]<\/p>\n","protected":false},"author":4,"featured_media":99949,"comment_status":"closed","ping_status":"closed","sticky":false,"template":"","format":"standard","meta":{"footnotes":""},"categories":[20],"tags":[],"class_list":["post-249474","post","type-post","status-publish","format-standard","has-post-thumbnail","hentry","category-camara-municipal"],"_links":{"self":[{"href":"https:\/\/www.ocorreionews.com.br\/acervo-correio\/index.php?rest_route=\/wp\/v2\/posts\/249474","targetHints":{"allow":["GET"]}}],"collection":[{"href":"https:\/\/www.ocorreionews.com.br\/acervo-correio\/index.php?rest_route=\/wp\/v2\/posts"}],"about":[{"href":"https:\/\/www.ocorreionews.com.br\/acervo-correio\/index.php?rest_route=\/wp\/v2\/types\/post"}],"author":[{"embeddable":true,"href":"https:\/\/www.ocorreionews.com.br\/acervo-correio\/index.php?rest_route=\/wp\/v2\/users\/4"}],"replies":[{"embeddable":true,"href":"https:\/\/www.ocorreionews.com.br\/acervo-correio\/index.php?rest_route=%2Fwp%2Fv2%2Fcomments&post=249474"}],"version-history":[{"count":1,"href":"https:\/\/www.ocorreionews.com.br\/acervo-correio\/index.php?rest_route=\/wp\/v2\/posts\/249474\/revisions"}],"predecessor-version":[{"id":249475,"href":"https:\/\/www.ocorreionews.com.br\/acervo-correio\/index.php?rest_route=\/wp\/v2\/posts\/249474\/revisions\/249475"}],"wp:featuredmedia":[{"embeddable":true,"href":"https:\/\/www.ocorreionews.com.br\/acervo-correio\/index.php?rest_route=\/wp\/v2\/media\/99949"}],"wp:attachment":[{"href":"https:\/\/www.ocorreionews.com.br\/acervo-correio\/index.php?rest_route=%2Fwp%2Fv2%2Fmedia&parent=249474"}],"wp:term":[{"taxonomy":"category","embeddable":true,"href":"https:\/\/www.ocorreionews.com.br\/acervo-correio\/index.php?rest_route=%2Fwp%2Fv2%2Fcategories&post=249474"},{"taxonomy":"post_tag","embeddable":true,"href":"https:\/\/www.ocorreionews.com.br\/acervo-correio\/index.php?rest_route=%2Fwp%2Fv2%2Ftags&post=249474"}],"curies":[{"name":"wp","href":"https:\/\/api.w.org\/{rel}","templated":true}]}}