{"id":249476,"date":"2023-08-24T08:17:38","date_gmt":"2023-08-24T12:17:38","guid":{"rendered":"https:\/\/www.ocorreionews.com.br\/acervo-correio\/?p=249476"},"modified":"2023-08-24T08:17:38","modified_gmt":"2023-08-24T12:17:38","slug":"homem-e-esfaqueado-pelo-seu-enteado-em-chapadao-do-sul","status":"publish","type":"post","link":"https:\/\/www.ocorreionews.com.br\/acervo-correio\/?p=249476","title":{"rendered":"Homem \u00e9 esfaqueado pelo seu enteado em Chapad\u00e3o do Sul"},"content":{"rendered":"<p>Na madrugada desta quinta-feira (24), um homem de 33 anos, foi esfaqueado pelo seu enteado ap\u00f3s uma discuss\u00e3o com sua companheira, na cidade de Chapad\u00e3o do Sul.<\/p>\n<p>Segundo informa\u00e7\u00f5es repassadas para nossa reportagem, o Corpo de Bombeiros foi acionado, para atender uma v\u00edtima de ferimentos de arma branca (faca), que se encontrava em um estabelecimento, na Avenida Goi\u00e1s. No local os socorrista encontraram o homem com duas perfura\u00e7\u00f5es, uma regi\u00e3o tor\u00e1cica e outra no abd\u00f4men, e v\u00edtima consciente orientada.<\/p>\n<p>Durante atendimento, relatou que o autor do esfaqueamento seria o filho de sua companheira. Por motivo que n\u00e3o foi revelado, homem teria brigado com sua companheira e que ele queria se separar dela, quando o seu enteado desferiu as duas facadas nele.<\/p>\n<p>A v\u00edtima do esfaqueamento ainda relatou aos socorrista, que o fato aconteceu na sua resid\u00eancia que fica na Rua Camapu\u00e3, mas saiu correndo para pedir ajuda no estabelecimento comercial ap\u00f3s ser esfaqueado.<\/p>\n<p>A pol\u00edcia militar foi acionada e a v\u00edtima foi encaminhada para Hospital Municipal para receber atendimento m\u00e9dico.<\/p>\n","protected":false},"excerpt":{"rendered":"<p>Na madrugada desta quinta-feira (24), um homem de 33 anos, foi esfaqueado pelo seu enteado ap\u00f3s uma discuss\u00e3o com sua companheira, na cidade de Chapad\u00e3o do Sul. Segundo informa\u00e7\u00f5es repassadas para nossa reportagem, o Corpo de Bombeiros foi acionado, para atender uma v\u00edtima de ferimentos de arma branca (faca), que se encontrava em um estabelecimento, [&hellip;]<\/p>\n","protected":false},"author":5,"featured_media":96329,"comment_status":"closed","ping_status":"closed","sticky":false,"template":"","format":"standard","meta":{"footnotes":""},"categories":[23,41,38],"tags":[],"class_list":["post-249476","post","type-post","status-publish","format-standard","has-post-thumbnail","hentry","category-chapadao-do-sul","category-destaque","category-policia"],"_links":{"self":[{"href":"https:\/\/www.ocorreionews.com.br\/acervo-correio\/index.php?rest_route=\/wp\/v2\/posts\/249476","targetHints":{"allow":["GET"]}}],"collection":[{"href":"https:\/\/www.ocorreionews.com.br\/acervo-correio\/index.php?rest_route=\/wp\/v2\/posts"}],"about":[{"href":"https:\/\/www.ocorreionews.com.br\/acervo-correio\/index.php?rest_route=\/wp\/v2\/types\/post"}],"author":[{"embeddable":true,"href":"https:\/\/www.ocorreionews.com.br\/acervo-correio\/index.php?rest_route=\/wp\/v2\/users\/5"}],"replies":[{"embeddable":true,"href":"https:\/\/www.ocorreionews.com.br\/acervo-correio\/index.php?rest_route=%2Fwp%2Fv2%2Fcomments&post=249476"}],"version-history":[{"count":1,"href":"https:\/\/www.ocorreionews.com.br\/acervo-correio\/index.php?rest_route=\/wp\/v2\/posts\/249476\/revisions"}],"predecessor-version":[{"id":249477,"href":"https:\/\/www.ocorreionews.com.br\/acervo-correio\/index.php?rest_route=\/wp\/v2\/posts\/249476\/revisions\/249477"}],"wp:featuredmedia":[{"embeddable":true,"href":"https:\/\/www.ocorreionews.com.br\/acervo-correio\/index.php?rest_route=\/wp\/v2\/media\/96329"}],"wp:attachment":[{"href":"https:\/\/www.ocorreionews.com.br\/acervo-correio\/index.php?rest_route=%2Fwp%2Fv2%2Fmedia&parent=249476"}],"wp:term":[{"taxonomy":"category","embeddable":true,"href":"https:\/\/www.ocorreionews.com.br\/acervo-correio\/index.php?rest_route=%2Fwp%2Fv2%2Fcategories&post=249476"},{"taxonomy":"post_tag","embeddable":true,"href":"https:\/\/www.ocorreionews.com.br\/acervo-correio\/index.php?rest_route=%2Fwp%2Fv2%2Ftags&post=249476"}],"curies":[{"name":"wp","href":"https:\/\/api.w.org\/{rel}","templated":true}]}}