{"id":249484,"date":"2023-08-24T09:21:11","date_gmt":"2023-08-24T13:21:11","guid":{"rendered":"https:\/\/www.ocorreionews.com.br\/acervo-correio\/?p=249484"},"modified":"2023-08-24T09:22:35","modified_gmt":"2023-08-24T13:22:35","slug":"secretaria-municipal-de-saude-implantacao-de-servico-de-telediagnostico-em-dermatologia","status":"publish","type":"post","link":"https:\/\/www.ocorreionews.com.br\/acervo-correio\/?p=249484","title":{"rendered":"Secretaria Municipal de Sa\u00fade &#8211; Implanta\u00e7\u00e3o de servi\u00e7o de telediagn\u00f3stico em dermatologia"},"content":{"rendered":"<p><em><strong>ALCIN\u00d3POLIS<\/strong><\/em> Nos dias 21, 22 e 23 de agosto recebemos a visita da Enfermeira Sanitarista, especialista em Sa\u00fade do Trabalho, que ocupa o cargo de Diretora do Telessa\u00fade da Secretaria Estadual de Sa\u00fade\/MS, Rosangela Dobro, para a implanta\u00e7\u00e3o Servi\u00e7o de Teledermatologia no Munic\u00edpio. Profissionais da Secret\u00e1ria Municipal de Sa\u00fade como Enfermeiros, T\u00e9cnicos de Enfermagem, M\u00e9dicos, Agentes Comunit\u00e1rios de Sa\u00fade, Assistentes Sociais, Diretores e Coordenadores das unidades de sa\u00fade foram orientados quanto ao novo servi\u00e7o e como ser\u00e1 o fluxo.<\/p>\n<p>Teve capacita\u00e7\u00e3o especifica para os m\u00e9dicos, os quais ser\u00e3o os solicitantes do servi\u00e7o, e tamb\u00e9m para Enfermeiros e T\u00e9cnicos de Enfermagem que ser\u00e3o os respons\u00e1veis pela execu\u00e7\u00e3o e envio do exame.<\/p>\n<p>A Teledermatologia faz parte do servi\u00e7o de telediagn\u00f3stico. Ela possibilita a elabora\u00e7\u00e3o de laudos \u00e0 dist\u00e2ncia, por m\u00e9dicos especialistas via sistema on-line, que ser\u00e3o enviados ao m\u00e9dico que acompanha o paciente presencialmente com as orienta\u00e7\u00f5es necess\u00e1rias. Vale ressaltar que em muitas situa\u00e7\u00f5es o paciente ser\u00e1 tratado no munic\u00edpio mesmo, sem a necessidade de ter que se deslocar para outro munic\u00edpio para consulta com Dermatologista. Apenas casos espec\u00edficos, que requeiram maior detalhamento ser\u00e1 feito o encaminhamento para o servi\u00e7o especializado.<\/p>\n<p>O servi\u00e7o \u00e9 uma parceria do Munic\u00edpio de Alcin\u00f3polis, com a Secret\u00e1ria Estadual de Sa\u00fade atrav\u00e9s do Telessa\u00fade e o Sistema de Telessa\u00fade e Telemedicina de Santa Catarina UFSC e J\u00e1 foram solicitados e realizados exames de 3 pacientes neste primeiro momento.<\/p>\n<p aria-hidden=\"true\"><img loading=\"lazy\" decoding=\"async\" class=\"alignnone size-full wp-image-249486\" src=\"https:\/\/www.ocorreionews.com.br\/acervo-correio\/wp-content\/uploads\/2023\/08\/tele-dermatologia.jpeg\" alt=\"\" width=\"1600\" height=\"1200\" srcset=\"https:\/\/www.ocorreionews.com.br\/acervo-correio\/wp-content\/uploads\/2023\/08\/tele-dermatologia.jpeg 1600w, https:\/\/www.ocorreionews.com.br\/acervo-correio\/wp-content\/uploads\/2023\/08\/tele-dermatologia-300x225.jpeg 300w, https:\/\/www.ocorreionews.com.br\/acervo-correio\/wp-content\/uploads\/2023\/08\/tele-dermatologia-1024x768.jpeg 1024w, https:\/\/www.ocorreionews.com.br\/acervo-correio\/wp-content\/uploads\/2023\/08\/tele-dermatologia-768x576.jpeg 768w, https:\/\/www.ocorreionews.com.br\/acervo-correio\/wp-content\/uploads\/2023\/08\/tele-dermatologia-1536x1152.jpeg 1536w, https:\/\/www.ocorreionews.com.br\/acervo-correio\/wp-content\/uploads\/2023\/08\/tele-dermatologia-86x64.jpeg 86w\" sizes=\"auto, (max-width: 1600px) 100vw, 1600px\" \/> <img loading=\"lazy\" decoding=\"async\" class=\"alignnone size-full wp-image-249487\" src=\"https:\/\/www.ocorreionews.com.br\/acervo-correio\/wp-content\/uploads\/2023\/08\/tele-dermatologia3.jpeg\" alt=\"\" width=\"1600\" height=\"1200\" srcset=\"https:\/\/www.ocorreionews.com.br\/acervo-correio\/wp-content\/uploads\/2023\/08\/tele-dermatologia3.jpeg 1600w, https:\/\/www.ocorreionews.com.br\/acervo-correio\/wp-content\/uploads\/2023\/08\/tele-dermatologia3-300x225.jpeg 300w, https:\/\/www.ocorreionews.com.br\/acervo-correio\/wp-content\/uploads\/2023\/08\/tele-dermatologia3-1024x768.jpeg 1024w, https:\/\/www.ocorreionews.com.br\/acervo-correio\/wp-content\/uploads\/2023\/08\/tele-dermatologia3-768x576.jpeg 768w, https:\/\/www.ocorreionews.com.br\/acervo-correio\/wp-content\/uploads\/2023\/08\/tele-dermatologia3-1536x1152.jpeg 1536w, https:\/\/www.ocorreionews.com.br\/acervo-correio\/wp-content\/uploads\/2023\/08\/tele-dermatologia3-86x64.jpeg 86w\" sizes=\"auto, (max-width: 1600px) 100vw, 1600px\" \/><\/p>\n<p>Fonte\/fotos: SMS\/Prefeitura de Alcin\u00f3polis<\/p>\n","protected":false},"excerpt":{"rendered":"<p>ALCIN\u00d3POLIS Nos dias 21, 22 e 23 de agosto recebemos a visita da Enfermeira Sanitarista, especialista em Sa\u00fade do Trabalho, que ocupa o cargo de Diretora do Telessa\u00fade da Secretaria Estadual de Sa\u00fade\/MS, Rosangela Dobro, para a implanta\u00e7\u00e3o Servi\u00e7o de Teledermatologia no Munic\u00edpio. Profissionais da Secret\u00e1ria Municipal de Sa\u00fade como Enfermeiros, T\u00e9cnicos de Enfermagem, M\u00e9dicos, [&hellip;]<\/p>\n","protected":false},"author":4,"featured_media":249485,"comment_status":"closed","ping_status":"closed","sticky":false,"template":"","format":"standard","meta":{"footnotes":""},"categories":[18],"tags":[],"class_list":["post-249484","post","type-post","status-publish","format-standard","has-post-thumbnail","hentry","category-alcinopolis"],"_links":{"self":[{"href":"https:\/\/www.ocorreionews.com.br\/acervo-correio\/index.php?rest_route=\/wp\/v2\/posts\/249484","targetHints":{"allow":["GET"]}}],"collection":[{"href":"https:\/\/www.ocorreionews.com.br\/acervo-correio\/index.php?rest_route=\/wp\/v2\/posts"}],"about":[{"href":"https:\/\/www.ocorreionews.com.br\/acervo-correio\/index.php?rest_route=\/wp\/v2\/types\/post"}],"author":[{"embeddable":true,"href":"https:\/\/www.ocorreionews.com.br\/acervo-correio\/index.php?rest_route=\/wp\/v2\/users\/4"}],"replies":[{"embeddable":true,"href":"https:\/\/www.ocorreionews.com.br\/acervo-correio\/index.php?rest_route=%2Fwp%2Fv2%2Fcomments&post=249484"}],"version-history":[{"count":2,"href":"https:\/\/www.ocorreionews.com.br\/acervo-correio\/index.php?rest_route=\/wp\/v2\/posts\/249484\/revisions"}],"predecessor-version":[{"id":249491,"href":"https:\/\/www.ocorreionews.com.br\/acervo-correio\/index.php?rest_route=\/wp\/v2\/posts\/249484\/revisions\/249491"}],"wp:featuredmedia":[{"embeddable":true,"href":"https:\/\/www.ocorreionews.com.br\/acervo-correio\/index.php?rest_route=\/wp\/v2\/media\/249485"}],"wp:attachment":[{"href":"https:\/\/www.ocorreionews.com.br\/acervo-correio\/index.php?rest_route=%2Fwp%2Fv2%2Fmedia&parent=249484"}],"wp:term":[{"taxonomy":"category","embeddable":true,"href":"https:\/\/www.ocorreionews.com.br\/acervo-correio\/index.php?rest_route=%2Fwp%2Fv2%2Fcategories&post=249484"},{"taxonomy":"post_tag","embeddable":true,"href":"https:\/\/www.ocorreionews.com.br\/acervo-correio\/index.php?rest_route=%2Fwp%2Fv2%2Ftags&post=249484"}],"curies":[{"name":"wp","href":"https:\/\/api.w.org\/{rel}","templated":true}]}}