{"id":249489,"date":"2023-08-24T09:35:17","date_gmt":"2023-08-24T13:35:17","guid":{"rendered":"https:\/\/www.ocorreionews.com.br\/acervo-correio\/?p=249489"},"modified":"2023-08-24T09:35:17","modified_gmt":"2023-08-24T13:35:17","slug":"discussao-por-falta-de-combustivel-acaba-com-homem-assassinado-por-colega-em-agua-clara","status":"publish","type":"post","link":"https:\/\/www.ocorreionews.com.br\/acervo-correio\/?p=249489","title":{"rendered":"Discuss\u00e3o por falta de combust\u00edvel acaba com homem assassinado por colega em \u00c1gua Clara"},"content":{"rendered":"<p>Uma briga por causa de falta de combust\u00edvel acabou na morte de Siriu Gauto Ferreira, de 36 anos, por um colega na noite dessa quarta-feira (23), em \u00c1gua Clara &#8211; MS. O autor acabou preso.<\/p>\n<p>Informa\u00e7\u00f5es passadas s\u00e3o de que a v\u00edtima estava no carro junto do autor e mais dois colegas quando acabou o combust\u00edvel do ve\u00edculo e come\u00e7ou uma briga entre os ocupantes do carro, sendo que desceram ficando no ve\u00edculo uma testemunha que resolveu dormir no banco de tr\u00e1s.<\/p>\n<p>J\u00e1 fora do carro, a discuss\u00e3o continuou e em um ato de f\u00faria, o autor que seria conhecido por \u2018Alem\u00e3o\u2019 pegou uma faca em sua cintura e passou a desferir golpes contra Siriu que caiu no ch\u00e3o e mesmo no ch\u00e3o continuou sendo golpeado pelo autor.<\/p>\n<p>O autor fugiu jogando a faca em um matagal nas proximidades. Ele foi em dire\u00e7\u00e3o ao alojamento onde estava hospedado e localizado pela pol\u00edcia em seu quarto. O autor confessou o crime e mostrou onde havia jogado a faca.<\/p>\n<p>Ele foi preso em flagrante pelo crime e levado para a delegacia.<\/p>\n<p>&nbsp;<\/p>\n<p>&nbsp;<\/p>\n<p>*Midiamax &#8211; Thatiana Melo<\/p>\n<div class=\"elementor-element elementor-element-ec9eab2 elementor-widget__width-auto elementor-widget elementor-widget-text-editor\" data-id=\"ec9eab2\" data-element_type=\"widget\" data-widget_type=\"text-editor.default\">\n<div class=\"elementor-widget-container\"><\/div>\n<\/div>\n","protected":false},"excerpt":{"rendered":"<p>Uma briga por causa de falta de combust\u00edvel acabou na morte de Siriu Gauto Ferreira, de 36 anos, por um colega na noite dessa quarta-feira (23), em \u00c1gua Clara &#8211; MS. O autor acabou preso. Informa\u00e7\u00f5es passadas s\u00e3o de que a v\u00edtima estava no carro junto do autor e mais dois colegas quando acabou o [&hellip;]<\/p>\n","protected":false},"author":5,"featured_media":249494,"comment_status":"closed","ping_status":"closed","sticky":false,"template":"","format":"standard","meta":{"footnotes":""},"categories":[38,143],"tags":[],"class_list":["post-249489","post","type-post","status-publish","format-standard","has-post-thumbnail","hentry","category-policia","category-regional"],"_links":{"self":[{"href":"https:\/\/www.ocorreionews.com.br\/acervo-correio\/index.php?rest_route=\/wp\/v2\/posts\/249489","targetHints":{"allow":["GET"]}}],"collection":[{"href":"https:\/\/www.ocorreionews.com.br\/acervo-correio\/index.php?rest_route=\/wp\/v2\/posts"}],"about":[{"href":"https:\/\/www.ocorreionews.com.br\/acervo-correio\/index.php?rest_route=\/wp\/v2\/types\/post"}],"author":[{"embeddable":true,"href":"https:\/\/www.ocorreionews.com.br\/acervo-correio\/index.php?rest_route=\/wp\/v2\/users\/5"}],"replies":[{"embeddable":true,"href":"https:\/\/www.ocorreionews.com.br\/acervo-correio\/index.php?rest_route=%2Fwp%2Fv2%2Fcomments&post=249489"}],"version-history":[{"count":1,"href":"https:\/\/www.ocorreionews.com.br\/acervo-correio\/index.php?rest_route=\/wp\/v2\/posts\/249489\/revisions"}],"predecessor-version":[{"id":249495,"href":"https:\/\/www.ocorreionews.com.br\/acervo-correio\/index.php?rest_route=\/wp\/v2\/posts\/249489\/revisions\/249495"}],"wp:featuredmedia":[{"embeddable":true,"href":"https:\/\/www.ocorreionews.com.br\/acervo-correio\/index.php?rest_route=\/wp\/v2\/media\/249494"}],"wp:attachment":[{"href":"https:\/\/www.ocorreionews.com.br\/acervo-correio\/index.php?rest_route=%2Fwp%2Fv2%2Fmedia&parent=249489"}],"wp:term":[{"taxonomy":"category","embeddable":true,"href":"https:\/\/www.ocorreionews.com.br\/acervo-correio\/index.php?rest_route=%2Fwp%2Fv2%2Fcategories&post=249489"},{"taxonomy":"post_tag","embeddable":true,"href":"https:\/\/www.ocorreionews.com.br\/acervo-correio\/index.php?rest_route=%2Fwp%2Fv2%2Ftags&post=249489"}],"curies":[{"name":"wp","href":"https:\/\/api.w.org\/{rel}","templated":true}]}}