{"id":249498,"date":"2023-08-24T09:50:56","date_gmt":"2023-08-24T13:50:56","guid":{"rendered":"https:\/\/www.ocorreionews.com.br\/acervo-correio\/?p=249498"},"modified":"2023-08-24T09:50:56","modified_gmt":"2023-08-24T13:50:56","slug":"hospital-municipal-de-figueirao-passa-por-reformas","status":"publish","type":"post","link":"https:\/\/www.ocorreionews.com.br\/acervo-correio\/?p=249498","title":{"rendered":"Hospital municipal de Figueir\u00e3o passa por reformas"},"content":{"rendered":"<p>O Hospital Municipal Mariana Silv\u00e9ria Furtado, de Figueir\u00e3o, est\u00e1 passando por reforma interna e externa, enquanto funciona normalmente.<\/p>\n<p>Nas fotos, ilustra\u00e7\u00e3o de maquete de como dever\u00e1 ficar a fachada externa do Hospital depois da reforma.<\/p>\n<p><img loading=\"lazy\" decoding=\"async\" class=\"alignnone size-full wp-image-249499\" src=\"https:\/\/www.ocorreionews.com.br\/acervo-correio\/wp-content\/uploads\/2023\/08\/hospital-figueirao.jpg\" alt=\"\" width=\"640\" height=\"360\" srcset=\"https:\/\/www.ocorreionews.com.br\/acervo-correio\/wp-content\/uploads\/2023\/08\/hospital-figueirao.jpg 640w, https:\/\/www.ocorreionews.com.br\/acervo-correio\/wp-content\/uploads\/2023\/08\/hospital-figueirao-300x169.jpg 300w\" sizes=\"auto, (max-width: 640px) 100vw, 640px\" \/><\/p>\n<p>Em fun\u00e7\u00e3o disso, a Prefeitura Municipal de Figueir\u00e3o, por meio da Secretaria Municipal de Sa\u00fade, atrav\u00e9s do secret\u00e1rio Pedro Ubiali, emitiu a seguinte Nota Oficial:<\/p>\n<blockquote><p>Comunicado \u00e0 popula\u00e7\u00e3o:<\/p>\n<p>Prezados moradores,<\/p>\n<p>\u00c9 com satisfa\u00e7\u00e3o que a Prefeitura Municipal de Figueir\u00e3o informa sobre a iminente reforma do nosso Hospital Municipal. Esta reforma \u00e9 parte do nosso compromisso cont\u00ednuo de melhorar os servi\u00e7os de sa\u00fade e oferecer um ambiente moderno, eficiente e acolhedor para todos.<\/p>\n<p>Durante o per\u00edodo de reforma, estamos cientes de que podem surgir inconvenientes, e pedimos a compreens\u00e3o de todos. Nosso objetivo \u00e9 minimizar qualquer impacto nos servi\u00e7os de sa\u00fade prestados \u00e0 comunidade.<\/p>\n<p>Manteremos todos voc\u00eas informados sobre o progresso da reforma e qualquer ajuste tempor\u00e1rio nos servi\u00e7os. A seguran\u00e7a e o bem-estar de nossos pacientes e funcion\u00e1rios continuam sendo nossa prioridade m\u00e1xima.<\/p>\n<p>Agradecemos antecipadamente por sua paci\u00eancia e apoio enquanto trabalhamos para aprimorar nossa instala\u00e7\u00e3o de sa\u00fade.<\/p><\/blockquote>\n<p>Fonte\/ PMFigueir\u00e3o\/RubemVasconcellos<\/p>\n","protected":false},"excerpt":{"rendered":"<p>O Hospital Municipal Mariana Silv\u00e9ria Furtado, de Figueir\u00e3o, est\u00e1 passando por reforma interna e externa, enquanto funciona normalmente. Nas fotos, ilustra\u00e7\u00e3o de maquete de como dever\u00e1 ficar a fachada externa do Hospital depois da reforma. Em fun\u00e7\u00e3o disso, a Prefeitura Municipal de Figueir\u00e3o, por meio da Secretaria Municipal de Sa\u00fade, atrav\u00e9s do secret\u00e1rio Pedro Ubiali, [&hellip;]<\/p>\n","protected":false},"author":4,"featured_media":249500,"comment_status":"closed","ping_status":"closed","sticky":false,"template":"","format":"standard","meta":{"footnotes":""},"categories":[30],"tags":[],"class_list":["post-249498","post","type-post","status-publish","format-standard","has-post-thumbnail","hentry","category-figueirao"],"_links":{"self":[{"href":"https:\/\/www.ocorreionews.com.br\/acervo-correio\/index.php?rest_route=\/wp\/v2\/posts\/249498","targetHints":{"allow":["GET"]}}],"collection":[{"href":"https:\/\/www.ocorreionews.com.br\/acervo-correio\/index.php?rest_route=\/wp\/v2\/posts"}],"about":[{"href":"https:\/\/www.ocorreionews.com.br\/acervo-correio\/index.php?rest_route=\/wp\/v2\/types\/post"}],"author":[{"embeddable":true,"href":"https:\/\/www.ocorreionews.com.br\/acervo-correio\/index.php?rest_route=\/wp\/v2\/users\/4"}],"replies":[{"embeddable":true,"href":"https:\/\/www.ocorreionews.com.br\/acervo-correio\/index.php?rest_route=%2Fwp%2Fv2%2Fcomments&post=249498"}],"version-history":[{"count":1,"href":"https:\/\/www.ocorreionews.com.br\/acervo-correio\/index.php?rest_route=\/wp\/v2\/posts\/249498\/revisions"}],"predecessor-version":[{"id":249501,"href":"https:\/\/www.ocorreionews.com.br\/acervo-correio\/index.php?rest_route=\/wp\/v2\/posts\/249498\/revisions\/249501"}],"wp:featuredmedia":[{"embeddable":true,"href":"https:\/\/www.ocorreionews.com.br\/acervo-correio\/index.php?rest_route=\/wp\/v2\/media\/249500"}],"wp:attachment":[{"href":"https:\/\/www.ocorreionews.com.br\/acervo-correio\/index.php?rest_route=%2Fwp%2Fv2%2Fmedia&parent=249498"}],"wp:term":[{"taxonomy":"category","embeddable":true,"href":"https:\/\/www.ocorreionews.com.br\/acervo-correio\/index.php?rest_route=%2Fwp%2Fv2%2Fcategories&post=249498"},{"taxonomy":"post_tag","embeddable":true,"href":"https:\/\/www.ocorreionews.com.br\/acervo-correio\/index.php?rest_route=%2Fwp%2Fv2%2Ftags&post=249498"}],"curies":[{"name":"wp","href":"https:\/\/api.w.org\/{rel}","templated":true}]}}