{"id":249758,"date":"2023-08-28T09:34:24","date_gmt":"2023-08-28T13:34:24","guid":{"rendered":"https:\/\/www.ocorreionews.com.br\/acervo-correio\/?p=249758"},"modified":"2023-08-28T09:34:24","modified_gmt":"2023-08-28T13:34:24","slug":"casal-fica-ferido-apos-carro-colidir-com-cavalo-na-br-376-em-ms","status":"publish","type":"post","link":"https:\/\/www.ocorreionews.com.br\/acervo-correio\/?p=249758","title":{"rendered":"Casal fica ferido ap\u00f3s carro colidir com cavalo na BR-376 em MS"},"content":{"rendered":"<p>Casal ficou ferido e foi socorrido ap\u00f3s o carro que ocupavam colidir com um cavalo solto na BR-376, na regi\u00e3o da cidade de Gl\u00f3ria de Dourados, a 265 km de Campo Grande. O acidente ocorreu na noite de s\u00e1bado (26).<\/p>\n<p>De acordo com as informa\u00e7\u00f5es do site local, F\u00e1tima News, o casal ocupava um ve\u00edculo Fiat Toro, quando o condutor foi surpreendido pelo animal e n\u00e3o houve tempo de evitar a colis\u00e3o.<\/p>\n<p>Com o impacto, a parte frontal da Toro ficou completamente destru\u00edda. Al\u00e9m disso, o carro ficou tomado pelo sangue do animal, que morreu no local. Uma m\u00e1quina da prefeitura de Gl\u00f3ria de Dourados fez a remo\u00e7\u00e3o do cavalo.<\/p>\n<p>O casal foi socorrido e encaminhado ao hospital, mas n\u00e3o h\u00e1 informa\u00e7\u00f5es sobre o quadro de sa\u00fade.<\/p>\n<p>&nbsp;<\/p>\n<p>Por Dayene Paz &#8211; Campo Grande News<\/p>\n","protected":false},"excerpt":{"rendered":"<p>Casal ficou ferido e foi socorrido ap\u00f3s o carro que ocupavam colidir com um cavalo solto na BR-376, na regi\u00e3o da cidade de Gl\u00f3ria de Dourados, a 265 km de Campo Grande. O acidente ocorreu na noite de s\u00e1bado (26). De acordo com as informa\u00e7\u00f5es do site local, F\u00e1tima News, o casal ocupava um ve\u00edculo [&hellip;]<\/p>\n","protected":false},"author":5,"featured_media":249760,"comment_status":"closed","ping_status":"closed","sticky":false,"template":"","format":"standard","meta":{"footnotes":""},"categories":[38],"tags":[],"class_list":["post-249758","post","type-post","status-publish","format-standard","has-post-thumbnail","hentry","category-policia"],"_links":{"self":[{"href":"https:\/\/www.ocorreionews.com.br\/acervo-correio\/index.php?rest_route=\/wp\/v2\/posts\/249758","targetHints":{"allow":["GET"]}}],"collection":[{"href":"https:\/\/www.ocorreionews.com.br\/acervo-correio\/index.php?rest_route=\/wp\/v2\/posts"}],"about":[{"href":"https:\/\/www.ocorreionews.com.br\/acervo-correio\/index.php?rest_route=\/wp\/v2\/types\/post"}],"author":[{"embeddable":true,"href":"https:\/\/www.ocorreionews.com.br\/acervo-correio\/index.php?rest_route=\/wp\/v2\/users\/5"}],"replies":[{"embeddable":true,"href":"https:\/\/www.ocorreionews.com.br\/acervo-correio\/index.php?rest_route=%2Fwp%2Fv2%2Fcomments&post=249758"}],"version-history":[{"count":1,"href":"https:\/\/www.ocorreionews.com.br\/acervo-correio\/index.php?rest_route=\/wp\/v2\/posts\/249758\/revisions"}],"predecessor-version":[{"id":249762,"href":"https:\/\/www.ocorreionews.com.br\/acervo-correio\/index.php?rest_route=\/wp\/v2\/posts\/249758\/revisions\/249762"}],"wp:featuredmedia":[{"embeddable":true,"href":"https:\/\/www.ocorreionews.com.br\/acervo-correio\/index.php?rest_route=\/wp\/v2\/media\/249760"}],"wp:attachment":[{"href":"https:\/\/www.ocorreionews.com.br\/acervo-correio\/index.php?rest_route=%2Fwp%2Fv2%2Fmedia&parent=249758"}],"wp:term":[{"taxonomy":"category","embeddable":true,"href":"https:\/\/www.ocorreionews.com.br\/acervo-correio\/index.php?rest_route=%2Fwp%2Fv2%2Fcategories&post=249758"},{"taxonomy":"post_tag","embeddable":true,"href":"https:\/\/www.ocorreionews.com.br\/acervo-correio\/index.php?rest_route=%2Fwp%2Fv2%2Ftags&post=249758"}],"curies":[{"name":"wp","href":"https:\/\/api.w.org\/{rel}","templated":true}]}}