{"id":249759,"date":"2023-08-28T09:33:36","date_gmt":"2023-08-28T13:33:36","guid":{"rendered":"https:\/\/www.ocorreionews.com.br\/acervo-correio\/?p=249759"},"modified":"2023-08-28T09:33:36","modified_gmt":"2023-08-28T13:33:36","slug":"briga-em-cozinha-de-hotel-termina-com-hospede-esfaqueado-por-outro-em-camapua","status":"publish","type":"post","link":"https:\/\/www.ocorreionews.com.br\/acervo-correio\/?p=249759","title":{"rendered":"Briga em cozinha de hotel termina com h\u00f3spede esfaqueado por outro em Camapu\u00e3"},"content":{"rendered":"<p>Um homem de 47 anos que estava hospedado em um hotel foi esfaqueado no peito, na noite de s\u00e1bado (26), durante uma briga na cozinha do local, na cidade de Camapu\u00e3,- MS. A v\u00edtima foi transferida para a Santa Casa\u00a0de Campo Grande.<\/p>\n<p>Informa\u00e7\u00f5es apuradas pela reportagem s\u00e3o de que o homem estava na cozinha comum do hotel junto com outro h\u00f3spede, conhecido como \u2018Paran\u00e1\u2019. Os dois come\u00e7aram uma briga, sendo que a v\u00edtima foi esfaqueada no peito. Uma mulher que estava na cozinha acionou o socorro.<\/p>\n<p>O autor, segundo a v\u00edtima, teria 1,90 de altura, negro e de cabelos curtos. Logo ap\u00f3s o crime, o homem fugiu e a v\u00edtima foi encaminhada para a Santa Casa devido aos ferimentos. Segundo informa\u00e7\u00f5es n\u00e3o h\u00e1 risco de\u00a0morte\u00a0da v\u00edtima.<\/p>\n<p>N\u00e3o h\u00e1 informa\u00e7\u00f5es sobre os motivos da briga que acabou em crime.<\/p>\n<p>&nbsp;<\/p>\n<p>*Midiamax &#8211; Thatiana Melo<\/p>\n<div class=\"elementor-element elementor-element-ec9eab2 elementor-widget__width-auto elementor-widget elementor-widget-text-editor\" data-id=\"ec9eab2\" data-element_type=\"widget\" data-widget_type=\"text-editor.default\"><\/div>\n","protected":false},"excerpt":{"rendered":"<p>Um homem de 47 anos que estava hospedado em um hotel foi esfaqueado no peito, na noite de s\u00e1bado (26), durante uma briga na cozinha do local, na cidade de Camapu\u00e3,- MS. A v\u00edtima foi transferida para a Santa Casa\u00a0de Campo Grande. Informa\u00e7\u00f5es apuradas pela reportagem s\u00e3o de que o homem estava na cozinha comum [&hellip;]<\/p>\n","protected":false},"author":5,"featured_media":239182,"comment_status":"closed","ping_status":"closed","sticky":false,"template":"","format":"standard","meta":{"footnotes":""},"categories":[38,143],"tags":[],"class_list":["post-249759","post","type-post","status-publish","format-standard","has-post-thumbnail","hentry","category-policia","category-regional"],"_links":{"self":[{"href":"https:\/\/www.ocorreionews.com.br\/acervo-correio\/index.php?rest_route=\/wp\/v2\/posts\/249759","targetHints":{"allow":["GET"]}}],"collection":[{"href":"https:\/\/www.ocorreionews.com.br\/acervo-correio\/index.php?rest_route=\/wp\/v2\/posts"}],"about":[{"href":"https:\/\/www.ocorreionews.com.br\/acervo-correio\/index.php?rest_route=\/wp\/v2\/types\/post"}],"author":[{"embeddable":true,"href":"https:\/\/www.ocorreionews.com.br\/acervo-correio\/index.php?rest_route=\/wp\/v2\/users\/5"}],"replies":[{"embeddable":true,"href":"https:\/\/www.ocorreionews.com.br\/acervo-correio\/index.php?rest_route=%2Fwp%2Fv2%2Fcomments&post=249759"}],"version-history":[{"count":1,"href":"https:\/\/www.ocorreionews.com.br\/acervo-correio\/index.php?rest_route=\/wp\/v2\/posts\/249759\/revisions"}],"predecessor-version":[{"id":249761,"href":"https:\/\/www.ocorreionews.com.br\/acervo-correio\/index.php?rest_route=\/wp\/v2\/posts\/249759\/revisions\/249761"}],"wp:featuredmedia":[{"embeddable":true,"href":"https:\/\/www.ocorreionews.com.br\/acervo-correio\/index.php?rest_route=\/wp\/v2\/media\/239182"}],"wp:attachment":[{"href":"https:\/\/www.ocorreionews.com.br\/acervo-correio\/index.php?rest_route=%2Fwp%2Fv2%2Fmedia&parent=249759"}],"wp:term":[{"taxonomy":"category","embeddable":true,"href":"https:\/\/www.ocorreionews.com.br\/acervo-correio\/index.php?rest_route=%2Fwp%2Fv2%2Fcategories&post=249759"},{"taxonomy":"post_tag","embeddable":true,"href":"https:\/\/www.ocorreionews.com.br\/acervo-correio\/index.php?rest_route=%2Fwp%2Fv2%2Ftags&post=249759"}],"curies":[{"name":"wp","href":"https:\/\/api.w.org\/{rel}","templated":true}]}}