{"id":249764,"date":"2023-08-28T10:04:33","date_gmt":"2023-08-28T14:04:33","guid":{"rendered":"https:\/\/www.ocorreionews.com.br\/acervo-correio\/?p=249764"},"modified":"2023-08-28T10:04:33","modified_gmt":"2023-08-28T14:04:33","slug":"filho-de-bombeiro-jovem-que-morre-atropelado-ao-tentar-ajudar-vitima-de-acidente-em-goias","status":"publish","type":"post","link":"https:\/\/www.ocorreionews.com.br\/acervo-correio\/?p=249764","title":{"rendered":"Filho de bombeiro, jovem que morre atropelado ao tentar ajudar v\u00edtima de acidente em Goi\u00e1s"},"content":{"rendered":"<p>O jovem Augusto Mendes Gon\u00e7alves, de 20 anos, filho de um sargento do Corpo de Bombeiros, morreu ap\u00f3s ser atropelado em Crom\u00ednia &#8211; GO. \u00c0 Pol\u00edcia Civil, uma testemunha disse que o rapaz trabalhava em um posto de combust\u00edveis e tentou ajudar a v\u00edtima de um capotamento que aconteceu perto do local, quando foi atingido por outro ve\u00edculo.<\/p>\n<div id=\"chunk-lcgj\">\n<div class=\"mc-column content-text active-extra-styles \" data-block-type=\"unstyled\" data-block-weight=\"43\" data-block-id=\"5\">\n<p class=\"content-text__container \" data-track-category=\"Link no Texto\" data-track-links=\"\">O acidente aconteceu na noite do \u00faltimo s\u00e1bado (26). A Pol\u00edcia Militar informou que foi acionada durante o capotamento, em que o motorista foi arremessado para fora do ve\u00edculo. Momento em que Augusto e outro homem tentaram sinalizar a GO-040 e foram atropelados.<\/p>\n<p data-track-category=\"Link no Texto\" data-track-links=\"\">Augusto foi encaminhado ao Hospital Estadual de Urg\u00eancias de Goi\u00e1s (Hugo), teve uma parada cardiorrespirat\u00f3ria e morreu ainda na noite de s\u00e1bado.<\/p>\n<figure style=\"width: 647px\" class=\"wp-caption aligncenter\"><img loading=\"lazy\" decoding=\"async\" class=\"i-amphtml-fill-content i-amphtml-replaced-content\" src=\"https:\/\/s2-g1.glbimg.com\/4drrk5UEh7egZsyOjTPaJUu2yWA=\/0x0:1700x1065\/984x0\/smart\/filters:strip_icc()\/i.s3.glbimg.com\/v1\/AUTH_59edd422c0c84a879bd37670ae4f538a\/internal_photos\/bs\/2023\/Q\/a\/DZVyC6SySnuVAoOC2bHg\/acidentecrominia.jpg\" sizes=\"auto, (max-width: 1366px) 648px, 100vw\" srcset=\"https:\/\/s2-g1.glbimg.com\/2nwSzPrlSs1v126kq9FJwQtXld4=\/0x0:1700x1065\/1000x0\/smart\/filters:strip_icc()\/i.s3.glbimg.com\/v1\/AUTH_59edd422c0c84a879bd37670ae4f538a\/internal_photos\/bs\/2023\/Q\/a\/DZVyC6SySnuVAoOC2bHg\/acidentecrominia.jpg 1000w, https:\/\/s2-g1.glbimg.com\/4drrk5UEh7egZsyOjTPaJUu2yWA=\/0x0:1700x1065\/984x0\/smart\/filters:strip_icc()\/i.s3.glbimg.com\/v1\/AUTH_59edd422c0c84a879bd37670ae4f538a\/internal_photos\/bs\/2023\/Q\/a\/DZVyC6SySnuVAoOC2bHg\/acidentecrominia.jpg 984w, https:\/\/s2-g1.glbimg.com\/qz5nM2MyDbm2bLsYouwq626kL0M=\/0x0:1700x1065\/640x0\/smart\/filters:strip_icc()\/i.s3.glbimg.com\/v1\/AUTH_59edd422c0c84a879bd37670ae4f538a\/internal_photos\/bs\/2023\/Q\/a\/DZVyC6SySnuVAoOC2bHg\/acidentecrominia.jpg 640w, https:\/\/s2-g1.glbimg.com\/Y4xx3K1IA7tjGekqr4-KbJojjDE=\/0x0:1700x1065\/600x0\/smart\/filters:strip_icc()\/i.s3.glbimg.com\/v1\/AUTH_59edd422c0c84a879bd37670ae4f538a\/internal_photos\/bs\/2023\/Q\/a\/DZVyC6SySnuVAoOC2bHg\/acidentecrominia.jpg 600w\" alt=\"Ve\u00edculo que bateu contra Augusto Mendes Gon\u00e7alves, de 21 anos, filho de um sargento do Corpo de Bombeiros, em Crom\u00ednia  \u2014 Foto: Reprodu\u00e7\u00e3o\/PM\" width=\"647\" height=\"405\" \/><figcaption class=\"wp-caption-text\">Ve\u00edculo que bateu contra Augusto Mendes Gon\u00e7alves, de 21 anos, filho de um sargento do Corpo de Bombeiros, em Crom\u00ednia \u2014 Foto: Reprodu\u00e7\u00e3o\/PM<\/figcaption><\/figure>\n<p>&nbsp;<\/p>\n<h5 class=\"content-head__title\"><strong>Jovem tinha sido aprovado em concurso do Corpo de Bombeiros e aguardava convoca\u00e7\u00e3o<\/strong><\/h5>\n<div id=\"chunk-da1v9\">\n<div class=\"mc-column content-text active-extra-styles \" data-block-type=\"unstyled\" data-block-weight=\"54\" data-block-id=\"3\">\n<p class=\"content-text__container \" data-track-category=\"Link no Texto\" data-track-links=\"\">Augusto \u00a0foi aprovado no \u00faltimo concurso p\u00fablico da corpora\u00e7\u00e3o onde o pai trabalha. Amigos e colegas de trabalho do pai, disseram que o rapaz aguardava a convoca\u00e7\u00e3o.<\/p>\n<\/div>\n<\/div>\n<div class=\"wall protected-content\">\n<div id=\"chunk-ccvq4\">\n<div class=\"mc-column content-text active-extra-styles\" data-block-type=\"raw\" data-block-weight=\"26\" data-block-id=\"5\">\n<p class=\"content-text__container\">\n<blockquote class=\"content-blockquote theme-border-color-primary-before\"><p>\u201cSeu lado bombeiro falou mais alto, mesmo antes de assumir o cargo. Morreu tentando salvar uma vida\u201d, escreveu um internauta ao lamentar a morte de Augusto.<\/p><\/blockquote>\n<\/div>\n<p>&nbsp;<\/p>\n<\/div>\n<div id=\"chunk-5j3ut\">\n<div class=\"mc-column content-text active-extra-styles \" data-block-type=\"unstyled\" data-block-weight=\"47\" data-block-id=\"6\">\n<p class=\"content-text__container \" data-track-category=\"Link no Texto\" data-track-links=\"\">Ao g1, colegas de corpora\u00e7\u00e3o do pai de Augusto disseram que est\u00e3o tristes porque esperavam que ele pudesse \u201csomar\u201d \u00e0 equipe e trabalhar junto com eles no batalh\u00e3o onde o pai \u00e9 lotado. A expectativa era que o jovem fosse chamado na pr\u00f3xima turma dos classificados.<\/p>\n<figure style=\"width: 647px\" class=\"wp-caption aligncenter\"><img loading=\"lazy\" decoding=\"async\" class=\"i-amphtml-fill-content i-amphtml-replaced-content\" src=\"https:\/\/s2-g1.glbimg.com\/tpF4Z156bglhvjS8Dx9USwV1ogA=\/0x0:1700x1065\/984x0\/smart\/filters:strip_icc()\/i.s3.glbimg.com\/v1\/AUTH_59edd422c0c84a879bd37670ae4f538a\/internal_photos\/bs\/2023\/S\/V\/4ja7MfTqiCddDBMr1lBw\/augusto2.jpg\" sizes=\"auto, (max-width: 1366px) 648px, 100vw\" srcset=\"https:\/\/s2-g1.glbimg.com\/qYvzfBej_ke7gxngS4GkmTGmpgI=\/0x0:1700x1065\/1000x0\/smart\/filters:strip_icc()\/i.s3.glbimg.com\/v1\/AUTH_59edd422c0c84a879bd37670ae4f538a\/internal_photos\/bs\/2023\/S\/V\/4ja7MfTqiCddDBMr1lBw\/augusto2.jpg 1000w, https:\/\/s2-g1.glbimg.com\/tpF4Z156bglhvjS8Dx9USwV1ogA=\/0x0:1700x1065\/984x0\/smart\/filters:strip_icc()\/i.s3.glbimg.com\/v1\/AUTH_59edd422c0c84a879bd37670ae4f538a\/internal_photos\/bs\/2023\/S\/V\/4ja7MfTqiCddDBMr1lBw\/augusto2.jpg 984w, https:\/\/s2-g1.glbimg.com\/08n_RambixLR2oX5BQMsMQKvOMs=\/0x0:1700x1065\/640x0\/smart\/filters:strip_icc()\/i.s3.glbimg.com\/v1\/AUTH_59edd422c0c84a879bd37670ae4f538a\/internal_photos\/bs\/2023\/S\/V\/4ja7MfTqiCddDBMr1lBw\/augusto2.jpg 640w, https:\/\/s2-g1.glbimg.com\/bNqRiz44Gc0JXQX_5C9db7lAvuc=\/0x0:1700x1065\/600x0\/smart\/filters:strip_icc()\/i.s3.glbimg.com\/v1\/AUTH_59edd422c0c84a879bd37670ae4f538a\/internal_photos\/bs\/2023\/S\/V\/4ja7MfTqiCddDBMr1lBw\/augusto2.jpg 600w\" alt=\"Augusto Mendes Gon\u00e7alves, de 21 anos, filho de um sargento do Corpo de Bombeiros, morreu ap\u00f3s ser atropelado em Crom\u00ednia Goi\u00e1s \u2014 Foto: Reprodu\u00e7\u00e3o\/Redes Sociais\" width=\"647\" height=\"405\" \/><figcaption class=\"wp-caption-text\">Augusto Mendes Gon\u00e7alves, de 21 anos, filho de um sargento do Corpo de Bombeiros, morreu ap\u00f3s ser atropelado em Crom\u00ednia Goi\u00e1s \u2014 Foto: Reprodu\u00e7\u00e3o\/Redes Sociais<\/figcaption><\/figure>\n<div id=\"chunk-9un7q\">\n<div class=\"mc-column content-text active-extra-styles \" data-block-type=\"unstyled\" data-block-weight=\"53\" data-block-id=\"11\">\n<p class=\"content-text__container \" data-track-category=\"Link no Texto\" data-track-links=\"\">Na lista do resultado do concurso para o cargo de \u201csoldado combatente\u201d, Augusto consta como \u201chabilitado\u201d e outros documentos dispon\u00edveis no site mostram que ele foi aprovado em todas as etapas. Nas redes sociais, uma colega lamentou a morte e compartilhou o trecho de uma conversa em que parabenizou Augusto pela aprova\u00e7\u00e3o.<\/p>\n<p data-track-category=\"Link no Texto\" data-track-links=\"\">\n<\/div>\n<\/div>\n<div id=\"chunk-2io3n\">\n<div class=\"mc-column content-text active-extra-styles\" data-block-type=\"raw\" data-block-weight=\"18\" data-block-id=\"12\">\n<p class=\"content-text__container\">\n<blockquote class=\"content-blockquote theme-border-color-primary-before\"><p>\u201cQuando voc\u00ea postou, lembrei de voc\u00ea falando no ensino m\u00e9dio que era isso que queria\u201d, escreveu a mo\u00e7a.<\/p><\/blockquote>\n<\/div>\n<\/div>\n<div id=\"chunk-4oitl\">\n<div class=\"mc-column content-text active-extra-styles\" data-block-type=\"raw\" data-block-weight=\"22\" data-block-id=\"14\">\n<p class=\"content-text__container\">\n<blockquote class=\"content-blockquote theme-border-color-primary-before\"><p>\u201cNossa, sim. Teve uma aula de espanhol que eu lembro da professora perguntando o que a gente queria seguir carreira\u201d, respondeu Augusto.<\/p><\/blockquote>\n<\/div>\n<\/div>\n<p class=\"content-publication-data__from\" title=\"Michel Gomes, g1 Goi\u00e1s\">Por Michel Gomes, g1 Goi\u00e1s<\/p>\n<\/div>\n<\/div>\n<\/div>\n<\/div>\n<\/div>\n","protected":false},"excerpt":{"rendered":"<p>O jovem Augusto Mendes Gon\u00e7alves, de 20 anos, filho de um sargento do Corpo de Bombeiros, morreu ap\u00f3s ser atropelado em Crom\u00ednia &#8211; GO. \u00c0 Pol\u00edcia Civil, uma testemunha disse que o rapaz trabalhava em um posto de combust\u00edveis e tentou ajudar a v\u00edtima de um capotamento que aconteceu perto do local, quando foi atingido [&hellip;]<\/p>\n","protected":false},"author":5,"featured_media":249766,"comment_status":"closed","ping_status":"closed","sticky":false,"template":"","format":"standard","meta":{"footnotes":""},"categories":[141,38],"tags":[],"class_list":["post-249764","post","type-post","status-publish","format-standard","has-post-thumbnail","hentry","category-goias","category-policia"],"_links":{"self":[{"href":"https:\/\/www.ocorreionews.com.br\/acervo-correio\/index.php?rest_route=\/wp\/v2\/posts\/249764","targetHints":{"allow":["GET"]}}],"collection":[{"href":"https:\/\/www.ocorreionews.com.br\/acervo-correio\/index.php?rest_route=\/wp\/v2\/posts"}],"about":[{"href":"https:\/\/www.ocorreionews.com.br\/acervo-correio\/index.php?rest_route=\/wp\/v2\/types\/post"}],"author":[{"embeddable":true,"href":"https:\/\/www.ocorreionews.com.br\/acervo-correio\/index.php?rest_route=\/wp\/v2\/users\/5"}],"replies":[{"embeddable":true,"href":"https:\/\/www.ocorreionews.com.br\/acervo-correio\/index.php?rest_route=%2Fwp%2Fv2%2Fcomments&post=249764"}],"version-history":[{"count":1,"href":"https:\/\/www.ocorreionews.com.br\/acervo-correio\/index.php?rest_route=\/wp\/v2\/posts\/249764\/revisions"}],"predecessor-version":[{"id":249767,"href":"https:\/\/www.ocorreionews.com.br\/acervo-correio\/index.php?rest_route=\/wp\/v2\/posts\/249764\/revisions\/249767"}],"wp:featuredmedia":[{"embeddable":true,"href":"https:\/\/www.ocorreionews.com.br\/acervo-correio\/index.php?rest_route=\/wp\/v2\/media\/249766"}],"wp:attachment":[{"href":"https:\/\/www.ocorreionews.com.br\/acervo-correio\/index.php?rest_route=%2Fwp%2Fv2%2Fmedia&parent=249764"}],"wp:term":[{"taxonomy":"category","embeddable":true,"href":"https:\/\/www.ocorreionews.com.br\/acervo-correio\/index.php?rest_route=%2Fwp%2Fv2%2Fcategories&post=249764"},{"taxonomy":"post_tag","embeddable":true,"href":"https:\/\/www.ocorreionews.com.br\/acervo-correio\/index.php?rest_route=%2Fwp%2Fv2%2Ftags&post=249764"}],"curies":[{"name":"wp","href":"https:\/\/api.w.org\/{rel}","templated":true}]}}