{"id":249783,"date":"2023-08-28T14:03:34","date_gmt":"2023-08-28T18:03:34","guid":{"rendered":"https:\/\/www.ocorreionews.com.br\/acervo-correio\/?p=249783"},"modified":"2023-08-28T15:52:32","modified_gmt":"2023-08-28T19:52:32","slug":"adolescente-era-quem-conduzia-veiculo-que-colidiu-em-moto-e-evadiu-se-do-local-do-acidente-em-chapadao-do-sul","status":"publish","type":"post","link":"https:\/\/www.ocorreionews.com.br\/acervo-correio\/?p=249783","title":{"rendered":"Adolescente era quem conduzia ve\u00edculo que colidiu em moto e evadiu se do local do acidente em Chapad\u00e3o do Sul"},"content":{"rendered":"<p><span data-contrast=\"none\">A Pol\u00edcia Militar de Chapad\u00e3o do Sul identificou e apreendeu o <a href=\"https:\/\/www.ocorreionews.com.br\/acervo-correio\/motorista-colide-em-moto-e-foge-do-local-sem-prestar-socorro-no-centro-de-chapadao-do-sul\/\">motorista de um ve\u00edculo de que colidiu em um motociclista na manh\u00e3 do \u00faltimo s\u00e1bado (26), e empreendeu fuga em seguida<\/a>. O motorista era um adolescente de 17 anos.<\/span><span data-ccp-props=\"{&quot;134233117&quot;:false,&quot;201341983&quot;:0,&quot;335551550&quot;:6,&quot;335551620&quot;:6,&quot;335559738&quot;:0,&quot;335559739&quot;:160,&quot;335559740&quot;:259}\">\u00a0<\/span><\/p>\n<p><span data-contrast=\"none\">De acordo com Boletim de Ocorr\u00eancia, a Pol\u00edcia Militar foi acionada para atender a uma ocorr\u00eancia de acidente de tr\u00e2nsito envolvendo um ve\u00edculo e uma motocicleta. Ao chegarem no local o corpo de bombeiros estava atendendo a v\u00edtima condutor da motocicleta Honda Fan, que foi encaminhado para o hospital e o autor do acidente tinha evadido do local sem prestar socorro a v\u00edtima. <\/span><span data-ccp-props=\"{&quot;134233117&quot;:false,&quot;201341983&quot;:0,&quot;335551550&quot;:6,&quot;335551620&quot;:6,&quot;335559738&quot;:0,&quot;335559739&quot;:160,&quot;335559740&quot;:259}\">\u00a0<\/span><\/p>\n<p><span data-contrast=\"none\">Al\u00e9m de colidir com a moto, o autor ainda bateu em ve\u00edculo Ford KA que estava estacionado e logo empreendeu fuga, mas uma testemunha que estava presente na hora conseguiu tirar uma foto que aparecia a placa do carro um Fiat Uno.<\/span><span data-ccp-props=\"{&quot;134233117&quot;:false,&quot;201341983&quot;:0,&quot;335551550&quot;:6,&quot;335551620&quot;:6,&quot;335559738&quot;:0,&quot;335559739&quot;:160,&quot;335559740&quot;:259}\">\u00a0 O acidente aconteceu no cruzamento da Rua 14 com a 17, no Centro da cidade.<\/span><\/p>\n<p><span data-contrast=\"none\">Com as informa\u00e7\u00f5es do ve\u00edculo, os militares realizaram dilig\u00eancias, e tiverem \u00eaxito em localizar e identificar o autor, que era um adolescente de 17 anos que tira pegado o ve\u00edculo de sua m\u00e3e. O adolescente informou aos policiais que fugiu do local do sinistro pois estava assustado. <\/span><span data-ccp-props=\"{&quot;134233117&quot;:false,&quot;134233118&quot;:false,&quot;201341983&quot;:0,&quot;335551550&quot;:6,&quot;335551620&quot;:6,&quot;335559685&quot;:0,&quot;335559737&quot;:0,&quot;335559738&quot;:0,&quot;335559739&quot;:160,&quot;335559740&quot;:259}\">\u00a0<\/span><\/p>\n<p><span data-contrast=\"none\">Diante dos fatos foi realizado os procedimentos administrativos e o menor\/autor foi conduzido para a Delegacia.<\/span><span data-ccp-props=\"{&quot;134233117&quot;:false,&quot;134233118&quot;:false,&quot;201341983&quot;:0,&quot;335551550&quot;:6,&quot;335551620&quot;:6,&quot;335559685&quot;:0,&quot;335559737&quot;:0,&quot;335559738&quot;:0,&quot;335559739&quot;:160,&quot;335559740&quot;:259}\">\u00a0<\/span><\/p>\n<p>&nbsp;<\/p>\n<div class=\"entry-content clearfix single-post-content\">\n<p><em>*O Correio News, com informa\u00e7\u00f5es da Assessoria da\u00a0 Pol\u00edcia Militar\u00a0<\/em><\/p>\n<\/div>\n<div class=\"post-share single-post-share bottom-share clearfix style-1\">\n<div class=\"post-share-btn-group\"><\/div>\n<div class=\"share-handler-wrap bs-pretty-tabs bs-pretty-tabs-initialized\"><\/div>\n<\/div>\n","protected":false},"excerpt":{"rendered":"<p>A Pol\u00edcia Militar de Chapad\u00e3o do Sul identificou e apreendeu o motorista de um ve\u00edculo de que colidiu em um motociclista na manh\u00e3 do \u00faltimo s\u00e1bado (26), e empreendeu fuga em seguida. O motorista era um adolescente de 17 anos.\u00a0 De acordo com Boletim de Ocorr\u00eancia, a Pol\u00edcia Militar foi acionada para atender a uma [&hellip;]<\/p>\n","protected":false},"author":5,"featured_media":201651,"comment_status":"closed","ping_status":"closed","sticky":false,"template":"","format":"standard","meta":{"footnotes":""},"categories":[23,38],"tags":[],"class_list":["post-249783","post","type-post","status-publish","format-standard","has-post-thumbnail","hentry","category-chapadao-do-sul","category-policia"],"_links":{"self":[{"href":"https:\/\/www.ocorreionews.com.br\/acervo-correio\/index.php?rest_route=\/wp\/v2\/posts\/249783","targetHints":{"allow":["GET"]}}],"collection":[{"href":"https:\/\/www.ocorreionews.com.br\/acervo-correio\/index.php?rest_route=\/wp\/v2\/posts"}],"about":[{"href":"https:\/\/www.ocorreionews.com.br\/acervo-correio\/index.php?rest_route=\/wp\/v2\/types\/post"}],"author":[{"embeddable":true,"href":"https:\/\/www.ocorreionews.com.br\/acervo-correio\/index.php?rest_route=\/wp\/v2\/users\/5"}],"replies":[{"embeddable":true,"href":"https:\/\/www.ocorreionews.com.br\/acervo-correio\/index.php?rest_route=%2Fwp%2Fv2%2Fcomments&post=249783"}],"version-history":[{"count":4,"href":"https:\/\/www.ocorreionews.com.br\/acervo-correio\/index.php?rest_route=\/wp\/v2\/posts\/249783\/revisions"}],"predecessor-version":[{"id":249811,"href":"https:\/\/www.ocorreionews.com.br\/acervo-correio\/index.php?rest_route=\/wp\/v2\/posts\/249783\/revisions\/249811"}],"wp:featuredmedia":[{"embeddable":true,"href":"https:\/\/www.ocorreionews.com.br\/acervo-correio\/index.php?rest_route=\/wp\/v2\/media\/201651"}],"wp:attachment":[{"href":"https:\/\/www.ocorreionews.com.br\/acervo-correio\/index.php?rest_route=%2Fwp%2Fv2%2Fmedia&parent=249783"}],"wp:term":[{"taxonomy":"category","embeddable":true,"href":"https:\/\/www.ocorreionews.com.br\/acervo-correio\/index.php?rest_route=%2Fwp%2Fv2%2Fcategories&post=249783"},{"taxonomy":"post_tag","embeddable":true,"href":"https:\/\/www.ocorreionews.com.br\/acervo-correio\/index.php?rest_route=%2Fwp%2Fv2%2Ftags&post=249783"}],"curies":[{"name":"wp","href":"https:\/\/api.w.org\/{rel}","templated":true}]}}