{"id":249792,"date":"2023-08-28T14:41:04","date_gmt":"2023-08-28T18:41:04","guid":{"rendered":"https:\/\/www.ocorreionews.com.br\/acervo-correio\/?p=249792"},"modified":"2023-08-28T14:41:04","modified_gmt":"2023-08-28T18:41:04","slug":"pm-de-costa-rica-prende-motorista-embriagado-e-armado-ao-colidir-em-carro-estacionado","status":"publish","type":"post","link":"https:\/\/www.ocorreionews.com.br\/acervo-correio\/?p=249792","title":{"rendered":"PM de Costa Rica prende motorista embriagado e armado ao colidir em carro estacionado"},"content":{"rendered":"<p><span data-contrast=\"none\">Na noite deste domingo (27), um homem de 58 anos foi preso ao colidir em com seu ve\u00edculo em outro que estava estacionado e estar embriagado e com arma e muni\u00e7\u00f5es em Costa Rica.<\/span><span data-ccp-props=\"{&quot;134233117&quot;:false,&quot;134233118&quot;:false,&quot;201341983&quot;:0,&quot;335551550&quot;:6,&quot;335551620&quot;:6,&quot;335559685&quot;:0,&quot;335559737&quot;:0,&quot;335559738&quot;:0,&quot;335559739&quot;:160,&quot;335559740&quot;:259}\">\u00a0<\/span><\/p>\n<p><span data-contrast=\"none\">Segundo informa\u00e7\u00f5es do Boletim de Ocorr\u00eancia, a PM de Costa Rica foi acionada a atender uma ocorr\u00eancia de acidente de tr\u00e2nsito Av. Jose Ferreira da Costa. <\/span><span data-ccp-props=\"{&quot;134233117&quot;:false,&quot;134233118&quot;:false,&quot;201341983&quot;:0,&quot;335551550&quot;:6,&quot;335551620&quot;:6,&quot;335559685&quot;:0,&quot;335559737&quot;:0,&quot;335559738&quot;:0,&quot;335559739&quot;:160,&quot;335559740&quot;:259}\">\u00a0<\/span><\/p>\n<p><span data-contrast=\"none\">No local segundo relato da v\u00edtima propriet\u00e1ria do ve\u00edculo Fiat\/Argo, o seu carro estava estacionado no canteiro da avenida quando, o autor que conduzia um VW\/Saveiro trafegava no mesmo sentido da via veio a colidir com a traseira do ve\u00edculo da v\u00edtima, causando pequenos danos em ambos. <\/span><span data-ccp-props=\"{&quot;134233117&quot;:false,&quot;134233118&quot;:false,&quot;201341983&quot;:0,&quot;335551550&quot;:6,&quot;335551620&quot;:6,&quot;335559685&quot;:0,&quot;335559737&quot;:0,&quot;335559738&quot;:0,&quot;335559739&quot;:160,&quot;335559740&quot;:259}\">\u00a0<\/span><\/p>\n<p><span data-contrast=\"none\">Os militares entraram em contato com o autor e foi constatado que o mesmo apresentava vis\u00edvel estado de embriaguez, com forte odor et\u00edlico, fala arrastada e desequil\u00edbrio, ele se recusou a fazer o teste de alcoolemia.<\/span><span data-ccp-props=\"{&quot;134233117&quot;:false,&quot;134233118&quot;:false,&quot;201341983&quot;:0,&quot;335551550&quot;:6,&quot;335551620&quot;:6,&quot;335559685&quot;:0,&quot;335559737&quot;:0,&quot;335559738&quot;:0,&quot;335559739&quot;:160,&quot;335559740&quot;:259}\">\u00a0<\/span><\/p>\n<p><span data-contrast=\"none\">Diante dos fatos o autor recebeu voz de pris\u00e3o e foi encaminhado para a Delegacia, tamb\u00e9m foi confeccionado as infra\u00e7\u00f5es de tr\u00e2nsito, pois al\u00e9m de seu ve\u00edculo estar com o licenciamento vencido ele n\u00e3o possu\u00eda CNH. <\/span><span data-ccp-props=\"{&quot;134233117&quot;:false,&quot;134233118&quot;:false,&quot;201341983&quot;:0,&quot;335551550&quot;:6,&quot;335551620&quot;:6,&quot;335559685&quot;:0,&quot;335559737&quot;:0,&quot;335559738&quot;:0,&quot;335559739&quot;:160,&quot;335559740&quot;:259}\">\u00a0<\/span><\/p>\n<p><span data-contrast=\"none\">Ap\u00f3s isso foi realizada uma busca minuciosa no autor, sendo localizado dentro de sua cueca entre as pernas uma Garrucha Rossi calibre .22, de dois canos, municiada com 02 (duas) muni\u00e7\u00f5es intactas e em uma das meias foi localizado um bornal camuflado, contendo 06 (seis) muni\u00e7\u00f5es de calibre .22 intactas e uma deflagrada, e outras 04 (quatro) muni\u00e7\u00f5es calibre .32 intactas. <\/span><span data-ccp-props=\"{&quot;134233117&quot;:false,&quot;134233118&quot;:false,&quot;201341983&quot;:0,&quot;335551550&quot;:6,&quot;335551620&quot;:6,&quot;335559685&quot;:0,&quot;335559737&quot;:0,&quot;335559738&quot;:0,&quot;335559739&quot;:160,&quot;335559740&quot;:259}\">\u00a0<\/span><\/p>\n<p><span data-contrast=\"none\">Com isso o homem responder\u00e1 por Porte ilegal de arma de fogo de uso permitido. Conduzir ve\u00edculo automotor com capacidade psicomotora alterada em raz\u00e3o da influ\u00eancia de \u00e1lcool ou de outra subst\u00e2ncia psicoativa que determine depend\u00eancia.<\/span><span data-ccp-props=\"{&quot;134233117&quot;:false,&quot;201341983&quot;:0,&quot;335551550&quot;:6,&quot;335551620&quot;:6,&quot;335559738&quot;:0,&quot;335559739&quot;:160,&quot;335559740&quot;:259}\">\u00a0<\/span><\/p>\n<p>&nbsp;<\/p>\n<p><em>*O Correio News, com informa\u00e7\u00f5es da Assessoria da\u00a0 Pol\u00edcia Militar\u00a0<\/em><\/p>\n","protected":false},"excerpt":{"rendered":"<p>Na noite deste domingo (27), um homem de 58 anos foi preso ao colidir em com seu ve\u00edculo em outro que estava estacionado e estar embriagado e com arma e muni\u00e7\u00f5es em Costa Rica.\u00a0 Segundo informa\u00e7\u00f5es do Boletim de Ocorr\u00eancia, a PM de Costa Rica foi acionada a atender uma ocorr\u00eancia de acidente de tr\u00e2nsito [&hellip;]<\/p>\n","protected":false},"author":5,"featured_media":249795,"comment_status":"closed","ping_status":"closed","sticky":false,"template":"","format":"standard","meta":{"footnotes":""},"categories":[25,38],"tags":[],"class_list":["post-249792","post","type-post","status-publish","format-standard","has-post-thumbnail","hentry","category-costa-rica","category-policia"],"_links":{"self":[{"href":"https:\/\/www.ocorreionews.com.br\/acervo-correio\/index.php?rest_route=\/wp\/v2\/posts\/249792","targetHints":{"allow":["GET"]}}],"collection":[{"href":"https:\/\/www.ocorreionews.com.br\/acervo-correio\/index.php?rest_route=\/wp\/v2\/posts"}],"about":[{"href":"https:\/\/www.ocorreionews.com.br\/acervo-correio\/index.php?rest_route=\/wp\/v2\/types\/post"}],"author":[{"embeddable":true,"href":"https:\/\/www.ocorreionews.com.br\/acervo-correio\/index.php?rest_route=\/wp\/v2\/users\/5"}],"replies":[{"embeddable":true,"href":"https:\/\/www.ocorreionews.com.br\/acervo-correio\/index.php?rest_route=%2Fwp%2Fv2%2Fcomments&post=249792"}],"version-history":[{"count":1,"href":"https:\/\/www.ocorreionews.com.br\/acervo-correio\/index.php?rest_route=\/wp\/v2\/posts\/249792\/revisions"}],"predecessor-version":[{"id":249797,"href":"https:\/\/www.ocorreionews.com.br\/acervo-correio\/index.php?rest_route=\/wp\/v2\/posts\/249792\/revisions\/249797"}],"wp:featuredmedia":[{"embeddable":true,"href":"https:\/\/www.ocorreionews.com.br\/acervo-correio\/index.php?rest_route=\/wp\/v2\/media\/249795"}],"wp:attachment":[{"href":"https:\/\/www.ocorreionews.com.br\/acervo-correio\/index.php?rest_route=%2Fwp%2Fv2%2Fmedia&parent=249792"}],"wp:term":[{"taxonomy":"category","embeddable":true,"href":"https:\/\/www.ocorreionews.com.br\/acervo-correio\/index.php?rest_route=%2Fwp%2Fv2%2Fcategories&post=249792"},{"taxonomy":"post_tag","embeddable":true,"href":"https:\/\/www.ocorreionews.com.br\/acervo-correio\/index.php?rest_route=%2Fwp%2Fv2%2Ftags&post=249792"}],"curies":[{"name":"wp","href":"https:\/\/api.w.org\/{rel}","templated":true}]}}