{"id":249800,"date":"2023-08-28T15:02:19","date_gmt":"2023-08-28T19:02:19","guid":{"rendered":"https:\/\/www.ocorreionews.com.br\/acervo-correio\/?p=249800"},"modified":"2023-08-28T15:02:19","modified_gmt":"2023-08-28T19:02:19","slug":"mulher-viaja-de-coxim-a-paraiso-para-reconciliar-com-seu-ex-mas-acaba-agredida-e-ameacado-pelo-homem","status":"publish","type":"post","link":"https:\/\/www.ocorreionews.com.br\/acervo-correio\/?p=249800","title":{"rendered":"Mulher viaja de Coxim \u00e0 Para\u00edso para reconciliar com seu ex, mas acaba agredida e amea\u00e7ado pelo homem"},"content":{"rendered":"<p><span data-contrast=\"none\">PM de Para\u00edso das \u00c1guas prendeu na madrugada do \u00faltimo s\u00e1bado (26), um homem ao agredir e amea\u00e7ar uma jovem que veio de outra cidade para eles se reconciliarem.<\/span><span data-ccp-props=\"{&quot;134233117&quot;:false,&quot;201341983&quot;:0,&quot;335551550&quot;:6,&quot;335551620&quot;:6,&quot;335559738&quot;:0,&quot;335559739&quot;:160,&quot;335559740&quot;:259}\">\u00a0<\/span><\/p>\n<p><span data-contrast=\"none\">Segundo informa\u00e7\u00f5es do Boletim de Ocorr\u00eancia, por volta das 02h30min a PM de Para\u00edso das \u00c1guas, foi acionada para comparecer em uma resid\u00eancia localizada na Rua Valdecir Feltrin, sobre uma Viol\u00eancia Dom\u00e9stica.<\/span><span data-ccp-props=\"{&quot;134233117&quot;:false,&quot;201341983&quot;:0,&quot;335551550&quot;:6,&quot;335551620&quot;:6,&quot;335559738&quot;:0,&quot;335559739&quot;:160,&quot;335559740&quot;:259}\">\u00a0<\/span><\/p>\n<p><span data-contrast=\"none\">No local a v\u00edtima de 26 anos relatou aos policiais que o autor de 31 anos\u00a0seu companheiro o havia agredido fisicamente e a estava amea\u00e7ando. A v\u00edtima ainda disse que se deslocou da cidade de Coxim-MS para se reconciliarem, por\u00e9m, ao ingerir bebida alco\u00f3lica o autor iniciou uma discuss\u00e3o onde terminou em agress\u00e3o. <\/span><span data-ccp-props=\"{&quot;134233117&quot;:false,&quot;201341983&quot;:0,&quot;335551550&quot;:6,&quot;335551620&quot;:6,&quot;335559738&quot;:0,&quot;335559739&quot;:160,&quot;335559740&quot;:259}\">\u00a0<\/span><\/p>\n<p><span data-contrast=\"none\">Diante disso o autor foi conduzido at\u00e9 a Delegacia para que fosse tomadas as medidas cab\u00edveis.<\/span><span data-ccp-props=\"{&quot;134233117&quot;:false,&quot;201341983&quot;:0,&quot;335551550&quot;:6,&quot;335551620&quot;:6,&quot;335559738&quot;:0,&quot;335559739&quot;:160,&quot;335559740&quot;:259}\">\u00a0<\/span><\/p>\n<p>&nbsp;<\/p>\n<p><em>*O Correio News, com informa\u00e7\u00f5es da Assessoria da\u00a0 Pol\u00edcia Militar\u00a0<\/em><\/p>\n","protected":false},"excerpt":{"rendered":"<p>PM de Para\u00edso das \u00c1guas prendeu na madrugada do \u00faltimo s\u00e1bado (26), um homem ao agredir e amea\u00e7ar uma jovem que veio de outra cidade para eles se reconciliarem.\u00a0 Segundo informa\u00e7\u00f5es do Boletim de Ocorr\u00eancia, por volta das 02h30min a PM de Para\u00edso das \u00c1guas, foi acionada para comparecer em uma resid\u00eancia localizada na Rua [&hellip;]<\/p>\n","protected":false},"author":5,"featured_media":234909,"comment_status":"closed","ping_status":"closed","sticky":false,"template":"","format":"standard","meta":{"footnotes":""},"categories":[36,38],"tags":[],"class_list":["post-249800","post","type-post","status-publish","format-standard","has-post-thumbnail","hentry","category-paraiso-das-aguas","category-policia"],"_links":{"self":[{"href":"https:\/\/www.ocorreionews.com.br\/acervo-correio\/index.php?rest_route=\/wp\/v2\/posts\/249800","targetHints":{"allow":["GET"]}}],"collection":[{"href":"https:\/\/www.ocorreionews.com.br\/acervo-correio\/index.php?rest_route=\/wp\/v2\/posts"}],"about":[{"href":"https:\/\/www.ocorreionews.com.br\/acervo-correio\/index.php?rest_route=\/wp\/v2\/types\/post"}],"author":[{"embeddable":true,"href":"https:\/\/www.ocorreionews.com.br\/acervo-correio\/index.php?rest_route=\/wp\/v2\/users\/5"}],"replies":[{"embeddable":true,"href":"https:\/\/www.ocorreionews.com.br\/acervo-correio\/index.php?rest_route=%2Fwp%2Fv2%2Fcomments&post=249800"}],"version-history":[{"count":1,"href":"https:\/\/www.ocorreionews.com.br\/acervo-correio\/index.php?rest_route=\/wp\/v2\/posts\/249800\/revisions"}],"predecessor-version":[{"id":249803,"href":"https:\/\/www.ocorreionews.com.br\/acervo-correio\/index.php?rest_route=\/wp\/v2\/posts\/249800\/revisions\/249803"}],"wp:featuredmedia":[{"embeddable":true,"href":"https:\/\/www.ocorreionews.com.br\/acervo-correio\/index.php?rest_route=\/wp\/v2\/media\/234909"}],"wp:attachment":[{"href":"https:\/\/www.ocorreionews.com.br\/acervo-correio\/index.php?rest_route=%2Fwp%2Fv2%2Fmedia&parent=249800"}],"wp:term":[{"taxonomy":"category","embeddable":true,"href":"https:\/\/www.ocorreionews.com.br\/acervo-correio\/index.php?rest_route=%2Fwp%2Fv2%2Fcategories&post=249800"},{"taxonomy":"post_tag","embeddable":true,"href":"https:\/\/www.ocorreionews.com.br\/acervo-correio\/index.php?rest_route=%2Fwp%2Fv2%2Ftags&post=249800"}],"curies":[{"name":"wp","href":"https:\/\/api.w.org\/{rel}","templated":true}]}}