{"id":249801,"date":"2023-08-28T15:22:44","date_gmt":"2023-08-28T19:22:44","guid":{"rendered":"https:\/\/www.ocorreionews.com.br\/acervo-correio\/?p=249801"},"modified":"2023-08-28T15:22:44","modified_gmt":"2023-08-28T19:22:44","slug":"motorista-embriagado-colide-em-moto-que-estava-um-casal-e-ainda-desacata-policiais-em-costa-rica","status":"publish","type":"post","link":"https:\/\/www.ocorreionews.com.br\/acervo-correio\/?p=249801","title":{"rendered":"Motorista embriagado colide em moto que estava um casal e ainda desacata policiais em Costa Rica"},"content":{"rendered":"<p><span data-contrast=\"none\">Na noite do \u00faltimo s\u00e1bado (26), um homem de 41 anos foi preso em Costa Rica, por dirigir embriagado, colidir em um moto e deixar um casal ferido e ainda desacatar policiais.<\/span><span data-ccp-props=\"{&quot;134233117&quot;:false,&quot;201341983&quot;:0,&quot;335551550&quot;:6,&quot;335551620&quot;:6,&quot;335559738&quot;:0,&quot;335559739&quot;:160,&quot;335559740&quot;:259}\">\u00a0<\/span><\/p>\n<p><span data-contrast=\"none\">Segundo informa\u00e7\u00f5es do Boletim de Ocorr\u00eancia, por volta das 22h40min, uma guarni\u00e7\u00e3o da PM de Costa Rica realizava patrulhamento pela Av. J quando avistaram um acidente envolvendo carro e moto. <\/span><span data-ccp-props=\"{&quot;134233117&quot;:false,&quot;201341983&quot;:0,&quot;335551550&quot;:6,&quot;335551620&quot;:6,&quot;335559738&quot;:0,&quot;335559739&quot;:160,&quot;335559740&quot;:259}\">\u00a0<\/span><\/p>\n<p><span data-contrast=\"none\">O autor conduzia um Palio e seguia sentido Centro da cidade quando no cruzamento com a rua Piraputangas colidiu na traseira da motocicleta que estava o casal (Feminino 20 anos e masculino 23 anos)\u00a0que seguia no mesmo sentido. <\/span><span data-ccp-props=\"{&quot;134233117&quot;:false,&quot;201341983&quot;:0,&quot;335551550&quot;:6,&quot;335551620&quot;:6,&quot;335559738&quot;:0,&quot;335559739&quot;:160,&quot;335559740&quot;:259}\">\u00a0<\/span><\/p>\n<p><span data-contrast=\"none\">A jovem que estava na garupa sofreu les\u00f5es nos joelhos, bra\u00e7o, face e um corte na regi\u00e3o da testa. O condutor da motocicleta\u00a0que sofreu ferimentos leves, relatou que ap\u00f3s passar pelo quebra-molas ouviu uma frenagem de pneu de carro, em seguida recebeu a colis\u00e3o. J\u00e1 o motorista do P\u00e1lio que transitava em alta velocidade relatou que ap\u00f3s \u201crampar\u201d o quebra-molas n\u00e3o viu mais nada, s\u00f3 percebeu o ocorrido quando parou seu ve\u00edculo. <\/span><span data-ccp-props=\"{&quot;134233117&quot;:false,&quot;201341983&quot;:0,&quot;335551550&quot;:6,&quot;335551620&quot;:6,&quot;335559738&quot;:0,&quot;335559739&quot;:160,&quot;335559740&quot;:259}\">\u00a0<\/span><\/p>\n<p><span data-contrast=\"none\">O motorista do ve\u00edculo de passeio, apresentava sinais de embriaguez como falas desconexas, andar cambaleante e forte odor et\u00edlico, al\u00e9m de resistir n\u00e3o querendo realizar o teste de alcoolemia, se exaltou e disse <\/span><i><span data-contrast=\"none\">\u201cn\u00e3o vou assoprar nada, se quiserem v\u00e3o ter que me pegar\u201d<\/span><\/i><span data-contrast=\"none\">, sendo necess\u00e1rio o uso de for\u00e7a para intervir e ele recebeu voz de pris\u00e3o e foi encaminhado \u00e0 Delegacia para os procedimentos cab\u00edveis.<\/span><span data-ccp-props=\"{&quot;134233117&quot;:false,&quot;201341983&quot;:0,&quot;335551550&quot;:6,&quot;335551620&quot;:6,&quot;335559738&quot;:0,&quot;335559739&quot;:160,&quot;335559740&quot;:259}\">\u00a0<\/span><\/p>\n<p>&nbsp;<\/p>\n<p><em>*O Correio News, com informa\u00e7\u00f5es da Assessoria da\u00a0 Pol\u00edcia Militar\u00a0<\/em><\/p>\n","protected":false},"excerpt":{"rendered":"<p>Na noite do \u00faltimo s\u00e1bado (26), um homem de 41 anos foi preso em Costa Rica, por dirigir embriagado, colidir em um moto e deixar um casal ferido e ainda desacatar policiais.\u00a0 Segundo informa\u00e7\u00f5es do Boletim de Ocorr\u00eancia, por volta das 22h40min, uma guarni\u00e7\u00e3o da PM de Costa Rica realizava patrulhamento pela Av. J quando [&hellip;]<\/p>\n","protected":false},"author":5,"featured_media":239803,"comment_status":"closed","ping_status":"closed","sticky":false,"template":"","format":"standard","meta":{"footnotes":""},"categories":[25,38],"tags":[],"class_list":["post-249801","post","type-post","status-publish","format-standard","has-post-thumbnail","hentry","category-costa-rica","category-policia"],"_links":{"self":[{"href":"https:\/\/www.ocorreionews.com.br\/acervo-correio\/index.php?rest_route=\/wp\/v2\/posts\/249801","targetHints":{"allow":["GET"]}}],"collection":[{"href":"https:\/\/www.ocorreionews.com.br\/acervo-correio\/index.php?rest_route=\/wp\/v2\/posts"}],"about":[{"href":"https:\/\/www.ocorreionews.com.br\/acervo-correio\/index.php?rest_route=\/wp\/v2\/types\/post"}],"author":[{"embeddable":true,"href":"https:\/\/www.ocorreionews.com.br\/acervo-correio\/index.php?rest_route=\/wp\/v2\/users\/5"}],"replies":[{"embeddable":true,"href":"https:\/\/www.ocorreionews.com.br\/acervo-correio\/index.php?rest_route=%2Fwp%2Fv2%2Fcomments&post=249801"}],"version-history":[{"count":1,"href":"https:\/\/www.ocorreionews.com.br\/acervo-correio\/index.php?rest_route=\/wp\/v2\/posts\/249801\/revisions"}],"predecessor-version":[{"id":249808,"href":"https:\/\/www.ocorreionews.com.br\/acervo-correio\/index.php?rest_route=\/wp\/v2\/posts\/249801\/revisions\/249808"}],"wp:featuredmedia":[{"embeddable":true,"href":"https:\/\/www.ocorreionews.com.br\/acervo-correio\/index.php?rest_route=\/wp\/v2\/media\/239803"}],"wp:attachment":[{"href":"https:\/\/www.ocorreionews.com.br\/acervo-correio\/index.php?rest_route=%2Fwp%2Fv2%2Fmedia&parent=249801"}],"wp:term":[{"taxonomy":"category","embeddable":true,"href":"https:\/\/www.ocorreionews.com.br\/acervo-correio\/index.php?rest_route=%2Fwp%2Fv2%2Fcategories&post=249801"},{"taxonomy":"post_tag","embeddable":true,"href":"https:\/\/www.ocorreionews.com.br\/acervo-correio\/index.php?rest_route=%2Fwp%2Fv2%2Ftags&post=249801"}],"curies":[{"name":"wp","href":"https:\/\/api.w.org\/{rel}","templated":true}]}}