{"id":249805,"date":"2023-08-28T16:00:31","date_gmt":"2023-08-28T20:00:31","guid":{"rendered":"https:\/\/www.ocorreionews.com.br\/acervo-correio\/?p=249805"},"modified":"2023-08-29T06:44:02","modified_gmt":"2023-08-29T10:44:02","slug":"velorio-de-sergio-tera-inicio-no-final-da-tarde","status":"publish","type":"post","link":"https:\/\/www.ocorreionews.com.br\/acervo-correio\/?p=249805","title":{"rendered":"Vel\u00f3rio do corpo de S\u00e9rgio iniciar\u00e1 as 18h na Veladoria Municipal de Chapad\u00e3o do Sul"},"content":{"rendered":"<p>A fam\u00edlia de S\u00e9rgio Veiga Possamai, 34 anos, que <a href=\"https:\/\/www.ocorreionews.com.br\/acervo-correio\/sul-chapadense-morre-em-acidente-na-ms-306-em-frente-posto-nmt\/\">morreu em um grave acidente na noite deste domingo (27)<\/a>, comunica que os atos f\u00fanebres iniciar\u00e3o as 18h (MS) na Veladoria Municipal de Chapad\u00e3o do Sul e o sepultamento ser\u00e1 na manh\u00e3 desta ter\u00e7a-feira (29). ainda sem hor\u00e1rio definido.<\/p>\n<p><strong>Relembre o o caso<\/strong><\/p>\n<p>S\u00e9rgio Veiga Possamai, 34 anos,\u00a0 veio a \u00f3bito ao sair com sua caminhonete do posto de combust\u00edvel\u00a0 que fica nas margens na rodovia MS 306 e colidir de frente com uma carreta que seguia pela rodovia<\/p>\n<p>Segundo testemunhas informaram para nossa reportagem, Sergio estava em\u00a0 uma churrascaria do posto de combust\u00edvel na sa\u00edda para cidade de Cassil\u00e2ndia, quando por motivos que ainda precisam ser apurados entrou em alta velocidade sem verificar se vinha outro ve\u00edculo na rodovia, e acabou colidindo de frente com a carreta.<\/p>\n<p>O motorista da carreta A.M.A M de 30 anos que vinha de Cuiab\u00e1 sentindo ao Rio de Janeiro, afirmou que viu a invas\u00e3o da pista, e tentou tirar de lado para evitar a colis\u00e3o, mas a caminhonete retornou a pista e colidiu de frente. Ele nada sofreu<\/p>\n<p><img loading=\"lazy\" decoding=\"async\" class=\"alignnone size-full wp-image-249714\" src=\"https:\/\/www.ocorreionews.com.br\/acervo-correio\/wp-content\/uploads\/2023\/08\/DSC_0155.jpg\" sizes=\"auto, (max-width: 2144px) 100vw, 2144px\" srcset=\"https:\/\/www.ocorreionews.com.br\/acervo-correio\/wp-content\/uploads\/2023\/08\/DSC_0155.jpg 2144w, https:\/\/www.ocorreionews.com.br\/acervo-correio\/wp-content\/uploads\/2023\/08\/DSC_0155-300x199.jpg 300w, https:\/\/www.ocorreionews.com.br\/acervo-correio\/wp-content\/uploads\/2023\/08\/DSC_0155-1024x680.jpg 1024w, https:\/\/www.ocorreionews.com.br\/acervo-correio\/wp-content\/uploads\/2023\/08\/DSC_0155-768x510.jpg 768w, https:\/\/www.ocorreionews.com.br\/acervo-correio\/wp-content\/uploads\/2023\/08\/DSC_0155-1536x1020.jpg 1536w, https:\/\/www.ocorreionews.com.br\/acervo-correio\/wp-content\/uploads\/2023\/08\/DSC_0155-2048x1360.jpg 2048w\" alt=\"\" width=\"2144\" height=\"1424\" \/>\u00a0<img loading=\"lazy\" decoding=\"async\" class=\"alignnone size-full wp-image-249715\" src=\"https:\/\/www.ocorreionews.com.br\/acervo-correio\/wp-content\/uploads\/2023\/08\/DSC_0156.jpg\" sizes=\"auto, (max-width: 2144px) 100vw, 2144px\" srcset=\"https:\/\/www.ocorreionews.com.br\/acervo-correio\/wp-content\/uploads\/2023\/08\/DSC_0156.jpg 2144w, https:\/\/www.ocorreionews.com.br\/acervo-correio\/wp-content\/uploads\/2023\/08\/DSC_0156-300x199.jpg 300w, https:\/\/www.ocorreionews.com.br\/acervo-correio\/wp-content\/uploads\/2023\/08\/DSC_0156-1024x680.jpg 1024w, https:\/\/www.ocorreionews.com.br\/acervo-correio\/wp-content\/uploads\/2023\/08\/DSC_0156-768x510.jpg 768w, https:\/\/www.ocorreionews.com.br\/acervo-correio\/wp-content\/uploads\/2023\/08\/DSC_0156-1536x1020.jpg 1536w, https:\/\/www.ocorreionews.com.br\/acervo-correio\/wp-content\/uploads\/2023\/08\/DSC_0156-2048x1360.jpg 2048w\" alt=\"\" width=\"2144\" height=\"1424\" \/> \u00a0\u00a0<img loading=\"lazy\" decoding=\"async\" class=\"alignnone size-full wp-image-249718\" src=\"https:\/\/www.ocorreionews.com.br\/acervo-correio\/wp-content\/uploads\/2023\/08\/DSC_0159.jpg\" sizes=\"auto, (max-width: 2144px) 100vw, 2144px\" srcset=\"https:\/\/www.ocorreionews.com.br\/acervo-correio\/wp-content\/uploads\/2023\/08\/DSC_0159.jpg 2144w, https:\/\/www.ocorreionews.com.br\/acervo-correio\/wp-content\/uploads\/2023\/08\/DSC_0159-300x199.jpg 300w, https:\/\/www.ocorreionews.com.br\/acervo-correio\/wp-content\/uploads\/2023\/08\/DSC_0159-1024x680.jpg 1024w, https:\/\/www.ocorreionews.com.br\/acervo-correio\/wp-content\/uploads\/2023\/08\/DSC_0159-768x510.jpg 768w, https:\/\/www.ocorreionews.com.br\/acervo-correio\/wp-content\/uploads\/2023\/08\/DSC_0159-1536x1020.jpg 1536w, https:\/\/www.ocorreionews.com.br\/acervo-correio\/wp-content\/uploads\/2023\/08\/DSC_0159-2048x1360.jpg 2048w\" alt=\"\" width=\"2144\" height=\"1424\" \/><\/p>\n","protected":false},"excerpt":{"rendered":"<p>A fam\u00edlia de S\u00e9rgio Veiga Possamai, 34 anos, que morreu em um grave acidente na noite deste domingo (27), comunica que os atos f\u00fanebres iniciar\u00e3o as 18h (MS) na Veladoria Municipal de Chapad\u00e3o do Sul e o sepultamento ser\u00e1 na manh\u00e3 desta ter\u00e7a-feira (29). ainda sem hor\u00e1rio definido. Relembre o o caso S\u00e9rgio Veiga Possamai, [&hellip;]<\/p>\n","protected":false},"author":4,"featured_media":249818,"comment_status":"closed","ping_status":"closed","sticky":false,"template":"","format":"standard","meta":{"footnotes":""},"categories":[23],"tags":[],"class_list":["post-249805","post","type-post","status-publish","format-standard","has-post-thumbnail","hentry","category-chapadao-do-sul"],"_links":{"self":[{"href":"https:\/\/www.ocorreionews.com.br\/acervo-correio\/index.php?rest_route=\/wp\/v2\/posts\/249805","targetHints":{"allow":["GET"]}}],"collection":[{"href":"https:\/\/www.ocorreionews.com.br\/acervo-correio\/index.php?rest_route=\/wp\/v2\/posts"}],"about":[{"href":"https:\/\/www.ocorreionews.com.br\/acervo-correio\/index.php?rest_route=\/wp\/v2\/types\/post"}],"author":[{"embeddable":true,"href":"https:\/\/www.ocorreionews.com.br\/acervo-correio\/index.php?rest_route=\/wp\/v2\/users\/4"}],"replies":[{"embeddable":true,"href":"https:\/\/www.ocorreionews.com.br\/acervo-correio\/index.php?rest_route=%2Fwp%2Fv2%2Fcomments&post=249805"}],"version-history":[{"count":5,"href":"https:\/\/www.ocorreionews.com.br\/acervo-correio\/index.php?rest_route=\/wp\/v2\/posts\/249805\/revisions"}],"predecessor-version":[{"id":249824,"href":"https:\/\/www.ocorreionews.com.br\/acervo-correio\/index.php?rest_route=\/wp\/v2\/posts\/249805\/revisions\/249824"}],"wp:featuredmedia":[{"embeddable":true,"href":"https:\/\/www.ocorreionews.com.br\/acervo-correio\/index.php?rest_route=\/wp\/v2\/media\/249818"}],"wp:attachment":[{"href":"https:\/\/www.ocorreionews.com.br\/acervo-correio\/index.php?rest_route=%2Fwp%2Fv2%2Fmedia&parent=249805"}],"wp:term":[{"taxonomy":"category","embeddable":true,"href":"https:\/\/www.ocorreionews.com.br\/acervo-correio\/index.php?rest_route=%2Fwp%2Fv2%2Fcategories&post=249805"},{"taxonomy":"post_tag","embeddable":true,"href":"https:\/\/www.ocorreionews.com.br\/acervo-correio\/index.php?rest_route=%2Fwp%2Fv2%2Ftags&post=249805"}],"curies":[{"name":"wp","href":"https:\/\/api.w.org\/{rel}","templated":true}]}}