{"id":249815,"date":"2023-08-28T16:04:43","date_gmt":"2023-08-28T20:04:43","guid":{"rendered":"https:\/\/www.ocorreionews.com.br\/acervo-correio\/?p=249815"},"modified":"2023-08-28T16:26:15","modified_gmt":"2023-08-28T20:26:15","slug":"prefeito-joao-carlos-krug-emite-nota-de-pesar-e-decreta-luto-oficial-por-tres-dias-pelo-falecimento-de-samuel-garcia-alonso-e-zenir-nespolo-garcia","status":"publish","type":"post","link":"https:\/\/www.ocorreionews.com.br\/acervo-correio\/?p=249815","title":{"rendered":"Prefeito de Chapad\u00e3o do Sul decreta luto oficial por tr\u00eas dias pelo falecimento do casal de empres\u00e1rios Samuel Garcia Alonso e Zenir N\u00e9spolo Garcia"},"content":{"rendered":"<p><span data-contrast=\"none\">O Prefeito de Chapad\u00e3o do Sul Jo\u00e3o Carlos Krug emitiu uma nota de pesar e decretou luto oficial por tr\u00eas dias pela morte do casal de empres\u00e1rios <\/span><span data-contrast=\"auto\">Samuel Garcia Alonso e Zenir N\u00e9spolo Garcia em um <a href=\"https:\/\/www.ocorreionews.com.br\/acervo-correio\/casal-de-empresarios-morrem-apos-colisao-com-caminhao-em-paranaiba\/\"><strong>acidente de tr\u00e2nsito ocorrido no \u00faltimo s\u00e1bado (26), na cidade de Parana\u00edba<\/strong><\/a>. O casal s\u00e3o propriet\u00e1rios da Concession\u00e1ria Fiat Selena com lojas em Chapad\u00e3o do Sul ,Costa Rica e Parana\u00edba.<\/span><span data-ccp-props=\"{&quot;134233117&quot;:false,&quot;134233118&quot;:false,&quot;201341983&quot;:0,&quot;335551550&quot;:6,&quot;335551620&quot;:6,&quot;335559685&quot;:0,&quot;335559737&quot;:0,&quot;335559738&quot;:0,&quot;335559739&quot;:160,&quot;335559740&quot;:259}\">\u00a0<\/span><span data-ccp-props=\"{&quot;134233117&quot;:false,&quot;134233118&quot;:false,&quot;201341983&quot;:0,&quot;335551550&quot;:6,&quot;335551620&quot;:6,&quot;335559685&quot;:0,&quot;335559737&quot;:0,&quot;335559738&quot;:0,&quot;335559739&quot;:160,&quot;335559740&quot;:259}\">\u00a0<\/span><\/p>\n<p><strong>Confira abaixo na integrada a Nota de Pesar:\u00a0<\/strong><\/p>\n<p>\u00c9 com profundo pesar que recebemos a not\u00edcia do falecimento do Senhor Samuel Garcia Alonso e da Senhora Zenir N\u00e9spolo Garcia, personalidades queridas e respeitadas em nossa comunidade. Em virtude desse triste acontecimento, o Prefeito Municipal de Chapad\u00e3o do Sul, Estado de Mato Grosso do Sul, Senhor Jo\u00e3o Carlos Krug, decretou Luto Oficial de tr\u00eas dias, a contar do dia 27 de agosto do corrente ano.<\/p>\n<p>O Senhor Samuel Garcia Alonso, reconhecido pioneiro no ramo de autom\u00f3veis em nossa cidade, deixa um legado de empreendedorismo e dedica\u00e7\u00e3o que permanecer\u00e1 vivo na mem\u00f3ria daqueles que o conheceram. Sua contribui\u00e7\u00e3o para o desenvolvimento local \u00e9 ineg\u00e1vel e seu esp\u00edrito empreendedor inspirar\u00e1 gera\u00e7\u00f5es futuras.<\/p>\n<p>A Senhora Zenir N\u00e9spolo Garcia tamb\u00e9m deixa sua marca indel\u00e9vel em nossa comunidade, sendo lembrada por sua bondade, generosidade e participa\u00e7\u00e3o ativa em iniciativas sociais e comunit\u00e1rias. Sua partida deixa um vazio imenso em nossos cora\u00e7\u00f5es.<\/p>\n<p>Neste momento de dor e saudade, nos solidarizamos com familiares e amigos, oferecendo nossas mais sinceras condol\u00eancias. Que encontrem conforto na lembran\u00e7a dos momentos felizes compartilhados ao lado dessas queridas personalidades. Que suas mem\u00f3rias sejam eternamente celebradas e que o legado que deixaram continue a inspirar todos n\u00f3s.<\/p>\n<p>Chapad\u00e3o do Sul chora a perda de dois cidad\u00e3os exemplares, mas tamb\u00e9m celebra suas vidas e realiza\u00e7\u00f5es. O Luto Oficial \u00e9 uma forma singela de expressar nosso respeito e gratid\u00e3o por suas trajet\u00f3rias marcantes. Que descansem em paz.<\/p>\n<p>&nbsp;<\/p>\n<p><em>Com informa\u00e7\u00f5es da Assessoria da Prefeitura de Chap Sul<\/em><\/p>\n","protected":false},"excerpt":{"rendered":"<p>O Prefeito de Chapad\u00e3o do Sul Jo\u00e3o Carlos Krug emitiu uma nota de pesar e decretou luto oficial por tr\u00eas dias pela morte do casal de empres\u00e1rios Samuel Garcia Alonso e Zenir N\u00e9spolo Garcia em um acidente de tr\u00e2nsito ocorrido no \u00faltimo s\u00e1bado (26), na cidade de Parana\u00edba. O casal s\u00e3o propriet\u00e1rios da Concession\u00e1ria Fiat [&hellip;]<\/p>\n","protected":false},"author":4,"featured_media":249816,"comment_status":"closed","ping_status":"closed","sticky":false,"template":"","format":"standard","meta":{"footnotes":""},"categories":[23],"tags":[],"class_list":["post-249815","post","type-post","status-publish","format-standard","has-post-thumbnail","hentry","category-chapadao-do-sul"],"_links":{"self":[{"href":"https:\/\/www.ocorreionews.com.br\/acervo-correio\/index.php?rest_route=\/wp\/v2\/posts\/249815","targetHints":{"allow":["GET"]}}],"collection":[{"href":"https:\/\/www.ocorreionews.com.br\/acervo-correio\/index.php?rest_route=\/wp\/v2\/posts"}],"about":[{"href":"https:\/\/www.ocorreionews.com.br\/acervo-correio\/index.php?rest_route=\/wp\/v2\/types\/post"}],"author":[{"embeddable":true,"href":"https:\/\/www.ocorreionews.com.br\/acervo-correio\/index.php?rest_route=\/wp\/v2\/users\/4"}],"replies":[{"embeddable":true,"href":"https:\/\/www.ocorreionews.com.br\/acervo-correio\/index.php?rest_route=%2Fwp%2Fv2%2Fcomments&post=249815"}],"version-history":[{"count":4,"href":"https:\/\/www.ocorreionews.com.br\/acervo-correio\/index.php?rest_route=\/wp\/v2\/posts\/249815\/revisions"}],"predecessor-version":[{"id":249821,"href":"https:\/\/www.ocorreionews.com.br\/acervo-correio\/index.php?rest_route=\/wp\/v2\/posts\/249815\/revisions\/249821"}],"wp:featuredmedia":[{"embeddable":true,"href":"https:\/\/www.ocorreionews.com.br\/acervo-correio\/index.php?rest_route=\/wp\/v2\/media\/249816"}],"wp:attachment":[{"href":"https:\/\/www.ocorreionews.com.br\/acervo-correio\/index.php?rest_route=%2Fwp%2Fv2%2Fmedia&parent=249815"}],"wp:term":[{"taxonomy":"category","embeddable":true,"href":"https:\/\/www.ocorreionews.com.br\/acervo-correio\/index.php?rest_route=%2Fwp%2Fv2%2Fcategories&post=249815"},{"taxonomy":"post_tag","embeddable":true,"href":"https:\/\/www.ocorreionews.com.br\/acervo-correio\/index.php?rest_route=%2Fwp%2Fv2%2Ftags&post=249815"}],"curies":[{"name":"wp","href":"https:\/\/api.w.org\/{rel}","templated":true}]}}