{"id":249839,"date":"2023-08-29T07:07:20","date_gmt":"2023-08-29T11:07:20","guid":{"rendered":"https:\/\/www.ocorreionews.com.br\/acervo-correio\/?p=249839"},"modified":"2023-08-29T07:07:20","modified_gmt":"2023-08-29T11:07:20","slug":"fiat-uno-parte-ao-meio-e-tres-morrem-vitimas-de-acidente-na-ms-386","status":"publish","type":"post","link":"https:\/\/www.ocorreionews.com.br\/acervo-correio\/?p=249839","title":{"rendered":"Fiat Uno parte ao meio e tr\u00eas morrem v\u00edtimas de acidente na MS-386"},"content":{"rendered":"<p>Acidente entre um Fiat Uno e um caminh\u00e3o na MS-386, no trecho entre Amambai e Ponta Por\u00e3, matou tr\u00eas pessoas no fim da tarde desta segunda-feira (28). Imagens feitas por motoristas que passaram pelo local s\u00e3o chocantes. Com o impacto, o carro de passeio ficou partido ao meio.<\/p>\n<p>O caminh\u00e3o envolvido no acidente pertence a uma fabricante de pain\u00e9is solares e telhas t\u00e9rmicas no Paran\u00e1. Na ind\u00fastria, ningu\u00e9m atende para dar mais informa\u00e7\u00f5es. O ve\u00edculo pesado saiu da pista e foi parar no meio de planta\u00e7\u00e3o.<\/p>\n<p><img loading=\"lazy\" decoding=\"async\" class=\"alignnone size-full wp-image-249840\" src=\"https:\/\/www.ocorreionews.com.br\/acervo-correio\/wp-content\/uploads\/2023\/08\/aci-Uno-amambai.png\" alt=\"\" width=\"640\" height=\"598\" srcset=\"https:\/\/www.ocorreionews.com.br\/acervo-correio\/wp-content\/uploads\/2023\/08\/aci-Uno-amambai.png 640w, https:\/\/www.ocorreionews.com.br\/acervo-correio\/wp-content\/uploads\/2023\/08\/aci-Uno-amambai-300x280.png 300w\" sizes=\"auto, (max-width: 640px) 100vw, 640px\" \/><br \/>\nCorpo de v\u00edtima preso \u00e0s ferragens (Foto: Direto das Ruas)<br \/>\nConforme relato de motorista que parou para filmar o ocorrido, um dos corpos ficou preso a parte das ferragens do carro e outros dois foram arremessados. H\u00e1 marcas de frenagem no local onde aconteceu o impacto e pe\u00e7as do Uno espalhadas pelo acostamento.<\/p>\n<p>A per\u00edcia da Pol\u00edcia Civil foi enviada ao local para fazer os levantamentos necess\u00e1rios e, al\u00e9m de buscar a identifica\u00e7\u00e3o das v\u00edtimas, descobrir o que causou o acidente. Ainda n\u00e3o h\u00e1 mais detalhes porque as equipes ainda est\u00e3o no local, segundo o secret\u00e1rio de seguran\u00e7a de Ponta Por\u00e3, Marcelino Nunes.<\/p>\n<p>&nbsp;<\/p>\n<p>&nbsp;<\/p>\n<p>Por Anahi Zurutuza &#8211; CREDITO: CAMPO GRANDE NEWS<\/p>\n","protected":false},"excerpt":{"rendered":"<p>Acidente entre um Fiat Uno e um caminh\u00e3o na MS-386, no trecho entre Amambai e Ponta Por\u00e3, matou tr\u00eas pessoas no fim da tarde desta segunda-feira (28). Imagens feitas por motoristas que passaram pelo local s\u00e3o chocantes. Com o impacto, o carro de passeio ficou partido ao meio. O caminh\u00e3o envolvido no acidente pertence a [&hellip;]<\/p>\n","protected":false},"author":4,"featured_media":249841,"comment_status":"closed","ping_status":"closed","sticky":false,"template":"","format":"standard","meta":{"footnotes":""},"categories":[38],"tags":[],"class_list":["post-249839","post","type-post","status-publish","format-standard","has-post-thumbnail","hentry","category-policia"],"_links":{"self":[{"href":"https:\/\/www.ocorreionews.com.br\/acervo-correio\/index.php?rest_route=\/wp\/v2\/posts\/249839","targetHints":{"allow":["GET"]}}],"collection":[{"href":"https:\/\/www.ocorreionews.com.br\/acervo-correio\/index.php?rest_route=\/wp\/v2\/posts"}],"about":[{"href":"https:\/\/www.ocorreionews.com.br\/acervo-correio\/index.php?rest_route=\/wp\/v2\/types\/post"}],"author":[{"embeddable":true,"href":"https:\/\/www.ocorreionews.com.br\/acervo-correio\/index.php?rest_route=\/wp\/v2\/users\/4"}],"replies":[{"embeddable":true,"href":"https:\/\/www.ocorreionews.com.br\/acervo-correio\/index.php?rest_route=%2Fwp%2Fv2%2Fcomments&post=249839"}],"version-history":[{"count":1,"href":"https:\/\/www.ocorreionews.com.br\/acervo-correio\/index.php?rest_route=\/wp\/v2\/posts\/249839\/revisions"}],"predecessor-version":[{"id":249842,"href":"https:\/\/www.ocorreionews.com.br\/acervo-correio\/index.php?rest_route=\/wp\/v2\/posts\/249839\/revisions\/249842"}],"wp:featuredmedia":[{"embeddable":true,"href":"https:\/\/www.ocorreionews.com.br\/acervo-correio\/index.php?rest_route=\/wp\/v2\/media\/249841"}],"wp:attachment":[{"href":"https:\/\/www.ocorreionews.com.br\/acervo-correio\/index.php?rest_route=%2Fwp%2Fv2%2Fmedia&parent=249839"}],"wp:term":[{"taxonomy":"category","embeddable":true,"href":"https:\/\/www.ocorreionews.com.br\/acervo-correio\/index.php?rest_route=%2Fwp%2Fv2%2Fcategories&post=249839"},{"taxonomy":"post_tag","embeddable":true,"href":"https:\/\/www.ocorreionews.com.br\/acervo-correio\/index.php?rest_route=%2Fwp%2Fv2%2Ftags&post=249839"}],"curies":[{"name":"wp","href":"https:\/\/api.w.org\/{rel}","templated":true}]}}