{"id":249843,"date":"2023-08-29T07:12:34","date_gmt":"2023-08-29T11:12:34","guid":{"rendered":"https:\/\/www.ocorreionews.com.br\/acervo-correio\/?p=249843"},"modified":"2023-08-29T09:02:15","modified_gmt":"2023-08-29T13:02:15","slug":"prefeito-de-figueirao-entrega-ambulancias-e-caminhonetes-para-as-secretaria","status":"publish","type":"post","link":"https:\/\/www.ocorreionews.com.br\/acervo-correio\/?p=249843","title":{"rendered":"Prefeito de Figueir\u00e3o entrega ambul\u00e2ncias e caminhonetes para as secretaria"},"content":{"rendered":"<p>Demonstrando mais uma vez a grande preocupa\u00e7\u00e3o que tem em bem servir a comunidade, o prefeito de Figueir\u00e3o Juvenal Consolaro entregou na manh\u00e3 desta segunda-feira (28\/8), cinco ve\u00edculos para atendimento das secretarias.<\/p>\n<p>Foram entregues tr\u00eas ambul\u00e2ncias, sendo uma ambul\u00e2ncia de simples remo\u00e7\u00e3o adquirida atrav\u00e9s de Emenda Parlamentar do Deputado Federal Beto Pereira, no valor de R$255.700,00; uma ambul\u00e2ncia de simples remo\u00e7\u00e3o adquirida atrav\u00e9s do Governo de MS, no valor de R$269.000,00; e uma UTI M\u00f3vel adquirida atrav\u00e9s de recursos pr\u00f3prios da Prefeitura, no valor de R$492,800,00 e tamb\u00e9m foram entregues duas caminhonetes Ford Ranger adquiridas com recursos pr\u00f3prios da Prefeitura, no valor de R$458.000,00, sendo uma para a secretaria municipal de infraestrutura e servi\u00e7os p\u00fablicos e a outra para a secretaria municipal de sa\u00fade.<\/p>\n<p><img loading=\"lazy\" decoding=\"async\" class=\"alignnone size-full wp-image-249882\" src=\"https:\/\/www.ocorreionews.com.br\/acervo-correio\/wp-content\/uploads\/2023\/08\/entrega-ambulancias2.jpg\" alt=\"\" width=\"800\" height=\"600\" srcset=\"https:\/\/www.ocorreionews.com.br\/acervo-correio\/wp-content\/uploads\/2023\/08\/entrega-ambulancias2.jpg 800w, https:\/\/www.ocorreionews.com.br\/acervo-correio\/wp-content\/uploads\/2023\/08\/entrega-ambulancias2-300x225.jpg 300w, https:\/\/www.ocorreionews.com.br\/acervo-correio\/wp-content\/uploads\/2023\/08\/entrega-ambulancias2-768x576.jpg 768w, https:\/\/www.ocorreionews.com.br\/acervo-correio\/wp-content\/uploads\/2023\/08\/entrega-ambulancias2-86x64.jpg 86w\" sizes=\"auto, (max-width: 800px) 100vw, 800px\" \/><\/p>\n<p>A ambul\u00e2ncia UTI Neo-Natal e as duas caminhonetes foram adquiridas com recursos pr\u00f3prios da Prefeitura. A ambul\u00e2ncia para a secretaria de sa\u00fade e as caminhonetes uma para a secretaria de sa\u00fade e uma para a secretaria de infraestrutura e servi\u00e7os p\u00fablicos.<\/p>\n<p>Na ocasi\u00e3o estava presente o Assessor Regional do Governo de MS Ivan Xixi, que fez uso da palavra parabenizando o prefeito pela atitude e por estar sempre buscando melhorias para a sa\u00fade de Figueir\u00e3o.<\/p>\n<h3><img decoding=\"async\" src=\"https:\/\/regionalms.com.br\/conteudo\/regionalms\/upp\/articles\/2022-02\/pasta\/figueirao\/Figueiraooooo.jpg\" alt=\"\" width=\"100%\" \/><\/h3>\n<p>O vice-prefeito Jorge falou da import\u00e2ncia dessas aquisi\u00e7\u00f5es das ambul\u00e2ncias para salvar vidas, dando um pronto atendimento \u00e0 popula\u00e7\u00e3o em situa\u00e7\u00e3o de emerg\u00eancia e parabenizou a todos da secretaria de sa\u00fade pelo bom trabalho que cada um vem desenvolvendo.<\/p>\n<p>O secret\u00e1rio Denivan falou representando a assessoria do deputado federal Beto Pereira, agradecendo ao governador Eduardo Riedel e ao prefeito Juvenal por essas aquisi\u00e7\u00f5es que muito contribuir\u00e3o para a popula\u00e7\u00e3o de Figueir\u00e3o.<\/p>\n<p>O vereador Edgar Lima expressou a sua satisfa\u00e7\u00e3o em poder participar desse ato representando os vereadores e parabenizou a gest\u00e3o, o Governo de MS na presen\u00e7a do Xixi e ao deputado federal Beto Pereira, por todo o apoio que tem dado a nossa querida Figueir\u00e3o.<\/p>\n<p><img loading=\"lazy\" decoding=\"async\" class=\"alignnone size-full wp-image-249844\" src=\"https:\/\/www.ocorreionews.com.br\/acervo-correio\/wp-content\/uploads\/2023\/08\/veiculos-para-secr.-saude.jpg\" alt=\"\" width=\"680\" height=\"510\" srcset=\"https:\/\/www.ocorreionews.com.br\/acervo-correio\/wp-content\/uploads\/2023\/08\/veiculos-para-secr.-saude.jpg 680w, https:\/\/www.ocorreionews.com.br\/acervo-correio\/wp-content\/uploads\/2023\/08\/veiculos-para-secr.-saude-300x225.jpg 300w, https:\/\/www.ocorreionews.com.br\/acervo-correio\/wp-content\/uploads\/2023\/08\/veiculos-para-secr.-saude-86x64.jpg 86w\" sizes=\"auto, (max-width: 680px) 100vw, 680px\" \/><\/p>\n<p>O prefeito Juvenal encerrou o ato de entrega com sua fala, agradeceu o trabalho de todos e reafirmou o compromisso com a popula\u00e7\u00e3o de Figueir\u00e3o, lembrando que desde o in\u00edcio do seu mandato vem trabalhando em prol da comunidade, buscando sempre melhorias e desenvolvimento e frisou a import\u00e2ncia do trabalho do Governo Eduardo Riedel para nossa cidade, grande parceiro de Figueir\u00e3o e tamb\u00e9m o deputado federal Beto Pereira, que sempre nos deu apoio e nunca mediu esfor\u00e7os para ajudar Figueir\u00e3o.<\/p>\n<p>Inserida no calend\u00e1rio das comemora\u00e7\u00f5es do anivers\u00e1rio de Figueir\u00e3o, a entrega dos ve\u00edculos foi realizada no p\u00e1tio da Secretaria Municipal de Sa\u00fade, onde o prefeito Juvenal Consolaro entregou aos secret\u00e1rios Pedro Ubiali e Denivan Barbosa as chaves dos ve\u00edculos.<\/p>\n<p>Presentes \u00e0 r\u00e1pida solenidade, prefeito Juvenal Consolaro, vice-prefeito Jorge Mortari, primeira-dama Elenir Pereira, o assessor regional do governo do estado Ivan da Cruz Pereira (Xixi), secret\u00e1rios municipais Pedro Ubiali, Denivan Barbosa, Luciane Aimi, Thiego Martins, Kelly Karine, diretora do Hospital Leila Eg\u00e9a, vereadores Edegar, Roni, Beugmar, Thiago In\u00e1cio, Abadio, e as vereadoras Renata e Luciene Teodora, al\u00e9m de empres\u00e1rios locais, motoristas e demais funcion\u00e1rios da Sa\u00fade.<\/p>\n<p>&nbsp;<\/p>\n<p>&nbsp;<\/p>\n<p>Fonte\/Fotos: PMFigueir\u00e3o\/RubemVasconcellos<\/p>\n","protected":false},"excerpt":{"rendered":"<p>Demonstrando mais uma vez a grande preocupa\u00e7\u00e3o que tem em bem servir a comunidade, o prefeito de Figueir\u00e3o Juvenal Consolaro entregou na manh\u00e3 desta segunda-feira (28\/8), cinco ve\u00edculos para atendimento das secretarias. Foram entregues tr\u00eas ambul\u00e2ncias, sendo uma ambul\u00e2ncia de simples remo\u00e7\u00e3o adquirida atrav\u00e9s de Emenda Parlamentar do Deputado Federal Beto Pereira, no valor de [&hellip;]<\/p>\n","protected":false},"author":4,"featured_media":249881,"comment_status":"closed","ping_status":"closed","sticky":false,"template":"","format":"standard","meta":{"footnotes":""},"categories":[30],"tags":[],"class_list":["post-249843","post","type-post","status-publish","format-standard","has-post-thumbnail","hentry","category-figueirao"],"_links":{"self":[{"href":"https:\/\/www.ocorreionews.com.br\/acervo-correio\/index.php?rest_route=\/wp\/v2\/posts\/249843","targetHints":{"allow":["GET"]}}],"collection":[{"href":"https:\/\/www.ocorreionews.com.br\/acervo-correio\/index.php?rest_route=\/wp\/v2\/posts"}],"about":[{"href":"https:\/\/www.ocorreionews.com.br\/acervo-correio\/index.php?rest_route=\/wp\/v2\/types\/post"}],"author":[{"embeddable":true,"href":"https:\/\/www.ocorreionews.com.br\/acervo-correio\/index.php?rest_route=\/wp\/v2\/users\/4"}],"replies":[{"embeddable":true,"href":"https:\/\/www.ocorreionews.com.br\/acervo-correio\/index.php?rest_route=%2Fwp%2Fv2%2Fcomments&post=249843"}],"version-history":[{"count":2,"href":"https:\/\/www.ocorreionews.com.br\/acervo-correio\/index.php?rest_route=\/wp\/v2\/posts\/249843\/revisions"}],"predecessor-version":[{"id":249883,"href":"https:\/\/www.ocorreionews.com.br\/acervo-correio\/index.php?rest_route=\/wp\/v2\/posts\/249843\/revisions\/249883"}],"wp:featuredmedia":[{"embeddable":true,"href":"https:\/\/www.ocorreionews.com.br\/acervo-correio\/index.php?rest_route=\/wp\/v2\/media\/249881"}],"wp:attachment":[{"href":"https:\/\/www.ocorreionews.com.br\/acervo-correio\/index.php?rest_route=%2Fwp%2Fv2%2Fmedia&parent=249843"}],"wp:term":[{"taxonomy":"category","embeddable":true,"href":"https:\/\/www.ocorreionews.com.br\/acervo-correio\/index.php?rest_route=%2Fwp%2Fv2%2Fcategories&post=249843"},{"taxonomy":"post_tag","embeddable":true,"href":"https:\/\/www.ocorreionews.com.br\/acervo-correio\/index.php?rest_route=%2Fwp%2Fv2%2Ftags&post=249843"}],"curies":[{"name":"wp","href":"https:\/\/api.w.org\/{rel}","templated":true}]}}