{"id":249885,"date":"2023-08-29T09:22:10","date_gmt":"2023-08-29T13:22:10","guid":{"rendered":"https:\/\/www.ocorreionews.com.br\/acervo-correio\/?p=249885"},"modified":"2023-08-29T09:22:10","modified_gmt":"2023-08-29T13:22:10","slug":"governo-de-ms-fixa-quantidade-de-vagas-por-cidade-para-o-voucher-transportador","status":"publish","type":"post","link":"https:\/\/www.ocorreionews.com.br\/acervo-correio\/?p=249885","title":{"rendered":"Governo de MS fixa quantidade de vagas por cidade para o Voucher Transportador"},"content":{"rendered":"<p>Em resolu\u00e7\u00e3o publicada nesta ter\u00e7a-feira (29), foi fixada a quantidade de vagas distribu\u00eddas por munic\u00edpio participante do Voucher Transportador. Ele \u00e9 um programa coordenado pela Semadesc (Secretaria Estadual de Meio Ambiente, Desenvolvimento, Ci\u00eancia, Tecnologia e Inova\u00e7\u00e3o), que prev\u00ea gratuidade nos processos mudan\u00e7a para as categorias D e E da CNH (Carteira Nacional de Habilita\u00e7\u00e3o) no Estado, permitindo que as pessoas beneficiadas possam trabalhar no transporte de cargas e passageiros.<\/p>\n<p>O total de mil vagas j\u00e1 previstas para condutores, pelo governo, foi reiterado na publica\u00e7\u00e3o. Al\u00e9m disso, mais 100 foram destinadas para requalifica\u00e7\u00e3o de condutores. A quantidade disponibilizada por cidade, para nossos processos ficar\u00e1 assim:<\/p>\n<p>750 para Campo Grande;<br \/>\n50 para Ribas do Rio Pardo;<br \/>\n100 para Tr\u00eas Lagoas;<br \/>\n40 para Dourados;<br \/>\n20 para Corumb\u00e1;<br \/>\n20 para S\u00e3o Gabriel do Oeste;<br \/>\n<strong>20 para Chapad\u00e3o do Sul.<\/strong><\/p>\n<p>Quanto \u00e0s destinadas para requalifica\u00e7\u00e3o, quando o condutor foi reprovado e poder\u00e1 fazer nova tentativa, as quantidades s\u00e3o as seguintes:<\/p>\n<p>75 para Campo Grande;<br \/>\n5 para Ribas do Rio Pardo;<br \/>\n10 para Tr\u00eas Lagoas;<br \/>\n4 para Dourados;<br \/>\n2 para Corumb\u00e1;<br \/>\n2 para S\u00e3o Gabriel do Oeste;<br \/>\n<strong>2 para Chapad\u00e3o do Sul.<\/strong><\/p>\n<p><strong>Regras &#8211;<\/strong> A resolu\u00e7\u00e3o tamb\u00e9m estabelece as regras para o programa. Entre os crit\u00e9rios para participa\u00e7\u00e3o, foi determinado que os candidatos desempenhem atividade laboral na data da inscri\u00e7\u00e3o, relacionada ao segmento de transporte de caminh\u00e3o ou \u00f4nibus; demonstrem que n\u00e3o possuem v\u00ednculo pela CLT (Consolida\u00e7\u00e3o das Leis do Trabalho); possuam maior n\u00famero de dependentes direto; j\u00e1 tenham atuado como motoristas; estejam com menos de 50 anos completos na data da inscri\u00e7\u00e3o; e possuam escolaridade no n\u00edvel ensino fundamental completo.<\/p>\n<p>Outra norma fixada \u00e9 que cada munic\u00edpio dever\u00e1 observar que 50% das vagas ser\u00e3o destinadas para mudan\u00e7a para a categoria D da CNH j\u00e1 expedida e 50% das vagas para mudan\u00e7a para a categoria E da CNH j\u00e1 expedida.<\/p>\n<p>&nbsp;<\/p>\n<p>&nbsp;<\/p>\n<p>Por Cassia Modena &#8211; Campo Grande News<\/p>\n","protected":false},"excerpt":{"rendered":"<p>Em resolu\u00e7\u00e3o publicada nesta ter\u00e7a-feira (29), foi fixada a quantidade de vagas distribu\u00eddas por munic\u00edpio participante do Voucher Transportador. Ele \u00e9 um programa coordenado pela Semadesc (Secretaria Estadual de Meio Ambiente, Desenvolvimento, Ci\u00eancia, Tecnologia e Inova\u00e7\u00e3o), que prev\u00ea gratuidade nos processos mudan\u00e7a para as categorias D e E da CNH (Carteira Nacional de Habilita\u00e7\u00e3o) no [&hellip;]<\/p>\n","protected":false},"author":5,"featured_media":244241,"comment_status":"closed","ping_status":"closed","sticky":false,"template":"","format":"standard","meta":{"footnotes":""},"categories":[31],"tags":[],"class_list":["post-249885","post","type-post","status-publish","format-standard","has-post-thumbnail","hentry","category-geral"],"_links":{"self":[{"href":"https:\/\/www.ocorreionews.com.br\/acervo-correio\/index.php?rest_route=\/wp\/v2\/posts\/249885","targetHints":{"allow":["GET"]}}],"collection":[{"href":"https:\/\/www.ocorreionews.com.br\/acervo-correio\/index.php?rest_route=\/wp\/v2\/posts"}],"about":[{"href":"https:\/\/www.ocorreionews.com.br\/acervo-correio\/index.php?rest_route=\/wp\/v2\/types\/post"}],"author":[{"embeddable":true,"href":"https:\/\/www.ocorreionews.com.br\/acervo-correio\/index.php?rest_route=\/wp\/v2\/users\/5"}],"replies":[{"embeddable":true,"href":"https:\/\/www.ocorreionews.com.br\/acervo-correio\/index.php?rest_route=%2Fwp%2Fv2%2Fcomments&post=249885"}],"version-history":[{"count":1,"href":"https:\/\/www.ocorreionews.com.br\/acervo-correio\/index.php?rest_route=\/wp\/v2\/posts\/249885\/revisions"}],"predecessor-version":[{"id":249886,"href":"https:\/\/www.ocorreionews.com.br\/acervo-correio\/index.php?rest_route=\/wp\/v2\/posts\/249885\/revisions\/249886"}],"wp:featuredmedia":[{"embeddable":true,"href":"https:\/\/www.ocorreionews.com.br\/acervo-correio\/index.php?rest_route=\/wp\/v2\/media\/244241"}],"wp:attachment":[{"href":"https:\/\/www.ocorreionews.com.br\/acervo-correio\/index.php?rest_route=%2Fwp%2Fv2%2Fmedia&parent=249885"}],"wp:term":[{"taxonomy":"category","embeddable":true,"href":"https:\/\/www.ocorreionews.com.br\/acervo-correio\/index.php?rest_route=%2Fwp%2Fv2%2Fcategories&post=249885"},{"taxonomy":"post_tag","embeddable":true,"href":"https:\/\/www.ocorreionews.com.br\/acervo-correio\/index.php?rest_route=%2Fwp%2Fv2%2Ftags&post=249885"}],"curies":[{"name":"wp","href":"https:\/\/api.w.org\/{rel}","templated":true}]}}