{"id":249896,"date":"2023-08-29T09:49:38","date_gmt":"2023-08-29T13:49:38","guid":{"rendered":"https:\/\/www.ocorreionews.com.br\/acervo-correio\/?p=249896"},"modified":"2023-08-30T13:32:59","modified_gmt":"2023-08-30T17:32:59","slug":"vereador-marcelo-apresenta-mocao-de-aplauso-ao-medico-dr-samuel","status":"publish","type":"post","link":"https:\/\/www.ocorreionews.com.br\/acervo-correio\/?p=249896","title":{"rendered":"Vereador Marcelo apresenta Mo\u00e7\u00e3o de Aplauso ao m\u00e9dico Dr. Samuel"},"content":{"rendered":"<p>O Vereador Marcelo da Costa, entregou na noite de segunda-feira (28), durante a reuni\u00e3o da C\u00e2mara a Mo\u00e7\u00e3o de Aplauso, ao M\u00e9dico Cardiologista Dr. Samuel Furquim, pelo excelente trabalho que vem desempenhando no munic\u00edpio.<\/p>\n<p>O excelente trabalho do m\u00e9dico no atendimento a comunidade, demostrando n\u00e3o s\u00f3 profissionalismo, mas uma pessoa humanista, merecedor de todos os elogios, faz jus a esta homenagem.<\/p>\n<p>Dr. Samuel Furquim, atende na rede p\u00fablica, como tamb\u00e9m em sua clinica particular e hoje \u00e9 um dos m\u00e9dicos mais renomados na cidade e que tem conquistado a confian\u00e7a da comunidade atrav\u00e9s de seu profissionalismo e presteza nos diagn\u00f3sticos.<\/p>\n<p>Airton Ant\u00f4nio Schwantes (Tucano), presidente da C\u00e2mara de Vereadores, agradeceu a presen\u00e7a de todos e parabenizou o Dr. Samuel Furquim , pela merecida homenagem recebida, em reconhecimento ao trabalho de excel\u00eancia que tem sido feito\u201d.<\/p>\n<p><img loading=\"lazy\" decoding=\"async\" class=\"img-fluid\" title=\"Sess\u00e3o Ordin\u00e1ria: m\u00e9dico e pe\u00e3o de rodeio s\u00e3o homenageados na sess\u00e3o ordin\u00e1ria desta segunda-feira (28)\" src=\"https:\/\/www.camarachapadaodosul.ms.gov.br\/uploads\/noticia\/thumbs\/thumb_800x600_04.jpg\" alt=\"Sess\u00e3o Ordin\u00e1ria: m\u00e9dico e pe\u00e3o de rodeio s\u00e3o homenageados na sess\u00e3o ordin\u00e1ria desta segunda-feira (28)\" width=\"674\" height=\"449\" data-holder-rendered=\"true\" \/><\/p>\n","protected":false},"excerpt":{"rendered":"<p>O Vereador Marcelo da Costa, entregou na noite de segunda-feira (28), durante a reuni\u00e3o da C\u00e2mara a Mo\u00e7\u00e3o de Aplauso, ao M\u00e9dico Cardiologista Dr. Samuel Furquim, pelo excelente trabalho que vem desempenhando no munic\u00edpio. O excelente trabalho do m\u00e9dico no atendimento a comunidade, demostrando n\u00e3o s\u00f3 profissionalismo, mas uma pessoa humanista, merecedor de todos os [&hellip;]<\/p>\n","protected":false},"author":4,"featured_media":249897,"comment_status":"closed","ping_status":"closed","sticky":false,"template":"","format":"standard","meta":{"footnotes":""},"categories":[20,23],"tags":[],"class_list":["post-249896","post","type-post","status-publish","format-standard","has-post-thumbnail","hentry","category-camara-municipal","category-chapadao-do-sul"],"_links":{"self":[{"href":"https:\/\/www.ocorreionews.com.br\/acervo-correio\/index.php?rest_route=\/wp\/v2\/posts\/249896","targetHints":{"allow":["GET"]}}],"collection":[{"href":"https:\/\/www.ocorreionews.com.br\/acervo-correio\/index.php?rest_route=\/wp\/v2\/posts"}],"about":[{"href":"https:\/\/www.ocorreionews.com.br\/acervo-correio\/index.php?rest_route=\/wp\/v2\/types\/post"}],"author":[{"embeddable":true,"href":"https:\/\/www.ocorreionews.com.br\/acervo-correio\/index.php?rest_route=\/wp\/v2\/users\/4"}],"replies":[{"embeddable":true,"href":"https:\/\/www.ocorreionews.com.br\/acervo-correio\/index.php?rest_route=%2Fwp%2Fv2%2Fcomments&post=249896"}],"version-history":[{"count":3,"href":"https:\/\/www.ocorreionews.com.br\/acervo-correio\/index.php?rest_route=\/wp\/v2\/posts\/249896\/revisions"}],"predecessor-version":[{"id":250127,"href":"https:\/\/www.ocorreionews.com.br\/acervo-correio\/index.php?rest_route=\/wp\/v2\/posts\/249896\/revisions\/250127"}],"wp:featuredmedia":[{"embeddable":true,"href":"https:\/\/www.ocorreionews.com.br\/acervo-correio\/index.php?rest_route=\/wp\/v2\/media\/249897"}],"wp:attachment":[{"href":"https:\/\/www.ocorreionews.com.br\/acervo-correio\/index.php?rest_route=%2Fwp%2Fv2%2Fmedia&parent=249896"}],"wp:term":[{"taxonomy":"category","embeddable":true,"href":"https:\/\/www.ocorreionews.com.br\/acervo-correio\/index.php?rest_route=%2Fwp%2Fv2%2Fcategories&post=249896"},{"taxonomy":"post_tag","embeddable":true,"href":"https:\/\/www.ocorreionews.com.br\/acervo-correio\/index.php?rest_route=%2Fwp%2Fv2%2Ftags&post=249896"}],"curies":[{"name":"wp","href":"https:\/\/api.w.org\/{rel}","templated":true}]}}