{"id":249960,"date":"2023-08-29T10:27:08","date_gmt":"2023-08-29T14:27:08","guid":{"rendered":"https:\/\/www.ocorreionews.com.br\/acervo-correio\/?p=249960"},"modified":"2023-08-29T10:29:43","modified_gmt":"2023-08-29T14:29:43","slug":"governo-federal-investe-quase-r-200-milhoes-na-seguranca-publica-de-ms","status":"publish","type":"post","link":"https:\/\/www.ocorreionews.com.br\/acervo-correio\/?p=249960","title":{"rendered":"Governo federal investe quase R$ 200 milh\u00f5es na seguran\u00e7a p\u00fablica de MS"},"content":{"rendered":"<p>O Ministro\u00a0da Justi\u00e7a e Seguran\u00e7a P\u00fablica (MJSP), Fl\u00e1vio Dino, estar\u00e1 em Mato Grosso do Sul para anunciar investimentos de mais de R$ 121 milh\u00f5es para o fortalecimento da seguran\u00e7a p\u00fablica do Estado.<\/p>\n<p>De acordo com a agenda oficial, Dino participar\u00e1 do lan\u00e7amento do Programa de A\u00e7\u00e3o na Seguran\u00e7a\u00a0(PAS) e o Programa Nacional de Seguran\u00e7a P\u00fablica com Cidadania (Pronasci 2), em Campo Grande, em parceria com o governador Eduardo Riedel (PSDB),<\/p>\n<p>Dentro das a\u00e7\u00f5es, ser\u00e1 entregue pelo ministro um cheque do Fundo Nacional de Seguran\u00e7a P\u00fablica para 2023, no valor de R$ 35.334.706,88.<\/p>\n<p>Tamb\u00e9m haver\u00e1 a entrega de oito viaturas exclusivas para o combate a viol\u00eancia contra a mulher e 69 viaturas para uso da Secretaria Estadual de Justi\u00e7a e Seguran\u00e7a P\u00fablica (Sejusp), que totalizam investimento de R$ 10.772.250,00.<\/p>\n<div class=\"propaganda-conteudo\">\n<div class=\"banner w-inline-block link-banner-2\">\n<div id=\"div-gpt-ad-1663340836261-0\" data-google-query-id=\"CM-j5_iJgoEDFSVS3QIdLJwFeA\">\n<div id=\"google_ads_iframe_\/80777562\/Interno-meio-do-conteudo_0__container__\"><iframe id=\"google_ads_iframe_\/80777562\/Interno-meio-do-conteudo_0\" tabindex=\"0\" title=\"3rd party ad content\" role=\"region\" name=\"google_ads_iframe_\/80777562\/Interno-meio-do-conteudo_0\" width=\"300\" height=\"250\" frameborder=\"0\" marginwidth=\"0\" marginheight=\"0\" scrolling=\"no\" aria-label=\"Advertisement\" data-load-complete=\"true\" data-google-container-id=\"3\" data-mce-fragment=\"1\"><\/iframe><\/div>\n<\/div>\n<\/div>\n<\/div>\n<p>Ainda na \u00e1rea do Pronasci, Fl\u00e1vio Dino far\u00e1 a entrega de armamentos e outros equipamentos para a seguran\u00e7a p\u00fablica, no valor estimado de R$ 6.225.313,97, sendo:<\/p>\n<ul>\n<li>103 pistolas<\/li>\n<li>163.050 muni\u00e7\u00f5es<\/li>\n<li>34.489 insumos e equipamentos para a per\u00edcia<\/li>\n<li>kit para uso das for\u00e7as estaduais de seguran\u00e7a p\u00fablica<\/li>\n<\/ul>\n<p>Al\u00e9m disso, o ministro far\u00e1 entregas da Secretaria Nacional de Pol\u00edticas Penais, para uso do Sistema Penitenci\u00e1rio Nacional.<\/p>\n<p>No relacionado aos armamentos\u00a0e equipamentos, o\u00a0investimento \u00e9 de R$ 1.506.096,00, com a entrega de:<\/p>\n<ul>\n<li>200 pistolas<\/li>\n<li>120 detectores de metais<\/li>\n<li>TVs para a educa\u00e7\u00e3o<\/li>\n<li>4 raio-x<\/li>\n<li>4 portal de detector de metais<\/li>\n<\/ul>\n<p>Tr\u00eas ve\u00edculos SUVs e dois caminh\u00f5es, para uso do Sistema Penitenci\u00e1rio, somam R$ 1.406.500,00.<\/p>\n<p>Fl\u00e1vio Dino ir\u00e1 anunciar ainda a constru\u00e7\u00e3o de quatro unidades\u00a0prisionais de baixa complexidade, no valor de R$ 60 milh\u00f5es.<\/p>\n<p>Os repasses de recursos federais totalizam R$ 121.044.873,97.<\/p>\n<h2>PRONASCI e PAS<\/h2>\n<p>Intitulado Programa Nacional de Seguran\u00e7a P\u00fablica com Cidadania (Pronasci), segunda edi\u00e7\u00e3o da a\u00e7\u00e3o lan\u00e7ada em mar\u00e7o deste ano objetiva articular a\u00e7\u00f5es de seguran\u00e7a p\u00fablica para a preven\u00e7\u00e3o, controle e repress\u00e3o da criminalidade, estabelecendo pol\u00edticas sociais e a\u00e7\u00f5es de prote\u00e7\u00e3o \u00e0s v\u00edtimas com a promo\u00e7\u00e3o dos direitos humanos.<\/p>\n<p>Entre os pontos destacados pela proposta est\u00e1 uma cultura de paz, de apoio ao desarmamento e de combate sistem\u00e1tico aos preconceitos de g\u00eanero, \u00e9tnico, racial, geracional, de orienta\u00e7\u00e3o sexual e de diversidade cultural.<\/p>\n<p>O fomento \u00e0s pol\u00edticas de seguran\u00e7a p\u00fablica com cidadania, com foco em territ\u00f3rios mais vulner\u00e1veis e com altos indicadores de viol\u00eancia; combate ao racismo estrutural e \u00e0 viol\u00eancia de g\u00eanero; bolsa-forma\u00e7\u00e3o para agentes de seguran\u00e7a, apoio \u00e0s v\u00edtimas da criminalidade e o fomento \u00e0s pol\u00edticas de cidadania, com foco no trabalho e ensino formal e profissionalizante para presos e egressos tamb\u00e9m est\u00e3o entre as prioridades.<\/p>\n<p>Em regime de coopera\u00e7\u00e3o com estados, Distrito Federal e munic\u00edpios, o Pronasci, \u00e9 executado pela Uni\u00e3o mediante programas, projetos e a\u00e7\u00f5es de assist\u00eancia t\u00e9cnica e financeira.<\/p>\n<p>Conforme o Governo,\u00a0os eixos est\u00e3o alinhados com o Plano Nacional de Seguran\u00e7a P\u00fablica (PNSP), que tem como objetivo a redu\u00e7\u00e3o da taxa nacional de homic\u00eddios, al\u00e9m de redu\u00e7\u00e3o de taxas envolvendo mortes violentas de mulheres e les\u00e3o corporal seguida de morte.<\/p>\n<p>O PAS engloba medidas para combater o tr\u00e1fico de drogas, a viol\u00eancia nas escolas, o crime ambiental e a viol\u00eancia contra a mulher.<\/p>\n<p>Tamb\u00e9m tem o objetivo de proteger a Regi\u00e3o Amaz\u00f4nica, valorizar profissionais de seguran\u00e7a, apreender armas e muni\u00e7\u00f5es ilegais; e, ainda, desenvolver opera\u00e7\u00f5es integradas entre for\u00e7as policiais.<\/p>\n<h2>Comitiva<\/h2>\n<p>Campo Grande ser\u00e1 ponto de encontro para pelo menos quatro\u00a0ministros do Governo Federal,\u00a0que\u00a0<strong><a href=\"https:\/\/correiodoestado.com.br\/noticia\/detalhe\/com-agenda-lotada-ms-recebe-time-de-ministros-nesta-semana\/419340\/\" target=\"_blank\" rel=\"noopener\">cumprem agenda no Estado a partir desta segunda-feira (28)<\/a><\/strong>.<\/p>\n<p>Com compromissos distintos, tr\u00eas dos representantes do governo Lula j\u00e1 estar\u00e3o na Capital amanh\u00e3, enquanto mais um desembarca na ter\u00e7a-feira.<\/p>\n<p>S\u00e3o eles os ministros do Turismo,\u00a0Celso Sabino; do Planejamento e Or\u00e7amento, Simone Tebet;\u00a0da Integra\u00e7\u00e3o e do Desenvolvimento Regional (MIDR), Waldez G\u00f3es, e Fl\u00e1vio Dino, da Seguran\u00e7a P\u00fablica.<\/p>\n<p><a title=\"GLAUCEA VACCARI E EVELYN THAMARYS\" href=\"https:\/\/correiodoestado.com.br\/autor\/glaucea-vaccari\/\">GLAUCEA VACCARI E EVELYN THAMARYS<\/a>\u00a0 correiodoestado<\/p>\n","protected":false},"excerpt":{"rendered":"<p>O Ministro\u00a0da Justi\u00e7a e Seguran\u00e7a P\u00fablica (MJSP), Fl\u00e1vio Dino, estar\u00e1 em Mato Grosso do Sul para anunciar investimentos de mais de R$ 121 milh\u00f5es para o fortalecimento da seguran\u00e7a p\u00fablica do Estado. De acordo com a agenda oficial, Dino participar\u00e1 do lan\u00e7amento do Programa de A\u00e7\u00e3o na Seguran\u00e7a\u00a0(PAS) e o Programa Nacional de Seguran\u00e7a P\u00fablica [&hellip;]<\/p>\n","protected":false},"author":4,"featured_media":249964,"comment_status":"closed","ping_status":"closed","sticky":false,"template":"","format":"standard","meta":{"footnotes":""},"categories":[37],"tags":[],"class_list":["post-249960","post","type-post","status-publish","format-standard","has-post-thumbnail","hentry","category-politica"],"_links":{"self":[{"href":"https:\/\/www.ocorreionews.com.br\/acervo-correio\/index.php?rest_route=\/wp\/v2\/posts\/249960","targetHints":{"allow":["GET"]}}],"collection":[{"href":"https:\/\/www.ocorreionews.com.br\/acervo-correio\/index.php?rest_route=\/wp\/v2\/posts"}],"about":[{"href":"https:\/\/www.ocorreionews.com.br\/acervo-correio\/index.php?rest_route=\/wp\/v2\/types\/post"}],"author":[{"embeddable":true,"href":"https:\/\/www.ocorreionews.com.br\/acervo-correio\/index.php?rest_route=\/wp\/v2\/users\/4"}],"replies":[{"embeddable":true,"href":"https:\/\/www.ocorreionews.com.br\/acervo-correio\/index.php?rest_route=%2Fwp%2Fv2%2Fcomments&post=249960"}],"version-history":[{"count":3,"href":"https:\/\/www.ocorreionews.com.br\/acervo-correio\/index.php?rest_route=\/wp\/v2\/posts\/249960\/revisions"}],"predecessor-version":[{"id":249968,"href":"https:\/\/www.ocorreionews.com.br\/acervo-correio\/index.php?rest_route=\/wp\/v2\/posts\/249960\/revisions\/249968"}],"wp:featuredmedia":[{"embeddable":true,"href":"https:\/\/www.ocorreionews.com.br\/acervo-correio\/index.php?rest_route=\/wp\/v2\/media\/249964"}],"wp:attachment":[{"href":"https:\/\/www.ocorreionews.com.br\/acervo-correio\/index.php?rest_route=%2Fwp%2Fv2%2Fmedia&parent=249960"}],"wp:term":[{"taxonomy":"category","embeddable":true,"href":"https:\/\/www.ocorreionews.com.br\/acervo-correio\/index.php?rest_route=%2Fwp%2Fv2%2Fcategories&post=249960"},{"taxonomy":"post_tag","embeddable":true,"href":"https:\/\/www.ocorreionews.com.br\/acervo-correio\/index.php?rest_route=%2Fwp%2Fv2%2Ftags&post=249960"}],"curies":[{"name":"wp","href":"https:\/\/api.w.org\/{rel}","templated":true}]}}