{"id":249961,"date":"2023-08-29T10:30:18","date_gmt":"2023-08-29T14:30:18","guid":{"rendered":"https:\/\/www.ocorreionews.com.br\/acervo-correio\/?p=249961"},"modified":"2023-08-29T10:30:18","modified_gmt":"2023-08-29T14:30:18","slug":"acidente-entre-carro-e-carreta-de-dupla-sertaneja-deixa-um-morto-em-mt","status":"publish","type":"post","link":"https:\/\/www.ocorreionews.com.br\/acervo-correio\/?p=249961","title":{"rendered":"Acidente entre carro e carreta de dupla sertaneja deixa um morto em MT"},"content":{"rendered":"<div id=\"chunk-aqnik\">\n<div class=\"mc-column content-text active-extra-styles \" data-block-type=\"unstyled\" data-block-weight=\"46\" data-block-id=\"3\">\n<p class=\"content-text__container \" data-track-category=\"Link no Texto\" data-track-links=\"\">Uma carreta da dupla sertaneja Bruno e Barreto se envolveu em um acidente entre Rond\u00f4nia e Mato Grosso, na noite do domingo (27). O motorista de uma picape, identificado como Rog\u00e9rio Rodrigues de Souza, morreu ap\u00f3s bater de frente com o ve\u00edculo que pertence aos cantores.<\/p>\n<p data-track-category=\"Link no Texto\" data-track-links=\"\">\n<\/div>\n<\/div>\n<div class=\"wall protected-content\">\n<div id=\"chunk-8cegc\">\n<div class=\"mc-column content-text active-extra-styles \" data-block-type=\"unstyled\" data-block-weight=\"31\" data-block-id=\"4\">\n<p class=\"content-text__container \" data-track-category=\"Link no Texto\" data-track-links=\"\">A Policia federal (PRF) de Comodoro (MT) atendeu \u00e0 ocorr\u00eancia. A corpora\u00e7\u00e3o informou ao g1 que a picape vinha no sentido Mato Grosso X Vilhena, quando aconteceu a colis\u00e3o.<\/p>\n<p data-track-category=\"Link no Texto\" data-track-links=\"\">\n<\/div>\n<\/div>\n<div id=\"chunk-2hlfl\">\n<div class=\"mc-column content-text active-extra-styles \" data-block-type=\"unstyled\" data-block-weight=\"22\" data-block-id=\"5\">\n<p class=\"content-text__container \" data-track-category=\"Link no Texto\" data-track-links=\"\">A v\u00edtima tinha 35 anos e era moradora de Cacoal (RO), distante cerca de 300 km de onde o acidente foi registrado.<\/p>\n<p data-track-category=\"Link no Texto\" data-track-links=\"\">\n<\/div>\n<\/div>\n<div id=\"chunk-491vs\">\n<div class=\"mc-column content-text active-extra-styles \" data-block-type=\"unstyled\" data-block-weight=\"28\" data-block-id=\"6\">\n<p class=\"content-text__container \" data-track-category=\"Link no Texto\" data-track-links=\"\">Segundo depoimento feito pelo o motorista da carreta, a picape invadiu a contram\u00e3o em alta velocidade, sem dar tempo de rea\u00e7\u00e3o para que a colis\u00e3o fosse evitada.<\/p>\n<\/div>\n<\/div>\n<div id=\"chunk-6n87a\">\n<div class=\"content-ads content-ads--reveal\" data-block-type=\"ads\" data-block-id=\"7\">\n<div><\/div>\n<\/div>\n<\/div>\n<div id=\"chunk-9fjg4\">\n<div class=\"mc-column content-text active-extra-styles \" data-block-type=\"unstyled\" data-block-weight=\"50\" data-block-id=\"8\">\n<p class=\"content-text__container \" data-track-category=\"Link no Texto\" data-track-links=\"\">O Corpo de Bombeiros de Vilhena (RO) esteve no local e constatou que a v\u00edtima j\u00e1 estava morta. A corpora\u00e7\u00e3o fez o desencarceramento, j\u00e1 que o corpo de Rog\u00e9rio estava preso \u00e0s ferragens. Pelas imagens feitas no local, \u00e9 poss\u00edvel perceber que a cabine do ve\u00edculo foi completamente &#8220;amassada&#8221;.<\/p>\n<p data-track-category=\"Link no Texto\" data-track-links=\"\">\n<\/div>\n<\/div>\n<div id=\"chunk-fr76d\">\n<div class=\"row medium-uncollapsed content-media content-photo\" data-block-type=\"backstage-photo\" data-block-id=\"9\">\n<div class=\" mc-column  content-media__container\">\n<div class=\"content-media-container glb-skeleton-box\">\n<figure class=\"content-media-figure\">\n<p><figure style=\"width: 647px\" class=\"wp-caption alignnone\"><img loading=\"lazy\" decoding=\"async\" class=\"i-amphtml-fill-content i-amphtml-replaced-content\" src=\"https:\/\/s2-g1.glbimg.com\/qg_WOvvL61P1nDnEiBRD7ouvlII=\/0x0:1600x1204\/984x0\/smart\/filters:strip_icc()\/i.s3.glbimg.com\/v1\/AUTH_59edd422c0c84a879bd37670ae4f538a\/internal_photos\/bs\/2023\/U\/K\/gks8TrQLaExefGxpBtYQ\/e47c1103-e97c-4d90-b78e-49a9719a6bbb.jpg\" sizes=\"auto, (max-width: 1366px) 648px, 100vw\" srcset=\"https:\/\/s2-g1.glbimg.com\/fVQQjHovBXBHjAAzvDLC6ujbseM=\/0x0:1600x1204\/1000x0\/smart\/filters:strip_icc()\/i.s3.glbimg.com\/v1\/AUTH_59edd422c0c84a879bd37670ae4f538a\/internal_photos\/bs\/2023\/U\/K\/gks8TrQLaExefGxpBtYQ\/e47c1103-e97c-4d90-b78e-49a9719a6bbb.jpg 1000w, https:\/\/s2-g1.glbimg.com\/qg_WOvvL61P1nDnEiBRD7ouvlII=\/0x0:1600x1204\/984x0\/smart\/filters:strip_icc()\/i.s3.glbimg.com\/v1\/AUTH_59edd422c0c84a879bd37670ae4f538a\/internal_photos\/bs\/2023\/U\/K\/gks8TrQLaExefGxpBtYQ\/e47c1103-e97c-4d90-b78e-49a9719a6bbb.jpg 984w, https:\/\/s2-g1.glbimg.com\/2Xwwz6rs8Zwmb_pKxLddrfPR66w=\/0x0:1600x1204\/640x0\/smart\/filters:strip_icc()\/i.s3.glbimg.com\/v1\/AUTH_59edd422c0c84a879bd37670ae4f538a\/internal_photos\/bs\/2023\/U\/K\/gks8TrQLaExefGxpBtYQ\/e47c1103-e97c-4d90-b78e-49a9719a6bbb.jpg 640w, https:\/\/s2-g1.glbimg.com\/spq2zsT5vOjI6eN-gX_VQ4XUGHo=\/0x0:1600x1204\/600x0\/smart\/filters:strip_icc()\/i.s3.glbimg.com\/v1\/AUTH_59edd422c0c84a879bd37670ae4f538a\/internal_photos\/bs\/2023\/U\/K\/gks8TrQLaExefGxpBtYQ\/e47c1103-e97c-4d90-b78e-49a9719a6bbb.jpg 600w\" alt=\"Picape bateu de frente com caminh\u00e3o da dupla Bruno e Barreto \u2014 Foto: Tony Rota\" width=\"647\" height=\"487\" \/><figcaption class=\"wp-caption-text\">Picape bateu de frente com caminh\u00e3o da dupla Bruno e Barreto \u2014 Foto: Tony Rota<\/figcaption><\/figure><\/figure>\n<\/div>\n<p class=\"content-media__description  \">\n<p>&nbsp;<\/p>\n<\/div>\n<\/div>\n<\/div>\n<div id=\"chunk-6sl7k\">\n<div class=\"mc-column content-text active-extra-styles \" data-block-type=\"unstyled\" data-block-weight=\"41\" data-block-id=\"10\">\n<p class=\"content-text__container \" data-track-category=\"Link no Texto\" data-track-links=\"\">Segundo a PRF, n\u00e3o se sabe se o condutor estava sob efeito de \u00e1lcool, se dormiu no volante ou se h\u00e1 outro fator. As causas do acidente devem ser reveladas ap\u00f3s per\u00edcia da PRF e do Instituto M\u00e9dico Legal (IML).<\/p>\n<p data-track-category=\"Link no Texto\" data-track-links=\"\">\n<\/div>\n<\/div>\n<div id=\"chunk-f1ikk\">\n<div class=\"mc-column content-text active-extra-styles \" data-block-type=\"unstyled\" data-block-weight=\"46\" data-block-id=\"11\">\n<p class=\"content-text__container \" data-track-category=\"Link no Texto\" data-track-links=\"\">A assessoria de imprensa da dupla sertaneja informou ao g1 que a carreta saiu de Urup\u00e1 (RO), onde os cantores se apresentaram no s\u00e1bado (26). Segundo a assessoria, o motorista tentou alertar o outro condutor, com sinaliza\u00e7\u00e3o de far\u00f3is, para que ele diminu\u00edsse a velocidade.<\/p>\n<\/div>\n<\/div>\n<div id=\"chunk-9s0p3\">\n<div class=\"content-ads content-ads--reveal\" data-block-type=\"ads\" data-block-id=\"12\">\n<div><\/div>\n<\/div>\n<\/div>\n<div id=\"chunk-di6qt\">\n<div class=\"mc-column content-text active-extra-styles \" data-block-type=\"unstyled\" data-block-weight=\"30\" data-block-id=\"13\">\n<p class=\"content-text__container \" data-track-category=\"Link no Texto\" data-track-links=\"\">&#8220;O condutor do ve\u00edculo chegou a voltar \u00e0 faixa permitida, mas quando se aproximou, voltou a entrar na pista contr\u00e1ria e se chocou junto a carreta&#8221;, informou em nota.<\/p>\n<p data-track-category=\"Link no Texto\" data-track-links=\"\">\n<\/div>\n<\/div>\n<div id=\"chunk-ea92e\">\n<div class=\"row medium-uncollapsed content-media content-photo\" data-block-type=\"backstage-photo\" data-block-id=\"14\">\n<div class=\" mc-column  content-media__container\">\n<div class=\"content-media-container glb-skeleton-box\">\n<figure class=\"content-media-figure\">\n<p><figure style=\"width: 647px\" class=\"wp-caption aligncenter\"><img loading=\"lazy\" decoding=\"async\" class=\"i-amphtml-fill-content i-amphtml-replaced-content\" src=\"https:\/\/s2-g1.glbimg.com\/oosAAoFEDEToryMP8jzi-mFf21o=\/0x0:1600x1204\/984x0\/smart\/filters:strip_icc()\/i.s3.glbimg.com\/v1\/AUTH_59edd422c0c84a879bd37670ae4f538a\/internal_photos\/bs\/2023\/f\/X\/SQcxwWQmGEqpeRTO8chg\/whatsapp-image-2023-08-28-at-10.57.20.jpeg\" sizes=\"auto, (max-width: 1366px) 648px, 100vw\" srcset=\"https:\/\/s2-g1.glbimg.com\/e1p5pZdRbXFMETsOZ-23P2tCgYo=\/0x0:1600x1204\/1000x0\/smart\/filters:strip_icc()\/i.s3.glbimg.com\/v1\/AUTH_59edd422c0c84a879bd37670ae4f538a\/internal_photos\/bs\/2023\/f\/X\/SQcxwWQmGEqpeRTO8chg\/whatsapp-image-2023-08-28-at-10.57.20.jpeg 1000w, https:\/\/s2-g1.glbimg.com\/oosAAoFEDEToryMP8jzi-mFf21o=\/0x0:1600x1204\/984x0\/smart\/filters:strip_icc()\/i.s3.glbimg.com\/v1\/AUTH_59edd422c0c84a879bd37670ae4f538a\/internal_photos\/bs\/2023\/f\/X\/SQcxwWQmGEqpeRTO8chg\/whatsapp-image-2023-08-28-at-10.57.20.jpeg 984w, https:\/\/s2-g1.glbimg.com\/e6-BP8zlPVmAsm2lKJqZhV-yUDY=\/0x0:1600x1204\/640x0\/smart\/filters:strip_icc()\/i.s3.glbimg.com\/v1\/AUTH_59edd422c0c84a879bd37670ae4f538a\/internal_photos\/bs\/2023\/f\/X\/SQcxwWQmGEqpeRTO8chg\/whatsapp-image-2023-08-28-at-10.57.20.jpeg 640w, https:\/\/s2-g1.glbimg.com\/e5-u8xtqHi--5Z1OjdLBqxIkQAA=\/0x0:1600x1204\/600x0\/smart\/filters:strip_icc()\/i.s3.glbimg.com\/v1\/AUTH_59edd422c0c84a879bd37670ae4f538a\/internal_photos\/bs\/2023\/f\/X\/SQcxwWQmGEqpeRTO8chg\/whatsapp-image-2023-08-28-at-10.57.20.jpeg 600w\" alt=\"Homem morre em acidente frontal entre picape e carreta de dupla sertaneja em Vilhena \u2014 Foto: Foto: Reprodu\u00e7\u00e3o\/ Tony Rota\" width=\"647\" height=\"487\" \/><figcaption class=\"wp-caption-text\">Homem morre em acidente frontal entre picape e carreta de dupla sertaneja em Vilhena \u2014 Foto: Foto: Reprodu\u00e7\u00e3o\/ Tony Rota<\/figcaption><\/figure><\/figure>\n<\/div>\n<p class=\"content-media__description  \">\n<\/div>\n<\/div>\n<\/div>\n<div id=\"chunk-3ee8j\">\n<p class=\"content-text__container\">\n<div class=\"mc-column content-text active-extra-styles\" data-block-type=\"raw\" data-block-weight=\"3\" data-block-id=\"15\">\n<div class=\"content-intertitle\">\n<h2>Passagem por Rond\u00f4nia<\/h2>\n<\/div>\n<\/div>\n<p>&nbsp;<\/p>\n<\/div>\n<div id=\"chunk-aohrr\">\n<div class=\"mc-column content-text active-extra-styles \" data-block-type=\"unstyled\" data-block-weight=\"46\" data-block-id=\"16\">\n<p class=\"content-text__container \" data-track-category=\"Link no Texto\" data-track-links=\"\">Na agenda da dupla sertaneja Bruno e Barreto, consta que eles fizeram um show em Porto Velho na sexta-feira (25), durante a 12\u00aa Feira Agropecu\u00e1ria de Porto Velho (Expovel). Depois disso, a dupla seguiria para Urup\u00e1 (RO), onde tinham show marcado para o s\u00e1bado (26).<\/p>\n<p data-track-category=\"Link no Texto\" data-track-links=\"\">\n<\/div>\n<\/div>\n<div id=\"chunk-1uc76\">\n<div class=\"mc-column content-text active-extra-styles \" data-block-type=\"unstyled\" data-block-weight=\"25\" data-block-id=\"17\">\n<p class=\"content-text__container \" data-track-category=\"Link no Texto\" data-track-links=\"\">A pr\u00f3xima apresenta\u00e7\u00e3o dos cantores seria somente dia 30, em Bom Jesus da Penha (MG). Nas redes sociais, eles registraram a passagem por Rond\u00f4nia.<\/p>\n<p data-track-category=\"Link no Texto\" data-track-links=\"\">\n<p class=\"content-publication-data__from\" title=\"Mateus Santos, g1 RO \">Por Mateus Santos, g1 RO<\/p>\n<\/div>\n<\/div>\n<\/div>\n","protected":false},"excerpt":{"rendered":"<p>Uma carreta da dupla sertaneja Bruno e Barreto se envolveu em um acidente entre Rond\u00f4nia e Mato Grosso, na noite do domingo (27). O motorista de uma picape, identificado como Rog\u00e9rio Rodrigues de Souza, morreu ap\u00f3s bater de frente com o ve\u00edculo que pertence aos cantores. A Policia federal (PRF) de Comodoro (MT) atendeu \u00e0 [&hellip;]<\/p>\n","protected":false},"author":5,"featured_media":249963,"comment_status":"closed","ping_status":"closed","sticky":false,"template":"","format":"standard","meta":{"footnotes":""},"categories":[142,38],"tags":[],"class_list":["post-249961","post","type-post","status-publish","format-standard","has-post-thumbnail","hentry","category-mato-grosso","category-policia"],"_links":{"self":[{"href":"https:\/\/www.ocorreionews.com.br\/acervo-correio\/index.php?rest_route=\/wp\/v2\/posts\/249961","targetHints":{"allow":["GET"]}}],"collection":[{"href":"https:\/\/www.ocorreionews.com.br\/acervo-correio\/index.php?rest_route=\/wp\/v2\/posts"}],"about":[{"href":"https:\/\/www.ocorreionews.com.br\/acervo-correio\/index.php?rest_route=\/wp\/v2\/types\/post"}],"author":[{"embeddable":true,"href":"https:\/\/www.ocorreionews.com.br\/acervo-correio\/index.php?rest_route=\/wp\/v2\/users\/5"}],"replies":[{"embeddable":true,"href":"https:\/\/www.ocorreionews.com.br\/acervo-correio\/index.php?rest_route=%2Fwp%2Fv2%2Fcomments&post=249961"}],"version-history":[{"count":1,"href":"https:\/\/www.ocorreionews.com.br\/acervo-correio\/index.php?rest_route=\/wp\/v2\/posts\/249961\/revisions"}],"predecessor-version":[{"id":249969,"href":"https:\/\/www.ocorreionews.com.br\/acervo-correio\/index.php?rest_route=\/wp\/v2\/posts\/249961\/revisions\/249969"}],"wp:featuredmedia":[{"embeddable":true,"href":"https:\/\/www.ocorreionews.com.br\/acervo-correio\/index.php?rest_route=\/wp\/v2\/media\/249963"}],"wp:attachment":[{"href":"https:\/\/www.ocorreionews.com.br\/acervo-correio\/index.php?rest_route=%2Fwp%2Fv2%2Fmedia&parent=249961"}],"wp:term":[{"taxonomy":"category","embeddable":true,"href":"https:\/\/www.ocorreionews.com.br\/acervo-correio\/index.php?rest_route=%2Fwp%2Fv2%2Fcategories&post=249961"},{"taxonomy":"post_tag","embeddable":true,"href":"https:\/\/www.ocorreionews.com.br\/acervo-correio\/index.php?rest_route=%2Fwp%2Fv2%2Ftags&post=249961"}],"curies":[{"name":"wp","href":"https:\/\/api.w.org\/{rel}","templated":true}]}}