{"id":249976,"date":"2023-08-29T13:08:10","date_gmt":"2023-08-29T17:08:10","guid":{"rendered":"https:\/\/www.ocorreionews.com.br\/acervo-correio\/?p=249976"},"modified":"2023-08-29T13:08:10","modified_gmt":"2023-08-29T17:08:10","slug":"chapadao-do-sul-adere-a-luta-contra-o-tabagismo-no-dia-nacional-de-combate-ao-fumo","status":"publish","type":"post","link":"https:\/\/www.ocorreionews.com.br\/acervo-correio\/?p=249976","title":{"rendered":"Chapad\u00e3o do Sul adere \u00e0 luta contra o tabagismo no Dia Nacional de Combate ao Fumo"},"content":{"rendered":"<div class=\"leitura\">\n<p>Em um esfor\u00e7o conjunto para conscientizar a popula\u00e7\u00e3o sobre os malef\u00edcios do tabagismo, o Conselho Municipal Anti Drogas (COMAD) de Chapad\u00e3o do Sul se uniu \u00e0s a\u00e7\u00f5es em todo o pa\u00eds no Dia Nacional de Combate ao Fumo. A data, institu\u00edda pela Lei n\u00ba 7.488\/1986, tem como objetivo ampliar a sensibiliza\u00e7\u00e3o e mobiliza\u00e7\u00e3o da sociedade para os diversos preju\u00edzos causados pelo tabaco, sejam eles sociais, pol\u00edticos, econ\u00f4micos ou ambientais.<\/p>\n<p>O tabagismo \u00e9 uma epidemia global que afeta milh\u00f5es de pessoas, comprometendo a qualidade de vida e contribuindo para um aumento alarmante das doen\u00e7as relacionadas ao cigarro. Compreendendo a import\u00e2ncia da preven\u00e7\u00e3o e do combate ao v\u00edcio em Chapad\u00e3o do Sul, o COMAD organizou uma s\u00e9rie de atividades educativas e de conscientiza\u00e7\u00e3o.<\/p>\n<p>As a\u00e7\u00f5es do Dia Nacional de Combate ao Fumo em Chapad\u00e3o do Sul, conta com palestras informativas em escolas, al\u00e9m de uma entrevista com membros do conselho \u00e0 r\u00e1dio. Os alunos ter\u00e3o a oportunidade de aprender sobre os perigos do tabagismo e os benef\u00edcios de uma vida livre do cigarro.<\/p>\n<p><strong>O que \u00e9 COMAD?<\/strong><\/p>\n<p>O Conselho Municipal Anti Drogas \u2013 COMAD &#8211; que foi criado pela lei n 638 de 2007, \u00e9 um \u00f3rg\u00e3o deliberativo e consultivo que regula a pol\u00edtica p\u00fablica de combate as drogas no munic\u00edpio, composto por representantes do Poder Executivo, Legislativo e Sociedade Civil Organizada, que atuam na preven\u00e7\u00e3o, tratamento, ressocializa\u00e7\u00e3o e repress\u00e3o.<\/p>\n<\/div>\n<p>&nbsp;<\/p>\n<p>&nbsp;<\/p>\n<p>*Assessoria C\u00e2mara Municipal<\/p>\n","protected":false},"excerpt":{"rendered":"<p>Em um esfor\u00e7o conjunto para conscientizar a popula\u00e7\u00e3o sobre os malef\u00edcios do tabagismo, o Conselho Municipal Anti Drogas (COMAD) de Chapad\u00e3o do Sul se uniu \u00e0s a\u00e7\u00f5es em todo o pa\u00eds no Dia Nacional de Combate ao Fumo. A data, institu\u00edda pela Lei n\u00ba 7.488\/1986, tem como objetivo ampliar a sensibiliza\u00e7\u00e3o e mobiliza\u00e7\u00e3o da sociedade [&hellip;]<\/p>\n","protected":false},"author":5,"featured_media":249979,"comment_status":"closed","ping_status":"closed","sticky":false,"template":"","format":"standard","meta":{"footnotes":""},"categories":[23,41],"tags":[],"class_list":["post-249976","post","type-post","status-publish","format-standard","has-post-thumbnail","hentry","category-chapadao-do-sul","category-destaque"],"_links":{"self":[{"href":"https:\/\/www.ocorreionews.com.br\/acervo-correio\/index.php?rest_route=\/wp\/v2\/posts\/249976","targetHints":{"allow":["GET"]}}],"collection":[{"href":"https:\/\/www.ocorreionews.com.br\/acervo-correio\/index.php?rest_route=\/wp\/v2\/posts"}],"about":[{"href":"https:\/\/www.ocorreionews.com.br\/acervo-correio\/index.php?rest_route=\/wp\/v2\/types\/post"}],"author":[{"embeddable":true,"href":"https:\/\/www.ocorreionews.com.br\/acervo-correio\/index.php?rest_route=\/wp\/v2\/users\/5"}],"replies":[{"embeddable":true,"href":"https:\/\/www.ocorreionews.com.br\/acervo-correio\/index.php?rest_route=%2Fwp%2Fv2%2Fcomments&post=249976"}],"version-history":[{"count":1,"href":"https:\/\/www.ocorreionews.com.br\/acervo-correio\/index.php?rest_route=\/wp\/v2\/posts\/249976\/revisions"}],"predecessor-version":[{"id":249981,"href":"https:\/\/www.ocorreionews.com.br\/acervo-correio\/index.php?rest_route=\/wp\/v2\/posts\/249976\/revisions\/249981"}],"wp:featuredmedia":[{"embeddable":true,"href":"https:\/\/www.ocorreionews.com.br\/acervo-correio\/index.php?rest_route=\/wp\/v2\/media\/249979"}],"wp:attachment":[{"href":"https:\/\/www.ocorreionews.com.br\/acervo-correio\/index.php?rest_route=%2Fwp%2Fv2%2Fmedia&parent=249976"}],"wp:term":[{"taxonomy":"category","embeddable":true,"href":"https:\/\/www.ocorreionews.com.br\/acervo-correio\/index.php?rest_route=%2Fwp%2Fv2%2Fcategories&post=249976"},{"taxonomy":"post_tag","embeddable":true,"href":"https:\/\/www.ocorreionews.com.br\/acervo-correio\/index.php?rest_route=%2Fwp%2Fv2%2Ftags&post=249976"}],"curies":[{"name":"wp","href":"https:\/\/api.w.org\/{rel}","templated":true}]}}