{"id":249984,"date":"2023-08-29T13:19:42","date_gmt":"2023-08-29T17:19:42","guid":{"rendered":"https:\/\/www.ocorreionews.com.br\/acervo-correio\/?p=249984"},"modified":"2023-08-29T13:22:48","modified_gmt":"2023-08-29T17:22:48","slug":"campeao-de-barretos-em-cavalo-vai-competir-em-alcinopolis","status":"publish","type":"post","link":"https:\/\/www.ocorreionews.com.br\/acervo-correio\/?p=249984","title":{"rendered":"Campe\u00e3o de Barretos em montaria de cavalo vai competir em Alcin\u00f3polis"},"content":{"rendered":"<p>21\u00aa Festa do Pe\u00e3o de Boiadeiro de Alcin\u00f3polis, que se inicia amanh\u00e3 ter\u00e1 como atra\u00e7\u00e3o na montaria de cavalos o atual campe\u00e3o do 30\u00aa Festa do Pe\u00e3o de Barretos em montaria de cavalo (cutiano), Luiz Felipe da Silva, representante da cidade de Mirassol.<\/p>\n<p>A festa ter\u00e1 inicio nesta quarta-feira 30 de agosto e vai at\u00e9 o s\u00e1bado dia 1\u00ba de setembro.<\/p>\n","protected":false},"excerpt":{"rendered":"<p>21\u00aa Festa do Pe\u00e3o de Boiadeiro de Alcin\u00f3polis, que se inicia amanh\u00e3 ter\u00e1 como atra\u00e7\u00e3o na montaria de cavalos o atual campe\u00e3o do 30\u00aa Festa do Pe\u00e3o de Barretos em montaria de cavalo (cutiano), Luiz Felipe da Silva, representante da cidade de Mirassol. A festa ter\u00e1 inicio nesta quarta-feira 30 de agosto e vai at\u00e9 [&hellip;]<\/p>\n","protected":false},"author":4,"featured_media":249987,"comment_status":"closed","ping_status":"closed","sticky":false,"template":"","format":"standard","meta":{"footnotes":""},"categories":[18],"tags":[],"class_list":["post-249984","post","type-post","status-publish","format-standard","has-post-thumbnail","hentry","category-alcinopolis"],"_links":{"self":[{"href":"https:\/\/www.ocorreionews.com.br\/acervo-correio\/index.php?rest_route=\/wp\/v2\/posts\/249984","targetHints":{"allow":["GET"]}}],"collection":[{"href":"https:\/\/www.ocorreionews.com.br\/acervo-correio\/index.php?rest_route=\/wp\/v2\/posts"}],"about":[{"href":"https:\/\/www.ocorreionews.com.br\/acervo-correio\/index.php?rest_route=\/wp\/v2\/types\/post"}],"author":[{"embeddable":true,"href":"https:\/\/www.ocorreionews.com.br\/acervo-correio\/index.php?rest_route=\/wp\/v2\/users\/4"}],"replies":[{"embeddable":true,"href":"https:\/\/www.ocorreionews.com.br\/acervo-correio\/index.php?rest_route=%2Fwp%2Fv2%2Fcomments&post=249984"}],"version-history":[{"count":2,"href":"https:\/\/www.ocorreionews.com.br\/acervo-correio\/index.php?rest_route=\/wp\/v2\/posts\/249984\/revisions"}],"predecessor-version":[{"id":249990,"href":"https:\/\/www.ocorreionews.com.br\/acervo-correio\/index.php?rest_route=\/wp\/v2\/posts\/249984\/revisions\/249990"}],"wp:featuredmedia":[{"embeddable":true,"href":"https:\/\/www.ocorreionews.com.br\/acervo-correio\/index.php?rest_route=\/wp\/v2\/media\/249987"}],"wp:attachment":[{"href":"https:\/\/www.ocorreionews.com.br\/acervo-correio\/index.php?rest_route=%2Fwp%2Fv2%2Fmedia&parent=249984"}],"wp:term":[{"taxonomy":"category","embeddable":true,"href":"https:\/\/www.ocorreionews.com.br\/acervo-correio\/index.php?rest_route=%2Fwp%2Fv2%2Fcategories&post=249984"},{"taxonomy":"post_tag","embeddable":true,"href":"https:\/\/www.ocorreionews.com.br\/acervo-correio\/index.php?rest_route=%2Fwp%2Fv2%2Ftags&post=249984"}],"curies":[{"name":"wp","href":"https:\/\/api.w.org\/{rel}","templated":true}]}}