{"id":249992,"date":"2023-08-29T13:31:59","date_gmt":"2023-08-29T17:31:59","guid":{"rendered":"https:\/\/www.ocorreionews.com.br\/acervo-correio\/?p=249992"},"modified":"2023-08-29T13:45:02","modified_gmt":"2023-08-29T17:45:02","slug":"crianca-e-raptada-ao-sair-de-escola-e-consegue-escapar-de-caminhonete-em-tres-lagoas","status":"publish","type":"post","link":"https:\/\/www.ocorreionews.com.br\/acervo-correio\/?p=249992","title":{"rendered":"Crian\u00e7a \u00e9 raptada ao sair de escola e consegue escapar de caminhonete em Tr\u00eas Lagoas"},"content":{"rendered":"<p>Uma crian\u00e7a de 10 anos consegui escapar de uma caminhonete ap\u00f3s ser sequestrada ao sair da Escola Municipal Parque S\u00e3o Carlos, em Tr\u00eas Lagoas,\u00a0 &#8211; MS, no fim da manh\u00e3 desta segunda-feira (28).<\/p>\n<p>De acordo com as informa\u00e7\u00f5es apuradas pela reportagem do Campo Grande News, a v\u00edtima estava saindo da escola, por volta das 11 horas, quando percebeu que estava sendo seguida por um homem desconhecido. A crian\u00e7a tentou andar mais r\u00e1pido, momento em que sentiu algo na boca e desmaiou.<\/p>\n<p>Quando recobrou a consci\u00eancia, a menina estava dentro de uma caminhonete preta. Na sequ\u00eancia, o sequestrador apareceu no retrovisor, olhou para ela e fez sinal para que ficasse quieta. Ela percebeu que a porta da caminhonete estava com o &#8220;pino&#8221; para cima, ou seja, a porta n\u00e3o estava trancada. Ent\u00e3o, abriu a porta e correu.<\/p>\n<p>A menina ainda olhou para tr\u00e1s, viu que a caminhonete estava suja de lama e o suspeito fugiu. A crian\u00e7a percebeu que estava em um local familiar, pois quase todos os finais de semana frequenta uma sorveteria pr\u00f3xima, conforme o site local, 24 Horas News MS. Ela seguiu a p\u00e9 pela Avenida Clodoaldo Garcia e conseguiu chegar em casa.<\/p>\n<p>A m\u00e3e, ao saber do ocorrido, procurou a pol\u00edcia. Segundo o boletim de ocorr\u00eancia, o suspeito tem pele negra, cabelos raspados e olhos castanhos. O caso \u00e9 investigado pela DAM (Delegacia de Atendimento \u00e0 Mulher) de Tr\u00eas Lagoas.<\/p>\n<p>O Campo Grande News entrou em contato com a Secretaria Municipal de Educa\u00e7\u00e3o, mas n\u00e3o obteve retorno at\u00e9 a publica\u00e7\u00e3o da reportagem.<\/p>\n<p>&nbsp;<\/p>\n<p>Por Dayene Paz &#8211; Campo Grande News<\/p>\n","protected":false},"excerpt":{"rendered":"<p>Uma crian\u00e7a de 10 anos consegui escapar de uma caminhonete ap\u00f3s ser sequestrada ao sair da Escola Municipal Parque S\u00e3o Carlos, em Tr\u00eas Lagoas,\u00a0 &#8211; MS, no fim da manh\u00e3 desta segunda-feira (28). De acordo com as informa\u00e7\u00f5es apuradas pela reportagem do Campo Grande News, a v\u00edtima estava saindo da escola, por volta das 11 [&hellip;]<\/p>\n","protected":false},"author":5,"featured_media":140386,"comment_status":"closed","ping_status":"closed","sticky":false,"template":"","format":"standard","meta":{"footnotes":""},"categories":[38,143],"tags":[],"class_list":["post-249992","post","type-post","status-publish","format-standard","has-post-thumbnail","hentry","category-policia","category-regional"],"_links":{"self":[{"href":"https:\/\/www.ocorreionews.com.br\/acervo-correio\/index.php?rest_route=\/wp\/v2\/posts\/249992","targetHints":{"allow":["GET"]}}],"collection":[{"href":"https:\/\/www.ocorreionews.com.br\/acervo-correio\/index.php?rest_route=\/wp\/v2\/posts"}],"about":[{"href":"https:\/\/www.ocorreionews.com.br\/acervo-correio\/index.php?rest_route=\/wp\/v2\/types\/post"}],"author":[{"embeddable":true,"href":"https:\/\/www.ocorreionews.com.br\/acervo-correio\/index.php?rest_route=\/wp\/v2\/users\/5"}],"replies":[{"embeddable":true,"href":"https:\/\/www.ocorreionews.com.br\/acervo-correio\/index.php?rest_route=%2Fwp%2Fv2%2Fcomments&post=249992"}],"version-history":[{"count":1,"href":"https:\/\/www.ocorreionews.com.br\/acervo-correio\/index.php?rest_route=\/wp\/v2\/posts\/249992\/revisions"}],"predecessor-version":[{"id":249993,"href":"https:\/\/www.ocorreionews.com.br\/acervo-correio\/index.php?rest_route=\/wp\/v2\/posts\/249992\/revisions\/249993"}],"wp:featuredmedia":[{"embeddable":true,"href":"https:\/\/www.ocorreionews.com.br\/acervo-correio\/index.php?rest_route=\/wp\/v2\/media\/140386"}],"wp:attachment":[{"href":"https:\/\/www.ocorreionews.com.br\/acervo-correio\/index.php?rest_route=%2Fwp%2Fv2%2Fmedia&parent=249992"}],"wp:term":[{"taxonomy":"category","embeddable":true,"href":"https:\/\/www.ocorreionews.com.br\/acervo-correio\/index.php?rest_route=%2Fwp%2Fv2%2Fcategories&post=249992"},{"taxonomy":"post_tag","embeddable":true,"href":"https:\/\/www.ocorreionews.com.br\/acervo-correio\/index.php?rest_route=%2Fwp%2Fv2%2Ftags&post=249992"}],"curies":[{"name":"wp","href":"https:\/\/api.w.org\/{rel}","templated":true}]}}