{"id":250000,"date":"2023-08-29T13:49:33","date_gmt":"2023-08-29T17:49:33","guid":{"rendered":"https:\/\/www.ocorreionews.com.br\/acervo-correio\/?p=250000"},"modified":"2023-08-29T14:20:40","modified_gmt":"2023-08-29T18:20:40","slug":"irmaos-e-outro-jovem-sao-as-vitimas-do-acidente-que-partiu-uno-ao-meio-na-ms-368","status":"publish","type":"post","link":"https:\/\/www.ocorreionews.com.br\/acervo-correio\/?p=250000","title":{"rendered":"Irm\u00e3os e outro jovem s\u00e3o as vitimas do acidente que partiu Fiat ao meio na MS-368"},"content":{"rendered":"<div id=\"chunk-1b12r\">\n<div class=\"mc-column content-text active-extra-styles \" data-block-type=\"unstyled\" data-block-weight=\"49\" data-block-id=\"3\">\n<p class=\"content-text__container \" data-track-category=\"Link no Texto\" data-track-links=\"\">Tr\u00eas jovens, identificados como Igor Duarte Gomes e os irm\u00e3os Jhekson Medina Amaral e Gede\u00e3o Medina, morreram em um grave acidente, ocorrido na tarde desta segunda-feira (28), na rodovia MS-368, entre Ponta Por\u00e3 e Amambai. As <a href=\"https:\/\/www.ocorreionews.com.br\/acervo-correio\/fiat-uno-parte-ao-meio-e-tres-morrem-vitimas-de-acidente-na-ms-386\/\">v\u00edtimas estavam em um carro de passeio quando colidiram com um caminh\u00e3o<\/a> ba\u00fa.<\/p>\n<p data-track-category=\"Link no Texto\" data-track-links=\"\">\n<\/div>\n<\/div>\n<div class=\"wall protected-content\">\n<div id=\"chunk-afb4c\">\n<div class=\"mc-column content-text active-extra-styles \" data-block-type=\"unstyled\" data-block-weight=\"20\" data-block-id=\"4\">\n<p class=\"content-text__container \" data-track-category=\"Link no Texto\" data-track-links=\"\">Segundo a pol\u00edcia, o motorista do caminh\u00e3o disse que o condutor do carro de passeio invadiu a pista contr\u00e1ria.<\/p>\n<p data-track-category=\"Link no Texto\" data-track-links=\"\">\n<\/div>\n<\/div>\n<div id=\"chunk-2ncm6\">\n<div class=\"mc-column content-text active-extra-styles \" data-block-type=\"unstyled\" data-block-weight=\"25\" data-block-id=\"5\">\n<p class=\"content-text__container \" data-track-category=\"Link no Texto\" data-track-links=\"\">O caminhoneiro n\u00e3o se feriu e n\u00e3o estava sob efeito de \u00e1lcool, conforme teste do baf\u00f4metro. Ele foi liberado ap\u00f3s prestar depoimento \u00e0 Pol\u00edcia Civil.<\/p>\n<p data-track-category=\"Link no Texto\" data-track-links=\"\">\n<\/div>\n<\/div>\n<div id=\"chunk-9vgf1\">\n<div class=\"mc-column content-text active-extra-styles \" data-block-type=\"unstyled\" data-block-weight=\"23\" data-block-id=\"6\">\n<p class=\"content-text__container \" data-track-category=\"Link no Texto\" data-track-links=\"\">Com o impacto da batida, o carro se partiu ao meio e os corpos das v\u00edtimas foram lan\u00e7ados \u00e0 margem da pista.<\/p>\n<p data-track-category=\"Link no Texto\" data-track-links=\"\">\n<\/div>\n<\/div>\n<div id=\"chunk-57k9\">\n<div class=\"mc-column content-text active-extra-styles \" data-block-type=\"unstyled\" data-block-weight=\"24\" data-block-id=\"8\">\n<p class=\"content-text__container \" data-track-category=\"Link no Texto\" data-track-links=\"\">N\u00e3o foi poss\u00edvel definir quem estava dirigindo o ve\u00edculo de passeio. O caso ser\u00e1 investigado pelo 2\u00b0 DP (Delegacia de Pol\u00edcia) de Ponta Por\u00e3.<\/p>\n<figure id=\"attachment_249841\" aria-describedby=\"caption-attachment-249841\" style=\"width: 640px\" class=\"wp-caption alignnone\"><img loading=\"lazy\" decoding=\"async\" class=\"size-full wp-image-249841\" src=\"https:\/\/www.ocorreionews.com.br\/acervo-correio\/wp-content\/uploads\/2023\/08\/aci-Uno-amambai2.png\" alt=\"\" width=\"640\" height=\"481\" srcset=\"https:\/\/www.ocorreionews.com.br\/acervo-correio\/wp-content\/uploads\/2023\/08\/aci-Uno-amambai2.png 640w, https:\/\/www.ocorreionews.com.br\/acervo-correio\/wp-content\/uploads\/2023\/08\/aci-Uno-amambai2-300x225.png 300w, https:\/\/www.ocorreionews.com.br\/acervo-correio\/wp-content\/uploads\/2023\/08\/aci-Uno-amambai2-86x64.png 86w\" sizes=\"auto, (max-width: 640px) 100vw, 640px\" \/><figcaption id=\"caption-attachment-249841\" class=\"wp-caption-text\">(Foto: Direto das Ruas) &#8211;<\/figcaption><\/figure>\n<p class=\"content-text__container \" data-track-category=\"Link no Texto\" data-track-links=\"\">Por Adriano Fernandes e Thais Libni, g1 MS<\/p>\n<p data-track-category=\"Link no Texto\" data-track-links=\"\">\n<\/div>\n<\/div>\n<\/div>\n","protected":false},"excerpt":{"rendered":"<p>Tr\u00eas jovens, identificados como Igor Duarte Gomes e os irm\u00e3os Jhekson Medina Amaral e Gede\u00e3o Medina, morreram em um grave acidente, ocorrido na tarde desta segunda-feira (28), na rodovia MS-368, entre Ponta Por\u00e3 e Amambai. As v\u00edtimas estavam em um carro de passeio quando colidiram com um caminh\u00e3o ba\u00fa. Segundo a pol\u00edcia, o motorista do [&hellip;]<\/p>\n","protected":false},"author":5,"featured_media":249840,"comment_status":"closed","ping_status":"closed","sticky":false,"template":"","format":"standard","meta":{"footnotes":""},"categories":[38],"tags":[],"class_list":["post-250000","post","type-post","status-publish","format-standard","has-post-thumbnail","hentry","category-policia"],"_links":{"self":[{"href":"https:\/\/www.ocorreionews.com.br\/acervo-correio\/index.php?rest_route=\/wp\/v2\/posts\/250000","targetHints":{"allow":["GET"]}}],"collection":[{"href":"https:\/\/www.ocorreionews.com.br\/acervo-correio\/index.php?rest_route=\/wp\/v2\/posts"}],"about":[{"href":"https:\/\/www.ocorreionews.com.br\/acervo-correio\/index.php?rest_route=\/wp\/v2\/types\/post"}],"author":[{"embeddable":true,"href":"https:\/\/www.ocorreionews.com.br\/acervo-correio\/index.php?rest_route=\/wp\/v2\/users\/5"}],"replies":[{"embeddable":true,"href":"https:\/\/www.ocorreionews.com.br\/acervo-correio\/index.php?rest_route=%2Fwp%2Fv2%2Fcomments&post=250000"}],"version-history":[{"count":2,"href":"https:\/\/www.ocorreionews.com.br\/acervo-correio\/index.php?rest_route=\/wp\/v2\/posts\/250000\/revisions"}],"predecessor-version":[{"id":250005,"href":"https:\/\/www.ocorreionews.com.br\/acervo-correio\/index.php?rest_route=\/wp\/v2\/posts\/250000\/revisions\/250005"}],"wp:featuredmedia":[{"embeddable":true,"href":"https:\/\/www.ocorreionews.com.br\/acervo-correio\/index.php?rest_route=\/wp\/v2\/media\/249840"}],"wp:attachment":[{"href":"https:\/\/www.ocorreionews.com.br\/acervo-correio\/index.php?rest_route=%2Fwp%2Fv2%2Fmedia&parent=250000"}],"wp:term":[{"taxonomy":"category","embeddable":true,"href":"https:\/\/www.ocorreionews.com.br\/acervo-correio\/index.php?rest_route=%2Fwp%2Fv2%2Fcategories&post=250000"},{"taxonomy":"post_tag","embeddable":true,"href":"https:\/\/www.ocorreionews.com.br\/acervo-correio\/index.php?rest_route=%2Fwp%2Fv2%2Ftags&post=250000"}],"curies":[{"name":"wp","href":"https:\/\/api.w.org\/{rel}","templated":true}]}}