{"id":250003,"date":"2023-08-29T13:53:16","date_gmt":"2023-08-29T17:53:16","guid":{"rendered":"https:\/\/www.ocorreionews.com.br\/acervo-correio\/?p=250003"},"modified":"2023-08-29T13:53:16","modified_gmt":"2023-08-29T17:53:16","slug":"covid-mata-dois-idosos-na-ultima-semana-em-mato-grosso-do-sul","status":"publish","type":"post","link":"https:\/\/www.ocorreionews.com.br\/acervo-correio\/?p=250003","title":{"rendered":"Covid mata dois idosos na \u00faltima semana em Mato Grosso do Sul"},"content":{"rendered":"<blockquote>\n<h2><span style=\"font-size: 14pt;\">Outros 137 novos casos positivos foram registrados pelas equipes da SES<\/span><\/h2>\n<\/blockquote>\n<p>A Covid-19 matou duas pessoas na \u00faltima semana em Mato Grosso do Sul. Com a atualiza\u00e7\u00e3o do boletim\u00a0epidemiol\u00f3gico divulgado pela SES (Secretaria de Estado de Sa\u00fade) nesta ter\u00e7a-feira (29), Mato Grosso do Sul chega a 11.090 \u00f3bitos por coronav\u00edrus, desde que a doen\u00e7a chegou no pa\u00eds.<\/p>\n<p>Ao logo da semana, foram contabilizados outros 137 novos registros de testagens positivas da doen\u00e7a em MS. Quando contabilizado, os dados apontam que 616.019\u00a0sul-mato-grossenses foram contaminados pela Covid-19 desde o inicio da pandemia.<\/p>\n<p>Segundo o boletim, as v\u00edtimas fatais desta semana eram dois idosos, sendo um morador de Nova Andradina, de 71 anos, morreu no dia 22 de agosto.\u00a0Ele tinha doen\u00e7a cardiovascular cr\u00f4nica e doen\u00e7a neurol\u00f3gica cr\u00f4nica como comorbidade.<\/p>\n<p>A outra v\u00edtima \u00e9 do sexo feminino, residia em Sonora e estava com 61 anos de idade. A idosa apresentava obesidade como comorbidade.<\/p>\n<p>O boletim epidemiol\u00f3gico da Covid-19 \u00e9 elaborado semanalmente por equipe de Ger\u00eancia T\u00e9cnica de Influenza e Doen\u00e7as Respirat\u00f3rias, vinculado ao setor de Vigil\u00e2ncia em Sa\u00fade da SES. JD1<\/p>\n","protected":false},"excerpt":{"rendered":"<p>Outros 137 novos casos positivos foram registrados pelas equipes da SES A Covid-19 matou duas pessoas na \u00faltima semana em Mato Grosso do Sul. Com a atualiza\u00e7\u00e3o do boletim\u00a0epidemiol\u00f3gico divulgado pela SES (Secretaria de Estado de Sa\u00fade) nesta ter\u00e7a-feira (29), Mato Grosso do Sul chega a 11.090 \u00f3bitos por coronav\u00edrus, desde que a doen\u00e7a chegou [&hellip;]<\/p>\n","protected":false},"author":4,"featured_media":153097,"comment_status":"closed","ping_status":"closed","sticky":false,"template":"","format":"standard","meta":{"footnotes":""},"categories":[39],"tags":[],"class_list":["post-250003","post","type-post","status-publish","format-standard","has-post-thumbnail","hentry","category-saude"],"_links":{"self":[{"href":"https:\/\/www.ocorreionews.com.br\/acervo-correio\/index.php?rest_route=\/wp\/v2\/posts\/250003","targetHints":{"allow":["GET"]}}],"collection":[{"href":"https:\/\/www.ocorreionews.com.br\/acervo-correio\/index.php?rest_route=\/wp\/v2\/posts"}],"about":[{"href":"https:\/\/www.ocorreionews.com.br\/acervo-correio\/index.php?rest_route=\/wp\/v2\/types\/post"}],"author":[{"embeddable":true,"href":"https:\/\/www.ocorreionews.com.br\/acervo-correio\/index.php?rest_route=\/wp\/v2\/users\/4"}],"replies":[{"embeddable":true,"href":"https:\/\/www.ocorreionews.com.br\/acervo-correio\/index.php?rest_route=%2Fwp%2Fv2%2Fcomments&post=250003"}],"version-history":[{"count":1,"href":"https:\/\/www.ocorreionews.com.br\/acervo-correio\/index.php?rest_route=\/wp\/v2\/posts\/250003\/revisions"}],"predecessor-version":[{"id":250004,"href":"https:\/\/www.ocorreionews.com.br\/acervo-correio\/index.php?rest_route=\/wp\/v2\/posts\/250003\/revisions\/250004"}],"wp:featuredmedia":[{"embeddable":true,"href":"https:\/\/www.ocorreionews.com.br\/acervo-correio\/index.php?rest_route=\/wp\/v2\/media\/153097"}],"wp:attachment":[{"href":"https:\/\/www.ocorreionews.com.br\/acervo-correio\/index.php?rest_route=%2Fwp%2Fv2%2Fmedia&parent=250003"}],"wp:term":[{"taxonomy":"category","embeddable":true,"href":"https:\/\/www.ocorreionews.com.br\/acervo-correio\/index.php?rest_route=%2Fwp%2Fv2%2Fcategories&post=250003"},{"taxonomy":"post_tag","embeddable":true,"href":"https:\/\/www.ocorreionews.com.br\/acervo-correio\/index.php?rest_route=%2Fwp%2Fv2%2Ftags&post=250003"}],"curies":[{"name":"wp","href":"https:\/\/api.w.org\/{rel}","templated":true}]}}