{"id":250017,"date":"2023-08-29T16:31:57","date_gmt":"2023-08-29T20:31:57","guid":{"rendered":"https:\/\/www.ocorreionews.com.br\/acervo-correio\/?p=250017"},"modified":"2023-08-29T16:31:57","modified_gmt":"2023-08-29T20:31:57","slug":"lei-de-paulo-correa-alerta-para-prescricao-legivel-de-receitas-medicas","status":"publish","type":"post","link":"https:\/\/www.ocorreionews.com.br\/acervo-correio\/?p=250017","title":{"rendered":"Lei de Paulo Corr\u00eaa alerta para prescri\u00e7\u00e3o leg\u00edvel de receitas m\u00e9dicas"},"content":{"rendered":"<p>Mato Grosso do Sul conta, a partir de agora, com o \u201cDia Estadual da Prescri\u00e7\u00e3o Leg\u00edvel\u201d. De autoria do deputado estadual Paulo Corr\u00eaa (PSDB), a Lei N\u00ba 6.098\/2023 conscientiza sobre a import\u00e2ncia do uso de letra leg\u00edvel nos documentos para evitar equ\u00edvocos na compreens\u00e3o por parte dos profissionais farmac\u00eauticos e dos pacientes, especialmente os idosos.<\/p>\n<p>Para isso, a nova lei orienta a prescri\u00e7\u00e3o de uso de medicamentos, indica\u00e7\u00e3o de exames, emiss\u00e3o de receitas, laudos e relat\u00f3rios, escrita por extenso por profissional de sa\u00fade devidamente habilitado, em modelo impresso, digital ou eletr\u00f4nico, com grafia leg\u00edvel, preferencialmente digitada em computador, contendo carimbo e assinatura manual ou digital do profissional, em observ\u00e2ncia aos padr\u00f5es \u00e9ticos profissionais e \u00e0 legisla\u00e7\u00e3o vigente.<\/p>\n<p>\u201cMuitos pacientes, principalmente os idosos, n\u00e3o conseguem compreender o que est\u00e1 escrito na receita m\u00e9dica, e isso pode representar um risco caso eles tomem uma dosagem errada. Ent\u00e3o, essa lei que fizemos, que considero um grande avan\u00e7o, tem car\u00e1ter de conscientiza\u00e7\u00e3o para essa situa\u00e7\u00e3o, que tamb\u00e9m pode dificultar o trabalho dos farmac\u00eauticos.<\/p>\n<p>Para o presidente do Conselho Regional de Farm\u00e1cia de Mato Grosso do Sul (CRF\/MS), Fl\u00e1vio Shinzato, a proposta \u00e9 mais um ponto positivo para refor\u00e7ar a aten\u00e7\u00e3o ao usu\u00e1rio do medicamento e quem faz o atendimento em todo ambiente hospitalar.<\/p>\n<p>\u201c\u00c9 um ganho a mais, uma ferramenta para que a gente possa conscientizar a sociedade, a rede m\u00e9dica e hospitalar toda, sobre a import\u00e2ncia de ter uma prescri\u00e7\u00e3o leg\u00edvel, de forma que as pessoas entendam o que est\u00e1 escrito, a sua finalidade, e para que serve, fazendo com que haja a correta ades\u00e3o do paciente, evitando um risco de intoxica\u00e7\u00e3o, troca de medicamentos, interpreta\u00e7\u00f5es equivocadas, causando malef\u00edcios \u00e0 sa\u00fade\u201d, afirmou Shinzato.<\/p>\n<p>O \u201cDia Estadual da Prescri\u00e7\u00e3o Leg\u00edvel\u201d, a ser comemorado em 20 de setembro, passa a integrar o Calend\u00e1rio Oficial de Eventos de Mato Grosso do Sul e prev\u00ea a realiza\u00e7\u00e3o de a\u00e7\u00f5es e campanhas de incentivo e conscientiza\u00e7\u00e3o, com a participa\u00e7\u00e3o dos profissionais de sa\u00fade, universidades, p\u00fablicas ou privadas e o Poder Executivo, para debater o tema<\/p>\n<p>Assessoria<\/p>\n","protected":false},"excerpt":{"rendered":"<p>Mato Grosso do Sul conta, a partir de agora, com o \u201cDia Estadual da Prescri\u00e7\u00e3o Leg\u00edvel\u201d. De autoria do deputado estadual Paulo Corr\u00eaa (PSDB), a Lei N\u00ba 6.098\/2023 conscientiza sobre a import\u00e2ncia do uso de letra leg\u00edvel nos documentos para evitar equ\u00edvocos na compreens\u00e3o por parte dos profissionais farmac\u00eauticos e dos pacientes, especialmente os idosos. [&hellip;]<\/p>\n","protected":false},"author":4,"featured_media":236073,"comment_status":"closed","ping_status":"closed","sticky":false,"template":"","format":"standard","meta":{"footnotes":""},"categories":[37],"tags":[],"class_list":["post-250017","post","type-post","status-publish","format-standard","has-post-thumbnail","hentry","category-politica"],"_links":{"self":[{"href":"https:\/\/www.ocorreionews.com.br\/acervo-correio\/index.php?rest_route=\/wp\/v2\/posts\/250017","targetHints":{"allow":["GET"]}}],"collection":[{"href":"https:\/\/www.ocorreionews.com.br\/acervo-correio\/index.php?rest_route=\/wp\/v2\/posts"}],"about":[{"href":"https:\/\/www.ocorreionews.com.br\/acervo-correio\/index.php?rest_route=\/wp\/v2\/types\/post"}],"author":[{"embeddable":true,"href":"https:\/\/www.ocorreionews.com.br\/acervo-correio\/index.php?rest_route=\/wp\/v2\/users\/4"}],"replies":[{"embeddable":true,"href":"https:\/\/www.ocorreionews.com.br\/acervo-correio\/index.php?rest_route=%2Fwp%2Fv2%2Fcomments&post=250017"}],"version-history":[{"count":1,"href":"https:\/\/www.ocorreionews.com.br\/acervo-correio\/index.php?rest_route=\/wp\/v2\/posts\/250017\/revisions"}],"predecessor-version":[{"id":250018,"href":"https:\/\/www.ocorreionews.com.br\/acervo-correio\/index.php?rest_route=\/wp\/v2\/posts\/250017\/revisions\/250018"}],"wp:featuredmedia":[{"embeddable":true,"href":"https:\/\/www.ocorreionews.com.br\/acervo-correio\/index.php?rest_route=\/wp\/v2\/media\/236073"}],"wp:attachment":[{"href":"https:\/\/www.ocorreionews.com.br\/acervo-correio\/index.php?rest_route=%2Fwp%2Fv2%2Fmedia&parent=250017"}],"wp:term":[{"taxonomy":"category","embeddable":true,"href":"https:\/\/www.ocorreionews.com.br\/acervo-correio\/index.php?rest_route=%2Fwp%2Fv2%2Fcategories&post=250017"},{"taxonomy":"post_tag","embeddable":true,"href":"https:\/\/www.ocorreionews.com.br\/acervo-correio\/index.php?rest_route=%2Fwp%2Fv2%2Ftags&post=250017"}],"curies":[{"name":"wp","href":"https:\/\/api.w.org\/{rel}","templated":true}]}}