{"id":250044,"date":"2023-08-30T07:00:14","date_gmt":"2023-08-30T11:00:14","guid":{"rendered":"https:\/\/www.ocorreionews.com.br\/acervo-correio\/?p=250044"},"modified":"2023-08-30T08:02:33","modified_gmt":"2023-08-30T12:02:33","slug":"prefeitura-inicia-a-revitalizacao-da-av-kendi-nakai-em-costa-rica","status":"publish","type":"post","link":"https:\/\/www.ocorreionews.com.br\/acervo-correio\/?p=250044","title":{"rendered":"Prefeitura inicia a revitaliza\u00e7\u00e3o da Av. Kendi Nakai em Costa Rica"},"content":{"rendered":"<div class=\"ntc_cont_descricao_noticia sw_txteditor\">\n<p>Nesta quarta-feira, 30 de agosto, a Prefeitura de Costa Rica dar\u00e1 in\u00edcio \u00e0s obras de revitaliza\u00e7\u00e3o da Avenida Vereador Kendi Nakai. O projeto arquitet\u00f4nico promete transformar a avenida em um novo cart\u00e3o postal da cidade, proporcionando mais beleza e seguran\u00e7a aos moradores e visitantes.<\/p>\n<p>O prefeito municipal, delegado Cleverson Alves dos Santos expressou sua satisfa\u00e7\u00e3o com o in\u00edcio das obras, ressaltando a import\u00e2ncia da revitaliza\u00e7\u00e3o da Avenida Vereador Kendi Nakai para a cidade. Ele destacou que a iniciativa visa embelezar a via, proporcionar mais seguran\u00e7a aos condutores de ve\u00edculos, ciclistas e pedestres, al\u00e9m de criar mais um cart\u00e3o postal na cidade.<\/p>\n<p>O projeto contempla a constru\u00e7\u00e3o de um canteiro central com vegeta\u00e7\u00e3o, grama, palmeira veitchia e postes de ilumina\u00e7\u00e3o. Al\u00e9m disso, ser\u00e3o implantadas duas ciclofaixas, uma em cada sentido, proporcionando uma op\u00e7\u00e3o segura para os ciclistas. O projeto tamb\u00e9m prev\u00ea a cria\u00e7\u00e3o de cinco \u00e1reas de viv\u00eancia com pergolado, primavera e bancos para happy hour da popula\u00e7\u00e3o. As \u00e1reas de viv\u00eancia s\u00e3o \u00e0s rotat\u00f3rias e receber\u00e3o uma ilumina\u00e7\u00e3o especial, e o piso ser\u00e1 intertravado. Duas pistas de rolamento ser\u00e3o mantidas em cada lado da via, e \u00e1reas de estacionamento nos dois lados. A sinaliza\u00e7\u00e3o vertical e horizontal das ciclofaixas tamb\u00e9m ser\u00e1 readequada.<\/p>\n<\/div>\n<div class=\"ntc_cont_descricao_noticia sw_txteditor\">\n<p><img decoding=\"async\" class=\"imgcentraliza\" src=\"https:\/\/www.costarica.ms.gov.br\/fotos\/kendinakai_(6)_29054731.jpeg\" alt=\"Foto Noticia Principal Grande\" \/><\/p>\n<p>A empresa respons\u00e1vel pela execu\u00e7\u00e3o da obra \u00e9 a Casacenter Materiais para Constru\u00e7\u00e3o e Construtora, que venceu a licita\u00e7\u00e3o. O investimento total ser\u00e1 de R$ 1.034.152,83, sendo R$ 553.048,83 de contrapartida do munic\u00edpio e R$ 481.104,00 provenientes do Minist\u00e9rio das Cidades, atrav\u00e9s de emenda parlamentar proposta pela ex-senadora Simone Tebet em 27 de maio de 2021. O prazo estimado para conclus\u00e3o das obras \u00e9 de 9 meses.<\/p>\n<p>J\u00e1 o secret\u00e1rio de Transportes, Urbaniza\u00e7\u00e3o e Obras P\u00fablicas, Penides Garcia Jacinto, refor\u00e7ou a necessidade de redu\u00e7\u00e3o de velocidade na via durante as obras, visando garantir a seguran\u00e7a dos usu\u00e1rios e trabalhadores. Ele ressaltou que, mesmo com a pista parcialmente interditada, uma faixa ficar\u00e1 livre para o tr\u00e1fego.<\/p>\n<p>Com o in\u00edcio das obras, os moradores e usu\u00e1rios da Avenida Vereador Kendi Nakai ter\u00e3o que se adaptar \u00e0s mudan\u00e7as tempor\u00e1rias no tr\u00e2nsito. A obra ser\u00e1 executada em tr\u00eas etapas, cada uma com 500 metros de extens\u00e3o aproximadamente, totalizando 1.737,94 metros linear. A expectativa \u00e9 de que os benef\u00edcios da revitaliza\u00e7\u00e3o sejam sentidos por todos os envolvidos.<\/p>\n<p>A revitaliza\u00e7\u00e3o da Avenida Vereador Kendi Nakai \u00e9 um marco para a cidade de Costa Rica, que busca constantemente melhorias em sua infraestrutura e qualidade de vida para seus moradores. Com a conclus\u00e3o das obras, a avenida se tornar\u00e1 um importante ponto de refer\u00eancia e um local agrad\u00e1vel para se viver e visitar. O projeto \u00e9 da arquiteta Renata Rodrigues Silva e da engenheira civil, Daiana Souza Pereira.<\/p>\n<\/div>\n<div class=\"ntc_cont_descricao_noticia sw_txteditor\"><img decoding=\"async\" class=\"imgcentraliza\" src=\"https:\/\/www.costarica.ms.gov.br\/fotos\/kendinakai_(2)_29054731.jpeg\" alt=\"Foto Noticia Principal Grande\" \/><\/div>\n<div class=\"ntc_area_info_noticia sw_lato\">\n<div>\n<div class=\"ntc_info_noticia\"><strong class=\"sw_lato_black\">Fonte: <\/strong>Assessoria de Comunica\u00e7\u00e3o \/ PMCR &#8211;<strong class=\"sw_lato_black\">\u00a0<\/strong>Silvestre de Castro<\/div>\n<\/div>\n<\/div>\n","protected":false},"excerpt":{"rendered":"<p>Nesta quarta-feira, 30 de agosto, a Prefeitura de Costa Rica dar\u00e1 in\u00edcio \u00e0s obras de revitaliza\u00e7\u00e3o da Avenida Vereador Kendi Nakai. O projeto arquitet\u00f4nico promete transformar a avenida em um novo cart\u00e3o postal da cidade, proporcionando mais beleza e seguran\u00e7a aos moradores e visitantes. O prefeito municipal, delegado Cleverson Alves dos Santos expressou sua satisfa\u00e7\u00e3o [&hellip;]<\/p>\n","protected":false},"author":5,"featured_media":250057,"comment_status":"closed","ping_status":"closed","sticky":false,"template":"","format":"standard","meta":{"footnotes":""},"categories":[25,41],"tags":[],"class_list":["post-250044","post","type-post","status-publish","format-standard","has-post-thumbnail","hentry","category-costa-rica","category-destaque"],"_links":{"self":[{"href":"https:\/\/www.ocorreionews.com.br\/acervo-correio\/index.php?rest_route=\/wp\/v2\/posts\/250044","targetHints":{"allow":["GET"]}}],"collection":[{"href":"https:\/\/www.ocorreionews.com.br\/acervo-correio\/index.php?rest_route=\/wp\/v2\/posts"}],"about":[{"href":"https:\/\/www.ocorreionews.com.br\/acervo-correio\/index.php?rest_route=\/wp\/v2\/types\/post"}],"author":[{"embeddable":true,"href":"https:\/\/www.ocorreionews.com.br\/acervo-correio\/index.php?rest_route=\/wp\/v2\/users\/5"}],"replies":[{"embeddable":true,"href":"https:\/\/www.ocorreionews.com.br\/acervo-correio\/index.php?rest_route=%2Fwp%2Fv2%2Fcomments&post=250044"}],"version-history":[{"count":2,"href":"https:\/\/www.ocorreionews.com.br\/acervo-correio\/index.php?rest_route=\/wp\/v2\/posts\/250044\/revisions"}],"predecessor-version":[{"id":250061,"href":"https:\/\/www.ocorreionews.com.br\/acervo-correio\/index.php?rest_route=\/wp\/v2\/posts\/250044\/revisions\/250061"}],"wp:featuredmedia":[{"embeddable":true,"href":"https:\/\/www.ocorreionews.com.br\/acervo-correio\/index.php?rest_route=\/wp\/v2\/media\/250057"}],"wp:attachment":[{"href":"https:\/\/www.ocorreionews.com.br\/acervo-correio\/index.php?rest_route=%2Fwp%2Fv2%2Fmedia&parent=250044"}],"wp:term":[{"taxonomy":"category","embeddable":true,"href":"https:\/\/www.ocorreionews.com.br\/acervo-correio\/index.php?rest_route=%2Fwp%2Fv2%2Fcategories&post=250044"},{"taxonomy":"post_tag","embeddable":true,"href":"https:\/\/www.ocorreionews.com.br\/acervo-correio\/index.php?rest_route=%2Fwp%2Fv2%2Ftags&post=250044"}],"curies":[{"name":"wp","href":"https:\/\/api.w.org\/{rel}","templated":true}]}}