{"id":250087,"date":"2023-08-29T08:58:13","date_gmt":"2023-08-29T12:58:13","guid":{"rendered":"https:\/\/www.ocorreionews.com.br\/acervo-correio\/?p=250087"},"modified":"2023-08-30T08:59:46","modified_gmt":"2023-08-30T12:59:46","slug":"prefeitura-de-chapadao-do-sul-lanca-roda-de-conversa-com-as-gestantes","status":"publish","type":"post","link":"https:\/\/www.ocorreionews.com.br\/acervo-correio\/?p=250087","title":{"rendered":"Prefeitura de Chapad\u00e3o do Sul lan\u00e7a \u201cRODA DE CONVERSA COM AS GESTANTES\u201d"},"content":{"rendered":"<p style=\"font-weight: 400;\">A Prefeitura de Chapad\u00e3o do Sul por meio da Secretaria de Sa\u00fade e Secretaria de Assist\u00eancia social torna p\u00fablico o encontro de gestantes em seus respectivos territ\u00f3rios que ocorrer\u00e3o em dois pontos do munic\u00edpio.<\/p>\n<p style=\"font-weight: 400;\">Nossos encontros ocorrer\u00e3o por meio de rodas de conversa e mini palestras com diversos profissionais especializados da Secretaria de Sa\u00fade e Secretaria de Assist\u00eancia Social tais como: Psic\u00f3logos, Assistente Sociais, Enfermeiros, Nutricionistas, Fisioterapeutas, M\u00e9dicos entre outros.\u00a0 Em nossas atividades teremos o objetivo de aproximar os la\u00e7os entre as equipes de assist\u00eancia e sa\u00fade com as gestantes, bem como promo\u00e7\u00e3o de sa\u00fade e possibilitar orienta\u00e7\u00f5es referentes aos cuidados da gesta\u00e7\u00e3o, desenvolvimento do beb\u00ea no primeiro ano de vida e da gesta\u00e7\u00e3o, planejamento familiar e financeiro, sa\u00fade alimentar, sa\u00fade mental na gesta\u00e7\u00e3o, promo\u00e7\u00e3o do v\u00ednculo familiar e rede de apoio, diabetes gestacional dentre outros temas que sejam do interesse das mam\u00e3es.<\/p>\n<p style=\"font-weight: 400;\">Em todos os nossos encontros celebraremos a presen\u00e7a das mam\u00e3es em um delicioso\u00a0 cofee break e no \u00faltimo encontro teremos um festivo bingo entre as gestantes, bem como a distribui\u00e7\u00f5es de kits de auto cuidado para as futuras mam\u00e3es.<\/p>\n<p style=\"font-weight: 400;\">Se voc\u00ea que \u00e9 gestante se interessou pelos temas e tem vontade de participar conosco estaremos reunidos nos seguintes locais:<\/p>\n<ol>\n<li style=\"font-weight: 400;\">Centro de Educa\u00e7\u00e3o Nossa Senhora das Gra\u00e7as, na rua Campo Grande, 756, os encontros ser\u00e3o quinzenais a partir do dia 30\/08 \u00e0s 13:30 (MS). Se voc\u00ea tiver interesse segue o link para inscri\u00e7\u00e3o:\u00a0<a href=\"https:\/\/forms.gle\/8Edj4nQ9kHnLFVWF7\">https:\/\/forms.gle\/8Edj4nQ9kHnLFVWF7<\/a><\/li>\n<\/ol>\n<p style=\"font-weight: 400;\">\n<ol start=\"2\">\n<li style=\"font-weight: 400;\">Unidade de sa\u00fade Planalto na Av. Planalto 508, os encontros ser\u00e3o quinzenais e ocorrer\u00e3o a partir do dia 31\/08 \u00e0s 13:30 (MS). Se voc\u00ea tiver interesse segue o link para inscri\u00e7\u00e3o:\u00a0<a href=\"https:\/\/forms.gle\/e2cA9DZmUtsTumGFA\">https:\/\/forms.gle\/e2cA9DZmUtsTumGFA<\/a><\/li>\n<\/ol>\n<p style=\"font-weight: 400;\">\n<p style=\"font-weight: 400;\">Para mais informa\u00e7\u00f5es procure a sua Unidade de Sa\u00fade. Convide seu parceiro e familiares que estar\u00e3o com voc\u00ea na chegada de seu beb\u00ea para participarem destes encontros.<\/p>\n<p><img decoding=\"async\" src=\"http:\/\/www.chapadaodosul.ms.gov.br\/admin\/arquivos\/imagem\/Imagem%20do%20WhatsApp%20de%202023-08-28%20%C3%A0(s)%2010.47.48.jpg\" \/><\/p>\n","protected":false},"excerpt":{"rendered":"<p>A Prefeitura de Chapad\u00e3o do Sul por meio da Secretaria de Sa\u00fade e Secretaria de Assist\u00eancia social torna p\u00fablico o encontro de gestantes em seus respectivos territ\u00f3rios que ocorrer\u00e3o em dois pontos do munic\u00edpio. Nossos encontros ocorrer\u00e3o por meio de rodas de conversa e mini palestras com diversos profissionais especializados da Secretaria de Sa\u00fade e [&hellip;]<\/p>\n","protected":false},"author":5,"featured_media":250083,"comment_status":"closed","ping_status":"closed","sticky":false,"template":"","format":"standard","meta":{"footnotes":""},"categories":[23],"tags":[],"class_list":["post-250087","post","type-post","status-publish","format-standard","has-post-thumbnail","hentry","category-chapadao-do-sul"],"_links":{"self":[{"href":"https:\/\/www.ocorreionews.com.br\/acervo-correio\/index.php?rest_route=\/wp\/v2\/posts\/250087","targetHints":{"allow":["GET"]}}],"collection":[{"href":"https:\/\/www.ocorreionews.com.br\/acervo-correio\/index.php?rest_route=\/wp\/v2\/posts"}],"about":[{"href":"https:\/\/www.ocorreionews.com.br\/acervo-correio\/index.php?rest_route=\/wp\/v2\/types\/post"}],"author":[{"embeddable":true,"href":"https:\/\/www.ocorreionews.com.br\/acervo-correio\/index.php?rest_route=\/wp\/v2\/users\/5"}],"replies":[{"embeddable":true,"href":"https:\/\/www.ocorreionews.com.br\/acervo-correio\/index.php?rest_route=%2Fwp%2Fv2%2Fcomments&post=250087"}],"version-history":[{"count":1,"href":"https:\/\/www.ocorreionews.com.br\/acervo-correio\/index.php?rest_route=\/wp\/v2\/posts\/250087\/revisions"}],"predecessor-version":[{"id":250088,"href":"https:\/\/www.ocorreionews.com.br\/acervo-correio\/index.php?rest_route=\/wp\/v2\/posts\/250087\/revisions\/250088"}],"wp:featuredmedia":[{"embeddable":true,"href":"https:\/\/www.ocorreionews.com.br\/acervo-correio\/index.php?rest_route=\/wp\/v2\/media\/250083"}],"wp:attachment":[{"href":"https:\/\/www.ocorreionews.com.br\/acervo-correio\/index.php?rest_route=%2Fwp%2Fv2%2Fmedia&parent=250087"}],"wp:term":[{"taxonomy":"category","embeddable":true,"href":"https:\/\/www.ocorreionews.com.br\/acervo-correio\/index.php?rest_route=%2Fwp%2Fv2%2Fcategories&post=250087"},{"taxonomy":"post_tag","embeddable":true,"href":"https:\/\/www.ocorreionews.com.br\/acervo-correio\/index.php?rest_route=%2Fwp%2Fv2%2Ftags&post=250087"}],"curies":[{"name":"wp","href":"https:\/\/api.w.org\/{rel}","templated":true}]}}