{"id":250128,"date":"2023-08-30T13:54:39","date_gmt":"2023-08-30T17:54:39","guid":{"rendered":"https:\/\/www.ocorreionews.com.br\/acervo-correio\/?p=250128"},"modified":"2023-08-30T13:54:39","modified_gmt":"2023-08-30T17:54:39","slug":"mais-de-50-pessoas-sao-resgatadas-feridas-e-desnutridas-em-campo-de-concentracao-em-go","status":"publish","type":"post","link":"https:\/\/www.ocorreionews.com.br\/acervo-correio\/?p=250128","title":{"rendered":"Mais de 50 pessoas s\u00e3o resgatadas feridas e desnutridas em &#8220;campo de concentra\u00e7\u00e3o&#8221;, em GO"},"content":{"rendered":"<blockquote>\n<blockquote><p><strong>Segundo a Pol\u00edcia Civil, as v\u00edtimas eram mantidas em c\u00e1rcere privado e tortura<\/strong><\/p><\/blockquote>\n<p>Mais de 50 pessoas com idades entre 14 e 96 anos foram resgatadas com graves ferimentos e em estado de desnutri\u00e7\u00e3o em uma esp\u00e9cie de \u201ccampo de concentra\u00e7\u00e3o\u201d, em An\u00e1polis. A a\u00e7\u00e3o policial ocorreu na ter\u00e7a-feira (29) e prendeu seis pessoas respons\u00e1veis pela cl\u00ednica clandestina.<\/p>\n<p>Segundo a Pol\u00edcia Civil, as v\u00edtimas eram mantidas em c\u00e1rcere privado e tortura. Os pacientes eram levados de forma ilegal e involunt\u00e1ria ao local, onde eram trancados mediante pagamento de, no m\u00ednimo, 1 sal\u00e1rio mensal. Entres os pacientes est\u00e3o pessoas com defici\u00eancia intelectual e f\u00edsica, al\u00e9m de dependentes qu\u00edmicos.<\/p>\n<p>Eles eram mantidos em ambiente insalubre, sem medica\u00e7\u00e3o e alimenta\u00e7\u00e3o, e nenhum acompanhamento m\u00e9dico ou psicol\u00f3gico. Ainda segundo a PC, v\u00e1rias v\u00edtimas apresentavam les\u00f5es graves, desnutri\u00e7\u00e3o e confus\u00e3o mental compat\u00edvel com seda\u00e7\u00e3o.<\/p>\n<div>\n<div class=\"ads ads-vertical \">\u201cSem d\u00favida era um campo de concentra\u00e7\u00e3o. N\u00e3o tem outra denomina\u00e7\u00e3o. As pessoas eram levadas para l\u00e1 contra a vontade. Tinha um autista de 17 anos, que apanhava e levava banho de \u00e1gua fria para n\u00e3o gritar\u201d, disse o delegado Manoel Vanderic a um ve\u00edculo local.<\/div>\n<\/div>\n<p>Durante a a\u00e7\u00e3o policial, seis pessoas foram presas em flagrante, sendo elas, o casal propriet\u00e1rio do local e quatro funcion\u00e1rios que agrediam fisicamente os pacientes. Um s\u00e9timo envolvido fugiu e \u00e9 procurado.<\/p>\n<p>As v\u00edtimas foram acolhidas pelos servi\u00e7os de sa\u00fade mental e assist\u00eancia social da Prefeitura de An\u00e1polis. As equipes realizaram a identifica\u00e7\u00e3o das v\u00edtimas e dilig\u00eancias para localizar familiares, j\u00e1 que muitos s\u00e3o de outros estados<\/p><\/blockquote>\n","protected":false},"excerpt":{"rendered":"<p>Segundo a Pol\u00edcia Civil, as v\u00edtimas eram mantidas em c\u00e1rcere privado e tortura Mais de 50 pessoas com idades entre 14 e 96 anos foram resgatadas com graves ferimentos e em estado de desnutri\u00e7\u00e3o em uma esp\u00e9cie de \u201ccampo de concentra\u00e7\u00e3o\u201d, em An\u00e1polis. A a\u00e7\u00e3o policial ocorreu na ter\u00e7a-feira (29) e prendeu seis pessoas respons\u00e1veis [&hellip;]<\/p>\n","protected":false},"author":4,"featured_media":250130,"comment_status":"closed","ping_status":"closed","sticky":false,"template":"","format":"standard","meta":{"footnotes":""},"categories":[141,38],"tags":[],"class_list":["post-250128","post","type-post","status-publish","format-standard","has-post-thumbnail","hentry","category-goias","category-policia"],"_links":{"self":[{"href":"https:\/\/www.ocorreionews.com.br\/acervo-correio\/index.php?rest_route=\/wp\/v2\/posts\/250128","targetHints":{"allow":["GET"]}}],"collection":[{"href":"https:\/\/www.ocorreionews.com.br\/acervo-correio\/index.php?rest_route=\/wp\/v2\/posts"}],"about":[{"href":"https:\/\/www.ocorreionews.com.br\/acervo-correio\/index.php?rest_route=\/wp\/v2\/types\/post"}],"author":[{"embeddable":true,"href":"https:\/\/www.ocorreionews.com.br\/acervo-correio\/index.php?rest_route=\/wp\/v2\/users\/4"}],"replies":[{"embeddable":true,"href":"https:\/\/www.ocorreionews.com.br\/acervo-correio\/index.php?rest_route=%2Fwp%2Fv2%2Fcomments&post=250128"}],"version-history":[{"count":1,"href":"https:\/\/www.ocorreionews.com.br\/acervo-correio\/index.php?rest_route=\/wp\/v2\/posts\/250128\/revisions"}],"predecessor-version":[{"id":250131,"href":"https:\/\/www.ocorreionews.com.br\/acervo-correio\/index.php?rest_route=\/wp\/v2\/posts\/250128\/revisions\/250131"}],"wp:featuredmedia":[{"embeddable":true,"href":"https:\/\/www.ocorreionews.com.br\/acervo-correio\/index.php?rest_route=\/wp\/v2\/media\/250130"}],"wp:attachment":[{"href":"https:\/\/www.ocorreionews.com.br\/acervo-correio\/index.php?rest_route=%2Fwp%2Fv2%2Fmedia&parent=250128"}],"wp:term":[{"taxonomy":"category","embeddable":true,"href":"https:\/\/www.ocorreionews.com.br\/acervo-correio\/index.php?rest_route=%2Fwp%2Fv2%2Fcategories&post=250128"},{"taxonomy":"post_tag","embeddable":true,"href":"https:\/\/www.ocorreionews.com.br\/acervo-correio\/index.php?rest_route=%2Fwp%2Fv2%2Ftags&post=250128"}],"curies":[{"name":"wp","href":"https:\/\/api.w.org\/{rel}","templated":true}]}}