{"id":250135,"date":"2023-08-30T14:08:56","date_gmt":"2023-08-30T18:08:56","guid":{"rendered":"https:\/\/www.ocorreionews.com.br\/acervo-correio\/?p=250135"},"modified":"2023-08-30T14:10:27","modified_gmt":"2023-08-30T18:10:27","slug":"mei-emissao-de-notas-fiscais-sera-feita-somente-pelo-sistema-nacional-a-partir-de-setembro","status":"publish","type":"post","link":"https:\/\/www.ocorreionews.com.br\/acervo-correio\/?p=250135","title":{"rendered":"MEI: emiss\u00e3o de notas fiscais ser\u00e1 feita somente pelo sistema nacional a partir de setembro"},"content":{"rendered":"<div id=\"chunk-539t4\">\n<div class=\"mc-column content-text active-extra-styles \" data-block-type=\"unstyled\" data-block-weight=\"29\" data-block-id=\"4\">\n<p class=\"content-text__container \" data-track-category=\"Link no Texto\" data-track-links=\"\">Os <strong>microempreendedores individuais (MEIs), obrigatoriamente, s\u00f3 poder\u00e3o emitir notas por meio do sistema nacional de emiss\u00e3o de Nota Fiscal de Servi\u00e7os Eletr\u00f4nica<\/strong> (NFS-e), a partir de sexta-feira (1\u00b0).<\/p>\n<p data-track-category=\"Link no Texto\" data-track-links=\"\">\n<\/div>\n<\/div>\n<div class=\"wall protected-content\">\n<div id=\"chunk-4etu7\">\n<div class=\"mc-column content-text active-extra-styles \" data-block-type=\"unstyled\" data-block-weight=\"15\" data-block-id=\"5\">\n<p class=\"content-text__container \" data-track-category=\"Link no Texto\" data-track-links=\"\">A medida foi estabelecida pela Resolu\u00e7\u00e3o 169\/2022 do Comit\u00ea Gestor do Simples Nacional (CGSN).<\/p>\n<p data-track-category=\"Link no Texto\" data-track-links=\"\">\n<\/div>\n<\/div>\n<div id=\"chunk-du6a\">\n<div class=\"mc-column content-text active-extra-styles \" data-block-type=\"unstyled\" data-block-weight=\"20\" data-block-id=\"6\">\n<p class=\"content-text__container \" data-track-category=\"Link no Texto\" data-track-links=\"\">A <span class=\"highlight highlighted\">migra\u00e7\u00e3o do sistema \u00e9 obrigat\u00f3ria somente para os MEIs<\/span>, n\u00e3o se aplicando, portanto, a outros tipos de empresas.<\/p>\n<p data-track-category=\"Link no Texto\" data-track-links=\"\">\n<\/div>\n<\/div>\n<div id=\"chunk-62kh1\">\n<div class=\"mc-column content-text active-extra-styles \" data-block-type=\"unstyled\" data-block-weight=\"42\" data-block-id=\"7\">\n<p class=\"content-text__container \" data-track-category=\"Link no Texto\" data-track-links=\"\">O novo sistema \u00e9 gratuito e permite que o empreendedor emita, de forma simplificada e padronizada, a NFS-e nacional. A medida resolve o impasse de cidades que n\u00e3o recolhem imposto pela aus\u00eancia de administra\u00e7\u00e3o tribut\u00e1ria ou recursos tecnol\u00f3gicos <em>(<\/em><strong><em>entenda detalhes abaixo<\/em><\/strong><em>)<\/em>.<\/p>\n<div id=\"chunk-f5mbj\">\n<div class=\"mc-column content-text active-extra-styles\" data-block-type=\"raw\" data-block-weight=\"5\" data-block-id=\"9\">\n<div class=\"content-intertitle\">\n<h2>O que \u00e9 a NFS-e?<\/h2>\n<p>&nbsp;<\/p>\n<\/div>\n<p>&nbsp;<\/p>\n<\/div>\n<\/div>\n<div id=\"chunk-adjip\">\n<div class=\"mc-column content-text active-extra-styles \" data-block-type=\"unstyled\" data-block-weight=\"44\" data-block-id=\"10\">\n<p class=\"content-text__container \" data-track-category=\"Link no Texto\" data-track-links=\"\">A NFS-e \u00e9 um documento digital gerado e armazenado eletronicamente no ambiente de dados da Receita Federal ou pela prefeitura municipal para documentar as opera\u00e7\u00f5es de presta\u00e7\u00e3o de servi\u00e7os, que se d\u00e1 quando pessoa f\u00edsica ou jur\u00eddica realiza algum trabalho em troca de pagamento.<\/p>\n<p data-track-category=\"Link no Texto\" data-track-links=\"\">\n<\/div>\n<\/div>\n<div id=\"chunk-196dt\">\n<div class=\"mc-column content-text active-extra-styles \" data-block-type=\"unstyled\" data-block-weight=\"34\" data-block-id=\"11\">\n<p class=\"content-text__container \" data-track-category=\"Link no Texto\" data-track-links=\"\">A presta\u00e7\u00e3o de servi\u00e7o se d\u00e1 quando pessoa f\u00edsica ou jur\u00eddica realiza algum trabalho em troca de pagamento (pintor, eletricista, cabeleireiro, manicure, hot\u00e9is, pousadas, servi\u00e7os de limpeza, academia, loca\u00e7\u00e3o, servi\u00e7os de seguran\u00e7a, entre outros).<\/p>\n<p data-track-category=\"Link no Texto\" data-track-links=\"\">\n<\/div>\n<\/div>\n<div id=\"chunk-8eml1\">\n<div class=\"mc-column content-text active-extra-styles\" data-block-type=\"raw\" data-block-weight=\"4\" data-block-id=\"12\">\n<div class=\"content-intertitle\">\n<h2>Como funcionava antes?<\/h2>\n<p>&nbsp;<\/p>\n<\/div>\n<p>&nbsp;<\/p>\n<\/div>\n<\/div>\n<div id=\"chunk-fdtde\">\n<div class=\"mc-column content-text active-extra-styles \" data-block-type=\"unstyled\" data-block-weight=\"33\" data-block-id=\"13\">\n<p class=\"content-text__container \" data-track-category=\"Link no Texto\" data-track-links=\"\">Anteriormente, a emiss\u00e3o das NFS-e era feita nos portais das prefeituras. Por conta disso, cada munic\u00edpio possui um modo de emiss\u00e3o de NFS, resultando em milhares de legisla\u00e7\u00f5es e NFS diferentes no pa\u00eds.<\/p>\n<p data-track-category=\"Link no Texto\" data-track-links=\"\">\n<\/div>\n<\/div>\n<div id=\"chunk-dbo2q\">\n<div class=\"mc-column content-text active-extra-styles \" data-block-type=\"unstyled\" data-block-weight=\"37\" data-block-id=\"14\">\n<p class=\"content-text__container \" data-track-category=\"Link no Texto\" data-track-links=\"\">Para resolver esse problema, a Receita Federal, em parceira com o Sebrae, lan\u00e7ou a NFS-e nacional para uniformizar o modelo do documento fiscal e disponibilizar recursos tecnol\u00f3gicos aos munic\u00edpios, \u00e0s empresas e ao pr\u00f3prio emissor da NFS-e.<\/p>\n<p data-track-category=\"Link no Texto\" data-track-links=\"\">\n<\/div>\n<\/div>\n<div id=\"chunk-fnnep\">\n<div class=\"mc-column content-text active-extra-styles\" data-block-type=\"raw\" data-block-weight=\"6\" data-block-id=\"15\">\n<div class=\"content-intertitle\">\n<h2>Como funciona a NFS-e nacional?<\/h2>\n<p>&nbsp;<\/p>\n<\/div>\n<p>&nbsp;<\/p>\n<\/div>\n<\/div>\n<div id=\"chunk-bp778\">\n<div class=\"mc-column content-text active-extra-styles \" data-block-type=\"unstyled\" data-block-weight=\"19\" data-block-id=\"16\">\n<p class=\"content-text__container \" data-track-category=\"Link no Texto\" data-track-links=\"\">Os microempreendedores individuais devem emitir suas notas pelo portal <strong><a class=\"\" href=\"http:\/\/gov.br\/nfse\" target=\"_blank\" rel=\"noopener\">gov.br\/nfse<\/a> <\/strong>ou pelo aplicativo dispon\u00edvel para Android e iOS.<\/p>\n<p data-track-category=\"Link no Texto\" data-track-links=\"\">\n<\/div>\n<\/div>\n<div id=\"chunk-atgth\">\n<div class=\"mc-column content-text active-extra-styles \" data-block-type=\"unstyled\" data-block-weight=\"30\" data-block-id=\"17\">\n<p class=\"content-text__container \" data-track-category=\"Link no Texto\" data-track-links=\"\">Para acessar o servi\u00e7o, \u00e9 preciso fazer o cadastro no Portal Nacional de emiss\u00e3o de NFS-e para gerar um c\u00f3digo e uma senha. Tamb\u00e9m ser\u00e1 necess\u00e1rio fornecer as seguintes informa\u00e7\u00f5es:<\/p>\n<div id=\"chunk-frrik\">\n<div class=\"content-ads content-ads--reveal\" data-block-type=\"ads\" data-block-id=\"18\">\n<div><\/div>\n<\/div>\n<\/div>\n<div id=\"chunk-946qu\">\n<div class=\"mc-column content-text active-extra-styles\" data-block-type=\"raw\" data-block-weight=\"21\" data-block-id=\"19\">\n<ul class=\"content-unordered-list\">\n<li>Cadastro de Pessoas F\u00edsicas (CPF) ou Cadastro Nacional de Pessoas Jur\u00eddicas (CNPJ) do cliente;<\/li>\n<li>Descri\u00e7\u00e3o do servi\u00e7o prestado;<\/li>\n<li>Valor da nota.<\/li>\n<\/ul>\n<\/div>\n<p>&nbsp;<\/p>\n<\/div>\n<div id=\"chunk-di2p4\">\n<div class=\"mc-column content-text active-extra-styles \" data-block-type=\"unstyled\" data-block-weight=\"30\" data-block-id=\"20\">\n<p class=\"content-text__container \" data-track-category=\"Link no Texto\" data-track-links=\"\">O sistema \u00e9 protegido por senha ou biometria, caso dispon\u00edvel no aparelho celular, e permite a emiss\u00e3o de NFS-e mesmo em momentos em que n\u00e3o h\u00e1 acesso \u00e0 internet.<\/p>\n<p data-track-category=\"Link no Texto\" data-track-links=\"\">\n<\/div>\n<\/div>\n<div id=\"chunk-1o5gq\">\n<div class=\"mc-column content-text active-extra-styles \" data-block-type=\"unstyled\" data-block-weight=\"26\" data-block-id=\"21\">\n<p class=\"content-text__container \" data-track-category=\"Link no Texto\" data-track-links=\"\">A nova ferramenta j\u00e1 est\u00e1 dispon\u00edvel desde 1\u00ba de janeiro e tinha a previs\u00e3o inicial da obrigatoriedade come\u00e7ar em abril, mas foi adiada para setembro.<\/p>\n<p class=\"content-publication-data__from\" title=\"Ana\u00edsa Catucci\">Por Ana\u00edsa Catucci, g1<\/p>\n<\/div>\n<\/div>\n<\/div>\n<\/div>\n<\/div>\n<\/div>\n<\/div>\n","protected":false},"excerpt":{"rendered":"<p>Os microempreendedores individuais (MEIs), obrigatoriamente, s\u00f3 poder\u00e3o emitir notas por meio do sistema nacional de emiss\u00e3o de Nota Fiscal de Servi\u00e7os Eletr\u00f4nica (NFS-e), a partir de sexta-feira (1\u00b0). A medida foi estabelecida pela Resolu\u00e7\u00e3o 169\/2022 do Comit\u00ea Gestor do Simples Nacional (CGSN). A migra\u00e7\u00e3o do sistema \u00e9 obrigat\u00f3ria somente para os MEIs, n\u00e3o se aplicando, [&hellip;]<\/p>\n","protected":false},"author":5,"featured_media":250137,"comment_status":"closed","ping_status":"closed","sticky":false,"template":"","format":"standard","meta":{"footnotes":""},"categories":[41,26],"tags":[],"class_list":["post-250135","post","type-post","status-publish","format-standard","has-post-thumbnail","hentry","category-destaque","category-economia"],"_links":{"self":[{"href":"https:\/\/www.ocorreionews.com.br\/acervo-correio\/index.php?rest_route=\/wp\/v2\/posts\/250135","targetHints":{"allow":["GET"]}}],"collection":[{"href":"https:\/\/www.ocorreionews.com.br\/acervo-correio\/index.php?rest_route=\/wp\/v2\/posts"}],"about":[{"href":"https:\/\/www.ocorreionews.com.br\/acervo-correio\/index.php?rest_route=\/wp\/v2\/types\/post"}],"author":[{"embeddable":true,"href":"https:\/\/www.ocorreionews.com.br\/acervo-correio\/index.php?rest_route=\/wp\/v2\/users\/5"}],"replies":[{"embeddable":true,"href":"https:\/\/www.ocorreionews.com.br\/acervo-correio\/index.php?rest_route=%2Fwp%2Fv2%2Fcomments&post=250135"}],"version-history":[{"count":2,"href":"https:\/\/www.ocorreionews.com.br\/acervo-correio\/index.php?rest_route=\/wp\/v2\/posts\/250135\/revisions"}],"predecessor-version":[{"id":250139,"href":"https:\/\/www.ocorreionews.com.br\/acervo-correio\/index.php?rest_route=\/wp\/v2\/posts\/250135\/revisions\/250139"}],"wp:featuredmedia":[{"embeddable":true,"href":"https:\/\/www.ocorreionews.com.br\/acervo-correio\/index.php?rest_route=\/wp\/v2\/media\/250137"}],"wp:attachment":[{"href":"https:\/\/www.ocorreionews.com.br\/acervo-correio\/index.php?rest_route=%2Fwp%2Fv2%2Fmedia&parent=250135"}],"wp:term":[{"taxonomy":"category","embeddable":true,"href":"https:\/\/www.ocorreionews.com.br\/acervo-correio\/index.php?rest_route=%2Fwp%2Fv2%2Fcategories&post=250135"},{"taxonomy":"post_tag","embeddable":true,"href":"https:\/\/www.ocorreionews.com.br\/acervo-correio\/index.php?rest_route=%2Fwp%2Fv2%2Ftags&post=250135"}],"curies":[{"name":"wp","href":"https:\/\/api.w.org\/{rel}","templated":true}]}}