{"id":250140,"date":"2023-08-30T14:29:23","date_gmt":"2023-08-30T18:29:23","guid":{"rendered":"https:\/\/www.ocorreionews.com.br\/acervo-correio\/?p=250140"},"modified":"2023-08-30T14:29:23","modified_gmt":"2023-08-30T18:29:23","slug":"trabalhador-atacado-por-onca-em-ms-diz-que-nasceu-de-novo","status":"publish","type":"post","link":"https:\/\/www.ocorreionews.com.br\/acervo-correio\/?p=250140","title":{"rendered":"Trabalhador atacado por on\u00e7a em MS diz que \u201cnasceu de novo\u201d"},"content":{"rendered":"<p>O trabalhador rural Rodrigo Campos, de 40 anos, atacado por on\u00e7a-pintada, na Fazenda S\u00e3o Louren\u00e7o, na regi\u00e3o do Paiagu\u00e1s de Corumb\u00e1, se recupera na Santa Casa da cidade. Ele faz anivers\u00e1rio na sexta-feira (1\u00ba) e afirma estar grato a Deus: &#8220;Nasci de novo&#8221;.<\/p>\n<p>Ao site Di\u00e1rio Corumbaense, Rodrigo contou que s\u00f3 sobreviveu gra\u00e7as ao companheiro de lida que estava com ele na hora que foi surpreendido pelo animal. Rodrigo trabalha na fazenda h\u00e1 tr\u00eas anos, e antes do ataque, na tarde de segunda-feira (28), os dois estavam consertando cerca na propriedade rural, quando escutaram os cachorros latindo.<\/p>\n<p>Eles ent\u00e3o foram ver o que era e deram de cara com a on\u00e7a. \u201cQuando ela viu a gente, j\u00e1 veio para cima. Sa\u00edmos correndo, mas quando percebi que ia me alcan\u00e7ar, rapidamente, virei de frente para ela, pois se estivesse de costas, com certeza ela pegaria a minha nuca ou pesco\u00e7o. Foi quando ela pegou um bra\u00e7o, depois o outro. Eu estava com uma faca nas m\u00e3os, mas devido ao peso dela, a faca escapou. A partir da\u00ed, s\u00f3 pensava que n\u00e3o iria sobreviver\u201d, disse Rodrigo.<\/p>\n<figure style=\"width: 631px\" class=\"wp-caption aligncenter\"><img loading=\"lazy\" decoding=\"async\" class=\"img-fluid\" src=\"https:\/\/cdn6.campograndenews.com.br\/uploads\/noticias\/2023\/08\/30\/1eig437eaeoow.png\" sizes=\"auto, (min-width: 1024px) calc(.5 * (100vw - 21.875em)), 100vw\" srcset=\"https:\/\/cdn6.campograndenews.com.br\/uploads\/noticias\/2023\/08\/30\/2cmw0cus9sw0s.png 1024w, https:\/\/cdn6.campograndenews.com.br\/uploads\/noticias\/2023\/08\/30\/365f3p1zk84kk.png 640w, https:\/\/cdn6.campograndenews.com.br\/uploads\/noticias\/2023\/08\/30\/1eig437eaeoow.png 320w\" alt=\"Trabalhador rural recebendo os primeiros socorros da equipe dos bombeiros (Foto: Divulga\u00e7\u00e3o\/CBMMS)\" width=\"631\" height=\"412\" \/><figcaption class=\"wp-caption-text\">Trabalhador rural recebendo os primeiros socorros da equipe dos bombeiros (Foto: Divulga\u00e7\u00e3o\/CBMMS)<\/figcaption><\/figure>\n<p>&nbsp;<\/p>\n<p>Corajoso foi o colega de trabalho da v\u00edtima, que atingiu o animal com uma faca, cessando o ataque. \u201cMeu amigo, ao perceber que ela estava em cima de mim, voltou r\u00e1pido e com uma faca a atingiu\u201d, relatou.<\/p>\n<p>Outra situa\u00e7\u00e3o que tamb\u00e9m fez com que a on\u00e7a parasse com o ataque foi a explos\u00e3o do celular de Rodrigo. \u201cEla mordia a minha perna, mas como meu celular estava no bolso, atingiu ele e o aparelho explodiu. Foi por causa disso e a r\u00e1pida a\u00e7\u00e3o do meu amigo que estou vivo&#8221;, destacou.<\/p>\n<p>No ataque, o trabalhador rural fraturou os dois bra\u00e7os, teve ferimentos lacerantes, mordidas na perna direita e cortes na cabe\u00e7a por causa dos arranh\u00f5es da on\u00e7a. Tamb\u00e9m sofreu queimadura na regi\u00e3o da coxa da perna direita, devido \u00e0 explos\u00e3o do celular.<\/p>\n<p>Rodrigo passou pelos procedimentos emergenciais e est\u00e1 internado na enfermaria ortop\u00e9dica da Santa Casa. As les\u00f5es foram mais graves nos bra\u00e7os, o direito \u00e9 o mais lesionado. Ele est\u00e1 ansioso para receber alta e garante que vai tomar mais cuidado ao voltar para o trabalho.<\/p>\n<p><strong>Caso &#8211;<\/strong> O grupamento de Opera\u00e7\u00f5es A\u00e9reas do Corpo de Bombeiros foi acionado para socorrer a v\u00edtima e quando chegaram ao local, encontraram o trabalhador rural com os dois bra\u00e7os quebrados e com cortes, a perna direita tamb\u00e9m estava com marcas de mordidas. O homem ainda tinha cortes na cabe\u00e7a, por causa dos arranh\u00f5es da on\u00e7a.<\/p>\n<p>Ele foi socorrido em uma aeronave at\u00e9 o aeroporto da cidade e depois levado pelo 3\u00ba Grupamento de Bombeiros at\u00e9 o pronto-socorro, consciente e orientado. O animal acabou fugindo ap\u00f3s o ataque.<\/p>\n<p>&nbsp;<\/p>\n<p>Por Viviane Oliveira &#8211; Campo Grande News<\/p>\n","protected":false},"excerpt":{"rendered":"<p>O trabalhador rural Rodrigo Campos, de 40 anos, atacado por on\u00e7a-pintada, na Fazenda S\u00e3o Louren\u00e7o, na regi\u00e3o do Paiagu\u00e1s de Corumb\u00e1, se recupera na Santa Casa da cidade. Ele faz anivers\u00e1rio na sexta-feira (1\u00ba) e afirma estar grato a Deus: &#8220;Nasci de novo&#8221;. Ao site Di\u00e1rio Corumbaense, Rodrigo contou que s\u00f3 sobreviveu gra\u00e7as ao companheiro [&hellip;]<\/p>\n","protected":false},"author":5,"featured_media":250141,"comment_status":"closed","ping_status":"closed","sticky":false,"template":"","format":"standard","meta":{"footnotes":""},"categories":[31],"tags":[],"class_list":["post-250140","post","type-post","status-publish","format-standard","has-post-thumbnail","hentry","category-geral"],"_links":{"self":[{"href":"https:\/\/www.ocorreionews.com.br\/acervo-correio\/index.php?rest_route=\/wp\/v2\/posts\/250140","targetHints":{"allow":["GET"]}}],"collection":[{"href":"https:\/\/www.ocorreionews.com.br\/acervo-correio\/index.php?rest_route=\/wp\/v2\/posts"}],"about":[{"href":"https:\/\/www.ocorreionews.com.br\/acervo-correio\/index.php?rest_route=\/wp\/v2\/types\/post"}],"author":[{"embeddable":true,"href":"https:\/\/www.ocorreionews.com.br\/acervo-correio\/index.php?rest_route=\/wp\/v2\/users\/5"}],"replies":[{"embeddable":true,"href":"https:\/\/www.ocorreionews.com.br\/acervo-correio\/index.php?rest_route=%2Fwp%2Fv2%2Fcomments&post=250140"}],"version-history":[{"count":1,"href":"https:\/\/www.ocorreionews.com.br\/acervo-correio\/index.php?rest_route=\/wp\/v2\/posts\/250140\/revisions"}],"predecessor-version":[{"id":250142,"href":"https:\/\/www.ocorreionews.com.br\/acervo-correio\/index.php?rest_route=\/wp\/v2\/posts\/250140\/revisions\/250142"}],"wp:featuredmedia":[{"embeddable":true,"href":"https:\/\/www.ocorreionews.com.br\/acervo-correio\/index.php?rest_route=\/wp\/v2\/media\/250141"}],"wp:attachment":[{"href":"https:\/\/www.ocorreionews.com.br\/acervo-correio\/index.php?rest_route=%2Fwp%2Fv2%2Fmedia&parent=250140"}],"wp:term":[{"taxonomy":"category","embeddable":true,"href":"https:\/\/www.ocorreionews.com.br\/acervo-correio\/index.php?rest_route=%2Fwp%2Fv2%2Fcategories&post=250140"},{"taxonomy":"post_tag","embeddable":true,"href":"https:\/\/www.ocorreionews.com.br\/acervo-correio\/index.php?rest_route=%2Fwp%2Fv2%2Ftags&post=250140"}],"curies":[{"name":"wp","href":"https:\/\/api.w.org\/{rel}","templated":true}]}}