{"id":250145,"date":"2023-08-30T15:27:49","date_gmt":"2023-08-30T19:27:49","guid":{"rendered":"https:\/\/www.ocorreionews.com.br\/acervo-correio\/?p=250145"},"modified":"2023-08-30T15:29:40","modified_gmt":"2023-08-30T19:29:40","slug":"assinada-ordem-de-servico-para-inicio-das-obras-do-salao-de-eventos-de-paraiso-das-aguas","status":"publish","type":"post","link":"https:\/\/www.ocorreionews.com.br\/acervo-correio\/?p=250145","title":{"rendered":"Assinada ordem de servi\u00e7o para in\u00edcio das obras do Sal\u00e3o de Eventos de Para\u00edso das \u00c1guas"},"content":{"rendered":"<p>O prefeito An\u00edzio Andrade, acompanhado de secret\u00e1rios e vereadores, assinou na manh\u00e3 desta quarta-feira (30) a Ordem de Servi\u00e7o para o in\u00edcio das obras da constru\u00e7\u00e3o do Sal\u00e3o de Eventos Multiuso de Para\u00edso das \u00c1guas.<\/p>\n<p>A obra custar\u00e1 cerca de 2.6 milh\u00f5es de reais, recursos pr\u00f3prios do munic\u00edpio. O espa\u00e7o com mais de 1000 metros quadrados contar\u00e1 com palco, sal\u00e3o, camarins, cozinha, e demais depend\u00eancias.<\/p>\n<p><img loading=\"lazy\" decoding=\"async\" class=\"lb-image aligncenter\" src=\"https:\/\/www.paraisodasaguas.ms.gov.br\/uploads\/noticia\/whatsapp-image-2023-08-30-at-142238.jpeg\" width=\"652\" height=\"294\" \/><\/p>\n<p>\u201cEsta \u00e9 mais uma conquista do povo paraisense que est\u00e1 para sair do papel. O centro ser\u00e1 um local apropriado e confort\u00e1vel para receber grandes eventos em nosso munic\u00edpio. Os eventos trazem p\u00fablico, o p\u00fablico gasta seu dinheiro e movimenta a economia local, seja no com\u00e9rcio, nos hot\u00e9is e pousadas, e nos demais servi\u00e7os. Todos saem ganhando\u201d, afirmou o prefeito.<\/p>\n<p>Estiveram presentes os vereadores: Edson da Oficina (presidente da c\u00e2mara), Professor Leonardo, Ronaldo Paniago e Jos\u00e9 Divino.<\/p>\n<p><img loading=\"lazy\" decoding=\"async\" class=\"lb-image aligncenter\" src=\"https:\/\/www.paraisodasaguas.ms.gov.br\/uploads\/noticia\/02.png\" width=\"642\" height=\"482\" \/><\/p>\n<p>&nbsp;<\/p>\n<p>*Assessoria de Imprensa<\/p>\n","protected":false},"excerpt":{"rendered":"<p>O prefeito An\u00edzio Andrade, acompanhado de secret\u00e1rios e vereadores, assinou na manh\u00e3 desta quarta-feira (30) a Ordem de Servi\u00e7o para o in\u00edcio das obras da constru\u00e7\u00e3o do Sal\u00e3o de Eventos Multiuso de Para\u00edso das \u00c1guas. A obra custar\u00e1 cerca de 2.6 milh\u00f5es de reais, recursos pr\u00f3prios do munic\u00edpio. O espa\u00e7o com mais de 1000 metros [&hellip;]<\/p>\n","protected":false},"author":5,"featured_media":250146,"comment_status":"closed","ping_status":"closed","sticky":false,"template":"","format":"standard","meta":{"footnotes":""},"categories":[41,36],"tags":[],"class_list":["post-250145","post","type-post","status-publish","format-standard","has-post-thumbnail","hentry","category-destaque","category-paraiso-das-aguas"],"_links":{"self":[{"href":"https:\/\/www.ocorreionews.com.br\/acervo-correio\/index.php?rest_route=\/wp\/v2\/posts\/250145","targetHints":{"allow":["GET"]}}],"collection":[{"href":"https:\/\/www.ocorreionews.com.br\/acervo-correio\/index.php?rest_route=\/wp\/v2\/posts"}],"about":[{"href":"https:\/\/www.ocorreionews.com.br\/acervo-correio\/index.php?rest_route=\/wp\/v2\/types\/post"}],"author":[{"embeddable":true,"href":"https:\/\/www.ocorreionews.com.br\/acervo-correio\/index.php?rest_route=\/wp\/v2\/users\/5"}],"replies":[{"embeddable":true,"href":"https:\/\/www.ocorreionews.com.br\/acervo-correio\/index.php?rest_route=%2Fwp%2Fv2%2Fcomments&post=250145"}],"version-history":[{"count":2,"href":"https:\/\/www.ocorreionews.com.br\/acervo-correio\/index.php?rest_route=\/wp\/v2\/posts\/250145\/revisions"}],"predecessor-version":[{"id":250148,"href":"https:\/\/www.ocorreionews.com.br\/acervo-correio\/index.php?rest_route=\/wp\/v2\/posts\/250145\/revisions\/250148"}],"wp:featuredmedia":[{"embeddable":true,"href":"https:\/\/www.ocorreionews.com.br\/acervo-correio\/index.php?rest_route=\/wp\/v2\/media\/250146"}],"wp:attachment":[{"href":"https:\/\/www.ocorreionews.com.br\/acervo-correio\/index.php?rest_route=%2Fwp%2Fv2%2Fmedia&parent=250145"}],"wp:term":[{"taxonomy":"category","embeddable":true,"href":"https:\/\/www.ocorreionews.com.br\/acervo-correio\/index.php?rest_route=%2Fwp%2Fv2%2Fcategories&post=250145"},{"taxonomy":"post_tag","embeddable":true,"href":"https:\/\/www.ocorreionews.com.br\/acervo-correio\/index.php?rest_route=%2Fwp%2Fv2%2Ftags&post=250145"}],"curies":[{"name":"wp","href":"https:\/\/api.w.org\/{rel}","templated":true}]}}