{"id":250172,"date":"2023-08-31T09:16:55","date_gmt":"2023-08-31T13:16:55","guid":{"rendered":"https:\/\/www.ocorreionews.com.br\/acervo-correio\/?p=250172"},"modified":"2023-08-31T09:16:55","modified_gmt":"2023-08-31T13:16:55","slug":"operacao-conjunta-entre-as-policias-civil-e-militar-de-figueirao-prende-traficante","status":"publish","type":"post","link":"https:\/\/www.ocorreionews.com.br\/acervo-correio\/?p=250172","title":{"rendered":"Opera\u00e7\u00e3o conjunta entre as policias civil e militar de Figueir\u00e3o prende traficante"},"content":{"rendered":"<p>Na tarde desta quarta-feira (30), durante uma opera\u00e7\u00e3o conjunta entre as policias civil e militar da cidade de Figueir\u00e3o, resultou na pris\u00e3o de um traficante bem conhecido na cidade.<\/p>\n<p>Segundo informa\u00e7\u00f5es retiradas do Boletim de Ocorr\u00eancia, a PM em um apoio a Pol\u00edcia Civil de Figueir\u00e3o- MS montaram uma opera\u00e7\u00e3o para realizar o cumprimento de um mandado de busca e apreens\u00e3o frente a um jovem de 23 anos que estava sendo investigado por estar traficando drogas na cidade, e usando o seu local de trabalho para entregar entorpecentes.<\/p>\n<p>Os policiais ent\u00e3o se dividiram em duas equipes para cumprir o mandado de busca e apreens\u00e3o, ambos em raz\u00e3o do envolvimento do Autor com crime de Tr\u00e1fico de Drogas e Associa\u00e7\u00e3o ao Tr\u00e1fico, sendo que os militares foram at\u00e9 o local de trabalho do jovem que faz entrega de leite e os policias civis ficaram monitorando a resid\u00eancia.<\/p>\n<p>A primeira equipe adentrou o estabelecimento comercial, o local foi vistoriado sem qualquer resist\u00eancia por parte do propriet\u00e1rio e nada de il\u00edcito foi encontrado.<\/p>\n<p>J\u00e1 no outro endere\u00e7o do jovem, os militares e policiais civis n\u00e3o tiveram sua entrada permitida pelo Autor, sendo que ele ao visualizar os profissionais de seguran\u00e7a p\u00fablica empreendeu fuga dentro do im\u00f3vel, se dirigindo at\u00e9 a janela do quarto de seus pais, que d\u00e1 acesso a um corredor e a um muro, diante dos fatos, foi necess\u00e1ria a entrada for\u00e7ada pelos fundos do im\u00f3vel e pela janela, ato que causaram danos materiais no local, pois o jovem n\u00e3o obedecia \u00e0 ordem que os policiais davam.<\/p>\n<p>O jovem resistiu \u00e0 pris\u00e3o sendo necess\u00e1rio o uso diferenciado da for\u00e7a para conter o indiv\u00edduo que estava bem agitado, provavelmente pelo consumo de entorpecentes, foi necess\u00e1rio imobiliza\u00e7\u00e3o e conten\u00e7\u00e3o para conseguirem algema-lo e preserva\u00e7\u00e3o da integridade f\u00edsica de todos os policiais, pois na casa havia v\u00e1rias facas e outros objetos cortantes.<\/p>\n<p>Mesmo algemado e deitado no ch\u00e3o o Autor continuava a se debater e n\u00e3o acatando as ordens, se auto lesionando e estando muito agressivo.<\/p>\n<p>Ap\u00f3s tal conduta os agentes come\u00e7aram a realizar a busca no im\u00f3vel, sendo identificado 01 (um celular) do Autor dos fatos, Marca Iphone, 03 (tr\u00eas) cart\u00f5es banc\u00e1rios em seu nome, 04 (quatro) celulares sem proced\u00eancia comprovada, uma carteira com documento banc\u00e1rios e uma quantidade de 40g de subst\u00e2ncia an\u00e1loga \u00e0 maconha dividida em 06 (seis) paradinhas prontas para venda.<\/p>\n<p>Al\u00e9m disso, foi confirmado que o pelo pr\u00f3prio jovem, que ele estava dirigindo sob a influ\u00eancia de entorpecentes, relatando que havia acabado de &#8220;fumar maconha&#8221;\u00a0 sendo que ainda havia odor no caminh\u00e3o e seus olhos estavam vermelhos (Confeccionado o Termo de Constata\u00e7\u00e3o de Dirigir com Capacidade Psicomotora Alterada), sendo que os militares observaram que ele havia acabado de estacionar o caminh\u00e3o citado, configurando o crime de tr\u00e2nsito.<\/p>\n<p>Ainda em refer\u00eancia a parte de tr\u00e2nsito observou que o jovem n\u00e3o possu\u00eda CNH, sendo feitos os procedimentos pertinentes de tr\u00e2nsito e o recolhimento do ve\u00edculo, uma vez que n\u00e3o havia condutor habilitado no local.<\/p>\n<p>O jovem foi levado ao Hospital da cidade para realiza\u00e7\u00e3o do exame de corpo delito e entregue sob a responsabilidade da Pol\u00edcia Civil.<\/p>\n<p>&nbsp;<\/p>\n<p><img loading=\"lazy\" decoding=\"async\" class=\"alignnone size-full wp-image-250174\" src=\"https:\/\/www.ocorreionews.com.br\/acervo-correio\/wp-content\/uploads\/2023\/08\/drogas-30-08.jpg\" alt=\"\" width=\"1280\" height=\"898\" srcset=\"https:\/\/www.ocorreionews.com.br\/acervo-correio\/wp-content\/uploads\/2023\/08\/drogas-30-08.jpg 1280w, https:\/\/www.ocorreionews.com.br\/acervo-correio\/wp-content\/uploads\/2023\/08\/drogas-30-08-300x210.jpg 300w, https:\/\/www.ocorreionews.com.br\/acervo-correio\/wp-content\/uploads\/2023\/08\/drogas-30-08-1024x718.jpg 1024w, https:\/\/www.ocorreionews.com.br\/acervo-correio\/wp-content\/uploads\/2023\/08\/drogas-30-08-768x539.jpg 768w\" sizes=\"auto, (max-width: 1280px) 100vw, 1280px\" \/><\/p>\n<p><em>* O Correio News, com informa\u00e7\u00f5es da Assessoria da Pol\u00edcia Militar\u00a0<\/em><\/p>\n","protected":false},"excerpt":{"rendered":"<p>Na tarde desta quarta-feira (30), durante uma opera\u00e7\u00e3o conjunta entre as policias civil e militar da cidade de Figueir\u00e3o, resultou na pris\u00e3o de um traficante bem conhecido na cidade. Segundo informa\u00e7\u00f5es retiradas do Boletim de Ocorr\u00eancia, a PM em um apoio a Pol\u00edcia Civil de Figueir\u00e3o- MS montaram uma opera\u00e7\u00e3o para realizar o cumprimento de [&hellip;]<\/p>\n","protected":false},"author":5,"featured_media":250174,"comment_status":"closed","ping_status":"closed","sticky":false,"template":"","format":"standard","meta":{"footnotes":""},"categories":[30,38],"tags":[],"class_list":["post-250172","post","type-post","status-publish","format-standard","has-post-thumbnail","hentry","category-figueirao","category-policia"],"_links":{"self":[{"href":"https:\/\/www.ocorreionews.com.br\/acervo-correio\/index.php?rest_route=\/wp\/v2\/posts\/250172","targetHints":{"allow":["GET"]}}],"collection":[{"href":"https:\/\/www.ocorreionews.com.br\/acervo-correio\/index.php?rest_route=\/wp\/v2\/posts"}],"about":[{"href":"https:\/\/www.ocorreionews.com.br\/acervo-correio\/index.php?rest_route=\/wp\/v2\/types\/post"}],"author":[{"embeddable":true,"href":"https:\/\/www.ocorreionews.com.br\/acervo-correio\/index.php?rest_route=\/wp\/v2\/users\/5"}],"replies":[{"embeddable":true,"href":"https:\/\/www.ocorreionews.com.br\/acervo-correio\/index.php?rest_route=%2Fwp%2Fv2%2Fcomments&post=250172"}],"version-history":[{"count":1,"href":"https:\/\/www.ocorreionews.com.br\/acervo-correio\/index.php?rest_route=\/wp\/v2\/posts\/250172\/revisions"}],"predecessor-version":[{"id":250176,"href":"https:\/\/www.ocorreionews.com.br\/acervo-correio\/index.php?rest_route=\/wp\/v2\/posts\/250172\/revisions\/250176"}],"wp:featuredmedia":[{"embeddable":true,"href":"https:\/\/www.ocorreionews.com.br\/acervo-correio\/index.php?rest_route=\/wp\/v2\/media\/250174"}],"wp:attachment":[{"href":"https:\/\/www.ocorreionews.com.br\/acervo-correio\/index.php?rest_route=%2Fwp%2Fv2%2Fmedia&parent=250172"}],"wp:term":[{"taxonomy":"category","embeddable":true,"href":"https:\/\/www.ocorreionews.com.br\/acervo-correio\/index.php?rest_route=%2Fwp%2Fv2%2Fcategories&post=250172"},{"taxonomy":"post_tag","embeddable":true,"href":"https:\/\/www.ocorreionews.com.br\/acervo-correio\/index.php?rest_route=%2Fwp%2Fv2%2Ftags&post=250172"}],"curies":[{"name":"wp","href":"https:\/\/api.w.org\/{rel}","templated":true}]}}