{"id":250175,"date":"2023-08-31T09:31:33","date_gmt":"2023-08-31T13:31:33","guid":{"rendered":"https:\/\/www.ocorreionews.com.br\/acervo-correio\/?p=250175"},"modified":"2023-09-01T10:53:53","modified_gmt":"2023-09-01T14:53:53","slug":"com-grandes-atracoes-e-entrada-franca-comeca-nesta-quinta-o-2o-rodeio-appr-em-paraiso-das-aguas","status":"publish","type":"post","link":"https:\/\/www.ocorreionews.com.br\/acervo-correio\/?p=250175","title":{"rendered":"Com grandes atra\u00e7\u00f5es e entrada franca, come\u00e7a nesta quinta o 2\u00ba Rodeio APPR em Para\u00edso das \u00c1guas"},"content":{"rendered":"<p>Come\u00e7a nesta quinta-feira (31) o 2\u00b0 Rodeio APPR (Associa\u00e7\u00e3o Paraisense de Profissionais de Rodeio de Para\u00edso das \u00c1guas). O evento contar\u00e1 com entrada franca, rodeio em touros e cavalos, carneiro, shows, boate todas as noites e uma grande estrutura que j\u00e1 est\u00e1 sendo instalada.<\/p>\n<p>Tamb\u00e9m o recinto amplo contar\u00e1 com a pra\u00e7a de alimenta\u00e7\u00e3o com bebidas e variedades. H\u00e1 meses a comiss\u00e3o organizadora do evento v\u00eam trabalhando para realizar mais uma brilhante festa.<\/p>\n<p>O evento ser\u00e1 realizado de 31 de agosto a 03 de setembro,\u00a0no recinto do Clube do La\u00e7o TRA.<\/p>\n<p><strong>Confira a programa\u00e7\u00e3o de shows:<\/strong><\/p>\n<p>31\/08 &#8211; Neto &amp; Matheus &#8211;\u00a0Boate:\u00a0DJ La\u00eds Locatelli<\/p>\n<p>01\/09 &#8211; Maria Cec\u00edlia &amp; Rodolfo &#8211;\u00a0Boate:\u00a0MC Zeu<\/p>\n<p>02\/09 &#8211; Luan Kastelan &#8211;\u00a0Boate: Palha\u00e7o Tenebroso\/DJ Duos 67 e\u00a0Participa\u00e7\u00e3o especial da cantora Amanda L\u00edvia.<\/p>\n<p>Haver\u00e1 montaria em touros, cavalos e carneiros, ser\u00e3o quase R$ 50 mil em premia\u00e7\u00e3o em montarias em touros e cavalos.<\/p>\n<p>Confira a premia\u00e7\u00e3o em touros e cavalos:<\/p>\n<ul>\n<li>1\u00ba Lugar: R$ 8.000,00<\/li>\n<li>2\u00ba Lugar: R$ 6.000,00<\/li>\n<li>3\u00ba Lugar: R$ 4.000,00<\/li>\n<li>4\u00ba Lugar: R$ 3.000,00<\/li>\n<li>5\u00ba Lugar: R$: 2.000,00<\/li>\n<\/ul>\n<p>Maiores informa\u00e7\u00f5es:<\/p>\n<ul>\n<li>67 9 9852-5741 (Weiva)<\/li>\n<li>67 9 9613-4680 (Henrique)<\/li>\n<li>67 9 9695-9488 (Carrerinha)<\/li>\n<li>67 99938-3268 (Roninho)<\/li>\n<\/ul>\n<p><img loading=\"lazy\" decoding=\"async\" class=\"aligncenter\" src=\"https:\/\/www.bncnoticias.com.br\/arquivos\/noticias\/16134\/com-grandes-atracoes-inclusive-nacional-e-entrada-franca-comeca-nesta-5-ordf-feira-o-2-ordm-rodeio-appr-de-paraiso-das-aguas.jpg\" alt=\"Com grandes atra\u00e7\u00f5es, inclusive nacional e entrada franca, come\u00e7a nesta 5\u00aafeira, o 2\u00ba Rodeio APPR de Para\u00edso das \u00c1guas\" width=\"501\" height=\"712\" \/><\/p>\n<p>*BNC Not\u00edcias<\/p>\n","protected":false},"excerpt":{"rendered":"<p>Come\u00e7a nesta quinta-feira (31) o 2\u00b0 Rodeio APPR (Associa\u00e7\u00e3o Paraisense de Profissionais de Rodeio de Para\u00edso das \u00c1guas). O evento contar\u00e1 com entrada franca, rodeio em touros e cavalos, carneiro, shows, boate todas as noites e uma grande estrutura que j\u00e1 est\u00e1 sendo instalada. Tamb\u00e9m o recinto amplo contar\u00e1 com a pra\u00e7a de alimenta\u00e7\u00e3o com [&hellip;]<\/p>\n","protected":false},"author":5,"featured_media":250177,"comment_status":"closed","ping_status":"closed","sticky":false,"template":"","format":"standard","meta":{"footnotes":""},"categories":[36],"tags":[],"class_list":["post-250175","post","type-post","status-publish","format-standard","has-post-thumbnail","hentry","category-paraiso-das-aguas"],"_links":{"self":[{"href":"https:\/\/www.ocorreionews.com.br\/acervo-correio\/index.php?rest_route=\/wp\/v2\/posts\/250175","targetHints":{"allow":["GET"]}}],"collection":[{"href":"https:\/\/www.ocorreionews.com.br\/acervo-correio\/index.php?rest_route=\/wp\/v2\/posts"}],"about":[{"href":"https:\/\/www.ocorreionews.com.br\/acervo-correio\/index.php?rest_route=\/wp\/v2\/types\/post"}],"author":[{"embeddable":true,"href":"https:\/\/www.ocorreionews.com.br\/acervo-correio\/index.php?rest_route=\/wp\/v2\/users\/5"}],"replies":[{"embeddable":true,"href":"https:\/\/www.ocorreionews.com.br\/acervo-correio\/index.php?rest_route=%2Fwp%2Fv2%2Fcomments&post=250175"}],"version-history":[{"count":1,"href":"https:\/\/www.ocorreionews.com.br\/acervo-correio\/index.php?rest_route=\/wp\/v2\/posts\/250175\/revisions"}],"predecessor-version":[{"id":250178,"href":"https:\/\/www.ocorreionews.com.br\/acervo-correio\/index.php?rest_route=\/wp\/v2\/posts\/250175\/revisions\/250178"}],"wp:featuredmedia":[{"embeddable":true,"href":"https:\/\/www.ocorreionews.com.br\/acervo-correio\/index.php?rest_route=\/wp\/v2\/media\/250177"}],"wp:attachment":[{"href":"https:\/\/www.ocorreionews.com.br\/acervo-correio\/index.php?rest_route=%2Fwp%2Fv2%2Fmedia&parent=250175"}],"wp:term":[{"taxonomy":"category","embeddable":true,"href":"https:\/\/www.ocorreionews.com.br\/acervo-correio\/index.php?rest_route=%2Fwp%2Fv2%2Fcategories&post=250175"},{"taxonomy":"post_tag","embeddable":true,"href":"https:\/\/www.ocorreionews.com.br\/acervo-correio\/index.php?rest_route=%2Fwp%2Fv2%2Ftags&post=250175"}],"curies":[{"name":"wp","href":"https:\/\/api.w.org\/{rel}","templated":true}]}}