{"id":250181,"date":"2023-08-31T10:04:20","date_gmt":"2023-08-31T14:04:20","guid":{"rendered":"https:\/\/www.ocorreionews.com.br\/acervo-correio\/?p=250181"},"modified":"2023-08-31T10:04:20","modified_gmt":"2023-08-31T14:04:20","slug":"pm-de-chapadao-do-sul-prende-em-flagrantes-dois-jovens-realizando-trafico-de-drogas","status":"publish","type":"post","link":"https:\/\/www.ocorreionews.com.br\/acervo-correio\/?p=250181","title":{"rendered":"PM de Chapad\u00e3o do Sul prende em flagrantes dois jovens realizando tr\u00e1fico de drogas"},"content":{"rendered":"<p>Na noite desta quarta-feira (30), dois jovens (21 e 28 anos), foram presos ao serem flagrados realizando o comercio e entregas de entorpecentes em Chapad\u00e3o do Sul.<\/p>\n<p>Segundo informa\u00e7\u00f5es retiradas do Boletim de Ocorr\u00eancia, uma guarni\u00e7\u00e3o da Pol\u00edcia Militar de Chapad\u00e3o do Sul realizava patrulhamento pela Avenida Mato Grosso do Sul, quando visualizaram dois indiv\u00edduos em uma motocicleta CG TITAN de cor azul, eles estavam de moletom e aparentemente escondiam algo, al\u00e9m de demonstrarem nervosismo mudando a dire\u00e7\u00e3o da motocicleta ao avistarem os policiais.<\/p>\n<p>Ent\u00e3o de imediato foi dada ordem de parada para o condutor da motocicleta atrav\u00e9s de sinais sonoros e luminosos, e ao realizar a busca pessoal foi localizado com o passageiro 05 (cinco) inv\u00f3lucros de substancia an\u00e1logo \u00e0 maconha, prontos para serem comercializados pesando um total de 41.9 gramas. Com o condutor foi encontrado dois aparelhos celulares e R$ 630,00 reais.<\/p>\n<p>Diante dos fatos foi dado voz de pris\u00e3o aos autores, sendo necess\u00e1rio o uso de algemas pois os dois jovens estavam bastante agressivos, sendo posteriormente encaminhados a Delegacia de Pol\u00edcia para as providencias cab\u00edveis.<\/p>\n","protected":false},"excerpt":{"rendered":"<p>Na noite desta quarta-feira (30), dois jovens (21 e 28 anos), foram presos ao serem flagrados realizando o comercio e entregas de entorpecentes em Chapad\u00e3o do Sul. Segundo informa\u00e7\u00f5es retiradas do Boletim de Ocorr\u00eancia, uma guarni\u00e7\u00e3o da Pol\u00edcia Militar de Chapad\u00e3o do Sul realizava patrulhamento pela Avenida Mato Grosso do Sul, quando visualizaram dois indiv\u00edduos [&hellip;]<\/p>\n","protected":false},"author":5,"featured_media":250182,"comment_status":"closed","ping_status":"closed","sticky":false,"template":"","format":"standard","meta":{"footnotes":""},"categories":[23,38],"tags":[],"class_list":["post-250181","post","type-post","status-publish","format-standard","has-post-thumbnail","hentry","category-chapadao-do-sul","category-policia"],"_links":{"self":[{"href":"https:\/\/www.ocorreionews.com.br\/acervo-correio\/index.php?rest_route=\/wp\/v2\/posts\/250181","targetHints":{"allow":["GET"]}}],"collection":[{"href":"https:\/\/www.ocorreionews.com.br\/acervo-correio\/index.php?rest_route=\/wp\/v2\/posts"}],"about":[{"href":"https:\/\/www.ocorreionews.com.br\/acervo-correio\/index.php?rest_route=\/wp\/v2\/types\/post"}],"author":[{"embeddable":true,"href":"https:\/\/www.ocorreionews.com.br\/acervo-correio\/index.php?rest_route=\/wp\/v2\/users\/5"}],"replies":[{"embeddable":true,"href":"https:\/\/www.ocorreionews.com.br\/acervo-correio\/index.php?rest_route=%2Fwp%2Fv2%2Fcomments&post=250181"}],"version-history":[{"count":1,"href":"https:\/\/www.ocorreionews.com.br\/acervo-correio\/index.php?rest_route=\/wp\/v2\/posts\/250181\/revisions"}],"predecessor-version":[{"id":250188,"href":"https:\/\/www.ocorreionews.com.br\/acervo-correio\/index.php?rest_route=\/wp\/v2\/posts\/250181\/revisions\/250188"}],"wp:featuredmedia":[{"embeddable":true,"href":"https:\/\/www.ocorreionews.com.br\/acervo-correio\/index.php?rest_route=\/wp\/v2\/media\/250182"}],"wp:attachment":[{"href":"https:\/\/www.ocorreionews.com.br\/acervo-correio\/index.php?rest_route=%2Fwp%2Fv2%2Fmedia&parent=250181"}],"wp:term":[{"taxonomy":"category","embeddable":true,"href":"https:\/\/www.ocorreionews.com.br\/acervo-correio\/index.php?rest_route=%2Fwp%2Fv2%2Fcategories&post=250181"},{"taxonomy":"post_tag","embeddable":true,"href":"https:\/\/www.ocorreionews.com.br\/acervo-correio\/index.php?rest_route=%2Fwp%2Fv2%2Ftags&post=250181"}],"curies":[{"name":"wp","href":"https:\/\/api.w.org\/{rel}","templated":true}]}}