{"id":250185,"date":"2023-08-31T10:01:26","date_gmt":"2023-08-31T14:01:26","guid":{"rendered":"https:\/\/www.ocorreionews.com.br\/acervo-correio\/?p=250185"},"modified":"2023-08-31T10:01:26","modified_gmt":"2023-08-31T14:01:26","slug":"cidades-de-goias-entram-em-estado-de-alerta-apos-aumento-de-casos-de-covid-diz-saude","status":"publish","type":"post","link":"https:\/\/www.ocorreionews.com.br\/acervo-correio\/?p=250185","title":{"rendered":"Cidades de Goi\u00e1s entram em estado de alerta ap\u00f3s aumento de casos de Covid, diz sa\u00fade"},"content":{"rendered":"<div class=\"x11i5rnm xat24cr x1mh8g0r x1vvkbs xtlvy1s x126k92a\">\n<div dir=\"auto\">Dez munic\u00edpios goianos est\u00e3o em situa\u00e7\u00e3o de alerta, depois que a Secretaria de Estado da Sa\u00fade (SES-GO) identificou um salto de 9% para 15% na taxa de positividade para Covid-19 em Goi\u00e1s, no m\u00eas de agosto. Segundo a superintendente de Vigil\u00e2ncia em Sa\u00fade, Fl\u00favia Amorim, os protocolos sanit\u00e1rios a serem seguidos permanecem os mesmos, sendo que o principal ainda \u00e9 a vacina\u00e7\u00e3o.<\/div>\n<\/div>\n<div dir=\"auto\"><\/div>\n<div dir=\"auto\"><\/div>\n<div dir=\"auto\"><\/div>\n<div class=\"x11i5rnm xat24cr x1mh8g0r x1vvkbs xtlvy1s x126k92a\">\n<div dir=\"auto\">Um dos munic\u00edpios que apresentou aumento expressivo de notifica\u00e7\u00f5es da doen\u00e7a foi a Cidade de Goi\u00e1s. Segundo a Secretaria Municipal de Sa\u00fade, o n\u00famero de casos confirmados saltou de 24 para 75, o que representa um crescimento de 212%.<\/div>\n<\/div>\n<div dir=\"auto\"><\/div>\n<div dir=\"auto\"><\/div>\n<div class=\"x11i5rnm xat24cr x1mh8g0r x1vvkbs xtlvy1s x126k92a\">\n<div dir=\"auto\">Contudo, a secret\u00e1ria municipal de sa\u00fade, Ivone Marques, ressaltou que n\u00e3o h\u00e1 nenhum caso de interna\u00e7\u00e3o e nenhum caso grave, ou de maior complexidade. \u201cEm todos os casos que apresentaram maior gravidade ou que o paciente teve um tempo maior de sintomas, n\u00e3o foi diagnosticada nenhuma cepa diferente, \u00e0s vezes apenas um comprometimento de H1N1 associado\u201d, pontuou.<\/div>\n<\/div>\n<div dir=\"auto\"><\/div>\n<div dir=\"auto\"><\/div>\n<div class=\"x11i5rnm xat24cr x1mh8g0r x1vvkbs xtlvy1s x126k92a\">\n<div dir=\"auto\">A cidade de Avelin\u00f3polis tamb\u00e9m teve um salto expressivo no n\u00famero de confirma\u00e7\u00f5es, saindo de 20 casos, em uma semana, para 50, na semana seguinte. Isso representa um aumento de 150%.<\/div>\n<\/div>\n<div dir=\"auto\"><\/div>\n<div dir=\"auto\"><\/div>\n<div class=\"x11i5rnm xat24cr x1mh8g0r x1vvkbs xtlvy1s x126k92a\">\n<div dir=\"auto\">H\u00e1 duas semanas, a Prefeitura de Avelin\u00f3polis chegou a suspender as aulas nas escolas da cidade durante sete dias por causa do aumento de casos de Covid-19. Na ocasi\u00e3o, o prefeito da cidade, Adriano Ara\u00fajo, afirmou que a gest\u00e3o estaria buscando orienta\u00e7\u00e3o da Secret\u00e1ria de Estado de Sa\u00fade (SES-GO) para saber o que deveria ser feito diante da situa\u00e7\u00e3o.<\/div>\n<\/div>\n<div dir=\"auto\"><\/div>\n<div dir=\"auto\"><\/div>\n<div class=\"x11i5rnm xat24cr x1mh8g0r x1vvkbs xtlvy1s x126k92a\">\n<div dir=\"auto\">Os demais munic\u00edpios que tamb\u00e9m est\u00e3o em estado de alerta s\u00e3o: <span style=\"color: #0000ff;\"><strong>S\u00e3o Jo\u00e3o da Para\u00fana, Palmeiras de Goi\u00e1s, Santa Rosa de Goi\u00e1s, Ara\u00e7u, Campo Limpo de Goi\u00e1s, Barro Alto, Heitora\u00ed e Anicuns.<\/strong><\/span><\/div>\n<\/div>\n<div dir=\"auto\"><\/div>\n<div dir=\"auto\"><\/div>\n<div class=\"x11i5rnm xat24cr x1mh8g0r x1vvkbs xtlvy1s x126k92a\">\n<div dir=\"auto\">NOVA ONDA DE COVID-19<\/div>\n<\/div>\n<div dir=\"auto\"><\/div>\n<div dir=\"auto\"><\/div>\n<div class=\"x11i5rnm xat24cr x1mh8g0r x1vvkbs xtlvy1s x126k92a\">\n<div dir=\"auto\">Apesar do crescimento de casos de infec\u00e7\u00e3o pelo coronav\u00edrus, o diretor do Laborat\u00f3rio Central de Goi\u00e1s, Vin\u00edcius Lemes da Silva, ponderou que \u201cum aumento de positividade ainda n\u00e3o \u00e9 um sinal \u00fanico para alarmarmos com rela\u00e7\u00e3o a uma nova onda\u201d. Contudo, segundo o diretor, a situa\u00e7\u00e3o evidencia que se faz necess\u00e1rio um monitoramento cada vez mais pr\u00f3ximo, e uma melhoria do n\u00famero de amostras testadas, para que se possa verificar o que vem acontecendo neste novo cen\u00e1rio.<\/div>\n<\/div>\n<div dir=\"auto\"><\/div>\n<div dir=\"auto\"><\/div>\n<div class=\"x11i5rnm xat24cr x1mh8g0r x1vvkbs xtlvy1s x126k92a\">\n<div dir=\"auto\">NOTIFICA\u00c7\u00d5ES<\/div>\n<\/div>\n<div dir=\"auto\"><\/div>\n<div dir=\"auto\"><\/div>\n<div class=\"x11i5rnm xat24cr x1mh8g0r x1vvkbs xtlvy1s x126k92a\">\n<div dir=\"auto\">A superintendente de Vigil\u00e2ncia em Sa\u00fade da SES-GO, Fl\u00favia Amorim, destaca que esse cen\u00e1rio (aumento dos casos de Covid-19) mostra a import\u00e2ncia de que os munic\u00edpios ajudem com as notifica\u00e7\u00f5es de casos. \u201cS\u00f3 conseguimos identificar mudan\u00e7as no padr\u00e3o de doen\u00e7as se h\u00e1 os dados no sistema\u201d.<\/div>\n<\/div>\n<div class=\"x11i5rnm xat24cr x1mh8g0r x1vvkbs xtlvy1s x126k92a\">\n<div dir=\"auto\">Agora, a SES aguarda o sequenciamento gen\u00f4mico realizado pela Funda\u00e7\u00e3o Oswaldo Cruz (Fiocruz) para entender qual \u00e9 a subvariante da Covid-19 predominante no Estado. Em julho de 2023, as linhagens mais frequentes, em n\u00edvel nacional, eram a XBB (60,4%) e a FE.1 (36,5%).<\/div>\n<\/div>\n<div class=\"x11i5rnm xat24cr x1mh8g0r x1vvkbs xtlvy1s x126k92a\">\n<div dir=\"auto\">Fonte: G1<\/div>\n<\/div>\n","protected":false},"excerpt":{"rendered":"<p>Dez munic\u00edpios goianos est\u00e3o em situa\u00e7\u00e3o de alerta, depois que a Secretaria de Estado da Sa\u00fade (SES-GO) identificou um salto de 9% para 15% na taxa de positividade para Covid-19 em Goi\u00e1s, no m\u00eas de agosto. Segundo a superintendente de Vigil\u00e2ncia em Sa\u00fade, Fl\u00favia Amorim, os protocolos sanit\u00e1rios a serem seguidos permanecem os mesmos, sendo [&hellip;]<\/p>\n","protected":false},"author":4,"featured_media":191531,"comment_status":"closed","ping_status":"closed","sticky":false,"template":"","format":"standard","meta":{"footnotes":""},"categories":[141],"tags":[],"class_list":["post-250185","post","type-post","status-publish","format-standard","has-post-thumbnail","hentry","category-goias"],"_links":{"self":[{"href":"https:\/\/www.ocorreionews.com.br\/acervo-correio\/index.php?rest_route=\/wp\/v2\/posts\/250185","targetHints":{"allow":["GET"]}}],"collection":[{"href":"https:\/\/www.ocorreionews.com.br\/acervo-correio\/index.php?rest_route=\/wp\/v2\/posts"}],"about":[{"href":"https:\/\/www.ocorreionews.com.br\/acervo-correio\/index.php?rest_route=\/wp\/v2\/types\/post"}],"author":[{"embeddable":true,"href":"https:\/\/www.ocorreionews.com.br\/acervo-correio\/index.php?rest_route=\/wp\/v2\/users\/4"}],"replies":[{"embeddable":true,"href":"https:\/\/www.ocorreionews.com.br\/acervo-correio\/index.php?rest_route=%2Fwp%2Fv2%2Fcomments&post=250185"}],"version-history":[{"count":1,"href":"https:\/\/www.ocorreionews.com.br\/acervo-correio\/index.php?rest_route=\/wp\/v2\/posts\/250185\/revisions"}],"predecessor-version":[{"id":250186,"href":"https:\/\/www.ocorreionews.com.br\/acervo-correio\/index.php?rest_route=\/wp\/v2\/posts\/250185\/revisions\/250186"}],"wp:featuredmedia":[{"embeddable":true,"href":"https:\/\/www.ocorreionews.com.br\/acervo-correio\/index.php?rest_route=\/wp\/v2\/media\/191531"}],"wp:attachment":[{"href":"https:\/\/www.ocorreionews.com.br\/acervo-correio\/index.php?rest_route=%2Fwp%2Fv2%2Fmedia&parent=250185"}],"wp:term":[{"taxonomy":"category","embeddable":true,"href":"https:\/\/www.ocorreionews.com.br\/acervo-correio\/index.php?rest_route=%2Fwp%2Fv2%2Fcategories&post=250185"},{"taxonomy":"post_tag","embeddable":true,"href":"https:\/\/www.ocorreionews.com.br\/acervo-correio\/index.php?rest_route=%2Fwp%2Fv2%2Ftags&post=250185"}],"curies":[{"name":"wp","href":"https:\/\/api.w.org\/{rel}","templated":true}]}}