{"id":250189,"date":"2023-08-31T10:22:14","date_gmt":"2023-08-31T14:22:14","guid":{"rendered":"https:\/\/www.ocorreionews.com.br\/acervo-correio\/?p=250189"},"modified":"2023-08-31T10:27:35","modified_gmt":"2023-08-31T14:27:35","slug":"pm-de-costa-rica-prende-homem-que-tentou-estuprar-uma-crianca-de-11-anos","status":"publish","type":"post","link":"https:\/\/www.ocorreionews.com.br\/acervo-correio\/?p=250189","title":{"rendered":"PM de Costa Rica prende homem que tentou estuprar uma crian\u00e7a de 11 anos"},"content":{"rendered":"<p>No final da tarde desta quarta-feira (30), a Pol\u00edcia Militar de Costa Rica, prendeu em flagrante um homem de 36 anos que havia tentado estuprar uma crian\u00e7a de 11 anos na cidade.<\/p>\n<p>De acordo com informa\u00e7\u00f5es retiradas do Boletim de Ocorr\u00eancia, a PM de Costa Rica foi acionada por um suposto estupro de vulner\u00e1vel na forma tentada, pr\u00f3ximo a Rua Salvador Luiz Nogueira. Os militares foram at\u00e9 o local e em contato com uma testemunha relatou que uma crian\u00e7a de 11 anos, havia sofrido uma tentativa de estupro e que gra\u00e7as a interven\u00e7\u00e3o de um terceiro (n\u00e3o foi revelado se era algum familiar), com aux\u00edlio de uma faca conseguiu evitar a consuma\u00e7\u00e3o do fato contra a crian\u00e7a.<\/p>\n<p>Alguns moradores pr\u00f3ximos com o intuito de localizar o autor conseguiram tirar algumas fotos do suspeito e com algumas entrevistas foi confirmada a identidade do Autor e que se trava de um homem de 36 anos velho conhecido no meio policias.<\/p>\n<p>Munido de tais informa\u00e7\u00f5es a PM realizou rondas nas proximidades e posteriormente em diversos bairros, sendo que as v\u00edtimas foram orientadas a registar o boletim de ocorr\u00eancia na Pol\u00edcia Civil.<\/p>\n<p>Posteriormente os militares tiveram sucesso em sua localiza\u00e7\u00e3o, sendo realizada sua abordagem e dado voz de pris\u00e3o.<\/p>\n<p>Desde o come\u00e7o o indiv\u00edduo apresentava comportamento alterado e se recusou a entrar no na viatura. J\u00e1 no interior da viatura come\u00e7ou a se debater, alegando que iria dizer que foi agredido, devido a seu comportamento ocasionou dano no compartimento de preso, sendo acionada a per\u00edcia.<\/p>\n<p>Ressalta-se que se trata de um indiv\u00edduo de alta periculosidade com hist\u00f3rico de v\u00e1rias ocorr\u00eancias de vulto (Tr\u00e1fico, roubo, porte ilegal de arma de fogo, estupro).<\/p>\n<p>O homem ap\u00f3s a realiza\u00e7\u00e3o do exame de corpo delito foi entregue na Delegacia de pol\u00edcia para que sejam tomadas as medidas cab\u00edveis.<\/p>\n","protected":false},"excerpt":{"rendered":"<p>No final da tarde desta quarta-feira (30), a Pol\u00edcia Militar de Costa Rica, prendeu em flagrante um homem de 36 anos que havia tentado estuprar uma crian\u00e7a de 11 anos na cidade. De acordo com informa\u00e7\u00f5es retiradas do Boletim de Ocorr\u00eancia, a PM de Costa Rica foi acionada por um suposto estupro de vulner\u00e1vel na [&hellip;]<\/p>\n","protected":false},"author":5,"featured_media":243323,"comment_status":"closed","ping_status":"closed","sticky":false,"template":"","format":"standard","meta":{"footnotes":""},"categories":[25,38],"tags":[],"class_list":["post-250189","post","type-post","status-publish","format-standard","has-post-thumbnail","hentry","category-costa-rica","category-policia"],"_links":{"self":[{"href":"https:\/\/www.ocorreionews.com.br\/acervo-correio\/index.php?rest_route=\/wp\/v2\/posts\/250189","targetHints":{"allow":["GET"]}}],"collection":[{"href":"https:\/\/www.ocorreionews.com.br\/acervo-correio\/index.php?rest_route=\/wp\/v2\/posts"}],"about":[{"href":"https:\/\/www.ocorreionews.com.br\/acervo-correio\/index.php?rest_route=\/wp\/v2\/types\/post"}],"author":[{"embeddable":true,"href":"https:\/\/www.ocorreionews.com.br\/acervo-correio\/index.php?rest_route=\/wp\/v2\/users\/5"}],"replies":[{"embeddable":true,"href":"https:\/\/www.ocorreionews.com.br\/acervo-correio\/index.php?rest_route=%2Fwp%2Fv2%2Fcomments&post=250189"}],"version-history":[{"count":2,"href":"https:\/\/www.ocorreionews.com.br\/acervo-correio\/index.php?rest_route=\/wp\/v2\/posts\/250189\/revisions"}],"predecessor-version":[{"id":250192,"href":"https:\/\/www.ocorreionews.com.br\/acervo-correio\/index.php?rest_route=\/wp\/v2\/posts\/250189\/revisions\/250192"}],"wp:featuredmedia":[{"embeddable":true,"href":"https:\/\/www.ocorreionews.com.br\/acervo-correio\/index.php?rest_route=\/wp\/v2\/media\/243323"}],"wp:attachment":[{"href":"https:\/\/www.ocorreionews.com.br\/acervo-correio\/index.php?rest_route=%2Fwp%2Fv2%2Fmedia&parent=250189"}],"wp:term":[{"taxonomy":"category","embeddable":true,"href":"https:\/\/www.ocorreionews.com.br\/acervo-correio\/index.php?rest_route=%2Fwp%2Fv2%2Fcategories&post=250189"},{"taxonomy":"post_tag","embeddable":true,"href":"https:\/\/www.ocorreionews.com.br\/acervo-correio\/index.php?rest_route=%2Fwp%2Fv2%2Ftags&post=250189"}],"curies":[{"name":"wp","href":"https:\/\/api.w.org\/{rel}","templated":true}]}}