{"id":250194,"date":"2023-08-31T10:43:31","date_gmt":"2023-08-31T14:43:31","guid":{"rendered":"https:\/\/www.ocorreionews.com.br\/acervo-correio\/?p=250194"},"modified":"2023-08-31T10:43:31","modified_gmt":"2023-08-31T14:43:31","slug":"cantor-regis-danese-esta-na-uti-em-estado-grave-apos-passar-por-cirurgia","status":"publish","type":"post","link":"https:\/\/www.ocorreionews.com.br\/acervo-correio\/?p=250194","title":{"rendered":"Cantor Regis Danese est\u00e1 na UTI em estado grave ap\u00f3s passar por cirurgia"},"content":{"rendered":"<div class=\"x11i5rnm xat24cr x1mh8g0r x1vvkbs xtlvy1s x126k92a\">\n<div dir=\"auto\">O cantor Regis Danese, que sofreu um acidente de carro enquanto estava a caminho de um show, passou por cirurgia na madrugada desta quinta-feira (31), segundo as informa\u00e7\u00f5es da assessoria. O artista passava pela BR-153, em Jaragu\u00e1, na regi\u00e3o central de Goi\u00e1s, quando perdeu o controle do carro.<\/div>\n<\/div>\n<div class=\"x11i5rnm xat24cr x1mh8g0r x1vvkbs xtlvy1s x126k92a\">\n<div dir=\"auto\">O acidente aconteceu na noite de quarta-feira (30). A Secretaria de Estado da Sa\u00fade de Goi\u00e1s (SES-GO) informou que o cantor teve fraturas em tr\u00eas costelas, t\u00f3rax e punho.<\/div>\n<\/div>\n<div class=\"x11i5rnm xat24cr x1mh8g0r x1vvkbs xtlvy1s x126k92a\">\n<div dir=\"auto\">O Hospital Estadual de Urg\u00eancias Governador Ot\u00e1vio Lage de Siqueira (Hugol) disse que o cantor est\u00e1 internado na Unidade de Terapia Intensiva (UTI) da unidade, possui estado de sa\u00fade grave e respira espontaneamente.<\/div>\n<\/div>\n<div class=\"x11i5rnm xat24cr x1mh8g0r x1vvkbs xtlvy1s x126k92a\">\n<div dir=\"auto\">De acordo com a Pol\u00edcia Rodovi\u00e1ria Federal (PRF), o carro do cantor trafegava pela BR-153 quando invadiu a pista contr\u00e1ria no final de uma curva. Regis, que dirigia o ve\u00edculo ao lado do irm\u00e3o, perdeu o controle da dire\u00e7\u00e3o e bateu de frente com uma carreta.<\/div>\n<\/div>\n<div class=\"x11i5rnm xat24cr x1mh8g0r x1vvkbs xtlvy1s x126k92a\">\n<div dir=\"auto\">Fonte: G1<\/div>\n<\/div>\n","protected":false},"excerpt":{"rendered":"<p>O cantor Regis Danese, que sofreu um acidente de carro enquanto estava a caminho de um show, passou por cirurgia na madrugada desta quinta-feira (31), segundo as informa\u00e7\u00f5es da assessoria. O artista passava pela BR-153, em Jaragu\u00e1, na regi\u00e3o central de Goi\u00e1s, quando perdeu o controle do carro. O acidente aconteceu na noite de quarta-feira [&hellip;]<\/p>\n","protected":false},"author":4,"featured_media":250195,"comment_status":"closed","ping_status":"closed","sticky":false,"template":"","format":"standard","meta":{"footnotes":""},"categories":[38],"tags":[],"class_list":["post-250194","post","type-post","status-publish","format-standard","has-post-thumbnail","hentry","category-policia"],"_links":{"self":[{"href":"https:\/\/www.ocorreionews.com.br\/acervo-correio\/index.php?rest_route=\/wp\/v2\/posts\/250194","targetHints":{"allow":["GET"]}}],"collection":[{"href":"https:\/\/www.ocorreionews.com.br\/acervo-correio\/index.php?rest_route=\/wp\/v2\/posts"}],"about":[{"href":"https:\/\/www.ocorreionews.com.br\/acervo-correio\/index.php?rest_route=\/wp\/v2\/types\/post"}],"author":[{"embeddable":true,"href":"https:\/\/www.ocorreionews.com.br\/acervo-correio\/index.php?rest_route=\/wp\/v2\/users\/4"}],"replies":[{"embeddable":true,"href":"https:\/\/www.ocorreionews.com.br\/acervo-correio\/index.php?rest_route=%2Fwp%2Fv2%2Fcomments&post=250194"}],"version-history":[{"count":1,"href":"https:\/\/www.ocorreionews.com.br\/acervo-correio\/index.php?rest_route=\/wp\/v2\/posts\/250194\/revisions"}],"predecessor-version":[{"id":250196,"href":"https:\/\/www.ocorreionews.com.br\/acervo-correio\/index.php?rest_route=\/wp\/v2\/posts\/250194\/revisions\/250196"}],"wp:featuredmedia":[{"embeddable":true,"href":"https:\/\/www.ocorreionews.com.br\/acervo-correio\/index.php?rest_route=\/wp\/v2\/media\/250195"}],"wp:attachment":[{"href":"https:\/\/www.ocorreionews.com.br\/acervo-correio\/index.php?rest_route=%2Fwp%2Fv2%2Fmedia&parent=250194"}],"wp:term":[{"taxonomy":"category","embeddable":true,"href":"https:\/\/www.ocorreionews.com.br\/acervo-correio\/index.php?rest_route=%2Fwp%2Fv2%2Fcategories&post=250194"},{"taxonomy":"post_tag","embeddable":true,"href":"https:\/\/www.ocorreionews.com.br\/acervo-correio\/index.php?rest_route=%2Fwp%2Fv2%2Ftags&post=250194"}],"curies":[{"name":"wp","href":"https:\/\/api.w.org\/{rel}","templated":true}]}}