{"id":250197,"date":"2023-08-31T10:46:11","date_gmt":"2023-08-31T14:46:11","guid":{"rendered":"https:\/\/www.ocorreionews.com.br\/acervo-correio\/?p=250197"},"modified":"2023-08-31T10:46:11","modified_gmt":"2023-08-31T14:46:11","slug":"dois-individuos-foram-presos-em-paraiso-durante-cumprimento-de-mandado-de-prisao","status":"publish","type":"post","link":"https:\/\/www.ocorreionews.com.br\/acervo-correio\/?p=250197","title":{"rendered":"Dois indiv\u00edduos foram presos em Para\u00edso durante Cumprimento de Mandado de Pris\u00e3o"},"content":{"rendered":"<p>Na tarde desta quarta-feira (30), dois homens de36 e 62 anos, foram presos em Para\u00edso das \u00c1guas, com mandatos de pris\u00e3o por d\u00e9bitos aliment\u00edcios.<\/p>\n<p>Segundo informa\u00e7\u00f5es dos Boletins de Ocorr\u00eancias, a PM de Para\u00edso das \u00c1guas em apoio ao Judici\u00e1rio cumpriram dois mandados de pris\u00e3o por d\u00e9bitos aliment\u00edcios na cidade, sendo o Autor (Masculino, 36 anos) sendo preso na \u00e1rea rural, j\u00e1 o Autor (Masculino, 62 anos) foi preso na via urbana, ambos foram notificados da ordem judicial em seu desfavor e foram conduzidos para Delegacia de Pol\u00edcia Civil para os demais procedimentos.<\/p>\n<p>&nbsp;<\/p>\n","protected":false},"excerpt":{"rendered":"<p>Na tarde desta quarta-feira (30), dois homens de36 e 62 anos, foram presos em Para\u00edso das \u00c1guas, com mandatos de pris\u00e3o por d\u00e9bitos aliment\u00edcios. Segundo informa\u00e7\u00f5es dos Boletins de Ocorr\u00eancias, a PM de Para\u00edso das \u00c1guas em apoio ao Judici\u00e1rio cumpriram dois mandados de pris\u00e3o por d\u00e9bitos aliment\u00edcios na cidade, sendo o Autor (Masculino, 36 [&hellip;]<\/p>\n","protected":false},"author":5,"featured_media":239867,"comment_status":"closed","ping_status":"closed","sticky":false,"template":"","format":"standard","meta":{"footnotes":""},"categories":[36,38],"tags":[],"class_list":["post-250197","post","type-post","status-publish","format-standard","has-post-thumbnail","hentry","category-paraiso-das-aguas","category-policia"],"_links":{"self":[{"href":"https:\/\/www.ocorreionews.com.br\/acervo-correio\/index.php?rest_route=\/wp\/v2\/posts\/250197","targetHints":{"allow":["GET"]}}],"collection":[{"href":"https:\/\/www.ocorreionews.com.br\/acervo-correio\/index.php?rest_route=\/wp\/v2\/posts"}],"about":[{"href":"https:\/\/www.ocorreionews.com.br\/acervo-correio\/index.php?rest_route=\/wp\/v2\/types\/post"}],"author":[{"embeddable":true,"href":"https:\/\/www.ocorreionews.com.br\/acervo-correio\/index.php?rest_route=\/wp\/v2\/users\/5"}],"replies":[{"embeddable":true,"href":"https:\/\/www.ocorreionews.com.br\/acervo-correio\/index.php?rest_route=%2Fwp%2Fv2%2Fcomments&post=250197"}],"version-history":[{"count":1,"href":"https:\/\/www.ocorreionews.com.br\/acervo-correio\/index.php?rest_route=\/wp\/v2\/posts\/250197\/revisions"}],"predecessor-version":[{"id":250198,"href":"https:\/\/www.ocorreionews.com.br\/acervo-correio\/index.php?rest_route=\/wp\/v2\/posts\/250197\/revisions\/250198"}],"wp:featuredmedia":[{"embeddable":true,"href":"https:\/\/www.ocorreionews.com.br\/acervo-correio\/index.php?rest_route=\/wp\/v2\/media\/239867"}],"wp:attachment":[{"href":"https:\/\/www.ocorreionews.com.br\/acervo-correio\/index.php?rest_route=%2Fwp%2Fv2%2Fmedia&parent=250197"}],"wp:term":[{"taxonomy":"category","embeddable":true,"href":"https:\/\/www.ocorreionews.com.br\/acervo-correio\/index.php?rest_route=%2Fwp%2Fv2%2Fcategories&post=250197"},{"taxonomy":"post_tag","embeddable":true,"href":"https:\/\/www.ocorreionews.com.br\/acervo-correio\/index.php?rest_route=%2Fwp%2Fv2%2Ftags&post=250197"}],"curies":[{"name":"wp","href":"https:\/\/api.w.org\/{rel}","templated":true}]}}