{"id":250200,"date":"2023-08-31T14:29:40","date_gmt":"2023-08-31T18:29:40","guid":{"rendered":"https:\/\/www.ocorreionews.com.br\/acervo-correio\/?p=250200"},"modified":"2023-08-31T15:17:49","modified_gmt":"2023-08-31T19:17:49","slug":"prefeitura-conclui-parte-da-extensao-e-asfaltamento-da-avenida-22-em-chapadao-do-sul","status":"publish","type":"post","link":"https:\/\/www.ocorreionews.com.br\/acervo-correio\/?p=250200","title":{"rendered":"Prefeitura conclui parte da extens\u00e3o e asfaltamento da Avenida 22 em Chapad\u00e3o do Sul"},"content":{"rendered":"<p><span data-contrast=\"auto\">A Prefeitura de Chapad\u00e3o do Sul, atrav\u00e9s da Secret\u00e1ria Municipal de Obras, concluiu a obra de extens\u00e3o e asfaltamento da Avenida 22. <\/span><span data-ccp-props=\"{&quot;201341983&quot;:0,&quot;335551550&quot;:0,&quot;335551620&quot;:0,&quot;335559739&quot;:160,&quot;335559740&quot;:259}\">\u00a0<\/span><\/p>\n<p><span data-contrast=\"auto\">Esta nova via ligar\u00e1 se \u00e0 j\u00e1 existente Avenida E passando pela Avenida 22 chegando at\u00e9 a Av 11, contribuindo para o desenvolvimento e melhorando o tr\u00e2nsito da regi\u00e3o, principalmente nos hor\u00e1rios de sa\u00eddo dos alunos do Col\u00e9gio Maper.<\/span><span data-ccp-props=\"{&quot;201341983&quot;:0,&quot;335551550&quot;:0,&quot;335551620&quot;:0,&quot;335559739&quot;:160,&quot;335559740&quot;:259}\">\u00a0<\/span><\/p>\n<p><span data-contrast=\"auto\">A nova liga\u00e7\u00e3o entre as Avenidas 11, com a 22 e a Avenida E tem sido aguardada ansiosamente pela comunidade local, pois ela \u00e9 principal rota de acesso para ao bairro Planalto.<\/span><span data-ccp-props=\"{&quot;201341983&quot;:0,&quot;335551550&quot;:0,&quot;335551620&quot;:0,&quot;335559739&quot;:160,&quot;335559740&quot;:259}\">\u00a0<\/span><\/p>\n<p><span data-contrast=\"auto\">O Secret\u00e1rio de Obras, Ivanor Zorzo, expressou sua satisfa\u00e7\u00e3o com o progresso da obra: &#8220;Estamos muito contentes em anunciar que conclu\u00edmos com sucesso uma etapa fundamental deste projeto que trar\u00e1 enormes benef\u00edcios para a cidade. A liga\u00e7\u00e3o entre a Avenida 22 e a Avenida E ser\u00e1 um importante corredor vi\u00e1rio, facilitando n\u00e3o apenas o tr\u00e1fego, mas tamb\u00e9m o desenvolvimento urban\u00edstico ao redor.&#8221;<\/span><span data-ccp-props=\"{&quot;201341983&quot;:0,&quot;335551550&quot;:0,&quot;335551620&quot;:0,&quot;335559739&quot;:160,&quot;335559740&quot;:259}\">\u00a0<\/span><\/p>\n<p>&nbsp;<\/p>\n<p><img loading=\"lazy\" decoding=\"async\" class=\"aligncenter\" src=\"http:\/\/www.chapadaodosul.ms.gov.br\/admin\/arquivos\/imagem\/Imagem%20do%20WhatsApp%20de%202023-08-28%20%C3%A0(s)%2010.00.21.jpg\" width=\"540\" height=\"960\" \/><\/p>\n<p>*Fotos: Assessoria de Imprensa<\/p>\n","protected":false},"excerpt":{"rendered":"<p>A Prefeitura de Chapad\u00e3o do Sul, atrav\u00e9s da Secret\u00e1ria Municipal de Obras, concluiu a obra de extens\u00e3o e asfaltamento da Avenida 22. \u00a0 Esta nova via ligar\u00e1 se \u00e0 j\u00e1 existente Avenida E passando pela Avenida 22 chegando at\u00e9 a Av 11, contribuindo para o desenvolvimento e melhorando o tr\u00e2nsito da regi\u00e3o, principalmente nos hor\u00e1rios [&hellip;]<\/p>\n","protected":false},"author":5,"featured_media":250201,"comment_status":"closed","ping_status":"closed","sticky":false,"template":"","format":"standard","meta":{"footnotes":""},"categories":[23,41],"tags":[],"class_list":["post-250200","post","type-post","status-publish","format-standard","has-post-thumbnail","hentry","category-chapadao-do-sul","category-destaque"],"_links":{"self":[{"href":"https:\/\/www.ocorreionews.com.br\/acervo-correio\/index.php?rest_route=\/wp\/v2\/posts\/250200","targetHints":{"allow":["GET"]}}],"collection":[{"href":"https:\/\/www.ocorreionews.com.br\/acervo-correio\/index.php?rest_route=\/wp\/v2\/posts"}],"about":[{"href":"https:\/\/www.ocorreionews.com.br\/acervo-correio\/index.php?rest_route=\/wp\/v2\/types\/post"}],"author":[{"embeddable":true,"href":"https:\/\/www.ocorreionews.com.br\/acervo-correio\/index.php?rest_route=\/wp\/v2\/users\/5"}],"replies":[{"embeddable":true,"href":"https:\/\/www.ocorreionews.com.br\/acervo-correio\/index.php?rest_route=%2Fwp%2Fv2%2Fcomments&post=250200"}],"version-history":[{"count":3,"href":"https:\/\/www.ocorreionews.com.br\/acervo-correio\/index.php?rest_route=\/wp\/v2\/posts\/250200\/revisions"}],"predecessor-version":[{"id":250215,"href":"https:\/\/www.ocorreionews.com.br\/acervo-correio\/index.php?rest_route=\/wp\/v2\/posts\/250200\/revisions\/250215"}],"wp:featuredmedia":[{"embeddable":true,"href":"https:\/\/www.ocorreionews.com.br\/acervo-correio\/index.php?rest_route=\/wp\/v2\/media\/250201"}],"wp:attachment":[{"href":"https:\/\/www.ocorreionews.com.br\/acervo-correio\/index.php?rest_route=%2Fwp%2Fv2%2Fmedia&parent=250200"}],"wp:term":[{"taxonomy":"category","embeddable":true,"href":"https:\/\/www.ocorreionews.com.br\/acervo-correio\/index.php?rest_route=%2Fwp%2Fv2%2Fcategories&post=250200"},{"taxonomy":"post_tag","embeddable":true,"href":"https:\/\/www.ocorreionews.com.br\/acervo-correio\/index.php?rest_route=%2Fwp%2Fv2%2Ftags&post=250200"}],"curies":[{"name":"wp","href":"https:\/\/api.w.org\/{rel}","templated":true}]}}